{"id":42130,"date":"2020-10-10T13:57:35","date_gmt":"2020-10-10T11:57:35","guid":{"rendered":"https:\/\/www.burks.de\/burksblog\/?p=42130"},"modified":"2020-10-10T13:57:36","modified_gmt":"2020-10-10T11:57:36","slug":"apokalyptisches","status":"publish","type":"post","link":"https:\/\/www.burks.de\/burksblog\/2020\/10\/10\/apokalyptisches","title":{"rendered":"Apokalyptisches"},"content":{"rendered":"<p><a href=\"https:\/\/www.netflix.com\/de\/title\/81302258#:~:text=Die%20Zivilisation%20steht%20angesichts%20einer,ihre%20Beziehungen%20und%20ihre%20Menschlichkeit.&amp;text=Ansehen%2C%20so%20viel%20Sie%20wollen.\"><img decoding=\"async\" src=\"https:\/\/www.burks.de\/burksblog\/pix\/2020\/10\/101020_3.jpg\" alt=\"Vongozero\" border=\"0\" hspace=\"0\" vspace=\"0\" width=\"480\"\/><\/a><\/p>\n<p>Die Russen haben die ultimative Pandemie-Seite gedreht: <a href=\"https:\/\/www.netflix.com\/de\/title\/81302258#:~:text=Die%20Zivilisation%20steht%20angesichts%20einer,ihre%20Beziehungen%20und%20ihre%20Menschlichkeit.&amp;text=Ansehen%2C%20so%20viel%20Sie%20wollen.\">Vongozero &#8211; Flucht zum See<\/a>. Der Plot stammt aus dem <a href=\"https:\/\/fr.wikipedia.org\/wiki\/Vongozero\">gleichnamigen Roman<\/a> (2011) der russischen Schriftstellerin <a href=\"https:\/\/fr.wikipedia.org\/wiki\/Yana_Vagner\">Yana Wagner<\/a>. (Interessant, dass ihre B\u00fccher bei <a target=\"_blank\" href=\"https:\/\/www.amazon.de\/gp\/search\/ref=as_li_qf_sp_sr_tl?ie=UTF8&amp;tag=burkhardschroder&amp;keywords=\" yana=\"\" rel=\"noopener noreferrer\">Amazon<\/a><img loading=\"lazy\" decoding=\"async\" src=\"\/\/ir-de.amazon-adsystem.com\/e\/ir?t=burkhardschroder&amp;l=ur2&amp;o=3&amp;camp=1638\" width=\"1\" height=\"1\" border=\"0\" alt=\"\" style=\"border:none !important; margin:0px !important;\"\/> erh\u00e4ltlich sind, es aber weder einen deutschen noch englischen Wikipedia-Eintrag \u00fcber sie gibt. Das ist vermutlich eine Empfehlung. Leider gibt es neben den russischen nur englische und franz\u00f6sische Ausgaben der Thriller.)<\/p>\n<p>Genderpolitisch geht es gleich typisch russisch, das hei\u00dft inkorrekt zur Sache. Die Frauen zu Beginn sind unertr\u00e4gliche Zicken, intrigant, boshaft und irrational, so wie kein deutscher Krimi sich trauen w\u00fcrde, das zu beschreiben. Typisch russisch ist auch der Charakter des neureichen Dumpfbacken, der aussieht wie ein dummer Bauernknecht, aber Geld wie Heu hat und sich eine Geliebte h\u00e4lt, die er aus einer Bar weggeholt hat.<\/p>\n<p>Den Hauptdarsteller <a href=\"https:\/\/en.wikipedia.org\/wiki\/Kirill_K%C3%A4ro\">Kirill K\u00e4ro<\/a> (kein deutscher Wikipedia-Eintrag &#8211; er ist Este) kennen wir schon aus <a href=\"https:\/\/en.wikipedia.org\/wiki\/Better_than_Us\">Better than us<\/a>. Seine Rolle in <i>Vongozero<\/i> ist \u00e4hnlich: Er muss die Familie zusammenhalten, und die Frauen, vor allem seine Ex-Frauen, werfen ihm st\u00e4ndig Kn\u00fcppel zwischen die F\u00fc\u00dfe.<\/p>\n<p>Ich habe nur die erste Folge gesehen, aber ich wette, es werden auch weder Schwule noch Lesben auftauchen. Ich wage die Serie zu empfehlen. Der Plot ist interessant, nat\u00fcrlich aktuell, und das Ambiente ist anders als in US-amerikanischen Standard-Produktionen.<\/p>\n<p><a href=\"https:\/\/www.burks.de\/burksblog\/pix\/2020\/10\/101020_2gr.jpg\"><img decoding=\"async\" src=\"https:\/\/www.burks.de\/burksblog\/pix\/2020\/10\/101020_2kl.jpg\" alt=\"debian\" border=\"0\" hspace=\"0\" vspace=\"0\" width=\"480\"\/><\/a><br \/>\n<sup>13.02.2003: Auf meine Rechner kommt Debian.<\/sup><\/p>\n<p>Was haben wir noch? <a href=\"https:\/\/www.heise.de\/news\/Bundesrat-stimmt-Regeln-gegen-Abmahnmissbrauch-zu-4925322.html\">Heise<\/a>: &#8222;Der Bundesrat stimmte einem <a href=\"https:\/\/www.bundesrat.de\/SharedDocs\/drucksachen\/2020\/0501-0600\/529-20.pdf?__blob=publicationFile&amp;v=1\">Gesetz<\/a> zu, dass [sic] unter anderem Massenabmahnungen den Boden entziehen soll.&#8220; &#8211; &#8222;Wenn sich eine Abmahnung als ungerechtfertigt herausstellt oder die n\u00f6tigen Informationen fehlen, k\u00f6nnen Betroffene vom Abmahner eine Erstattung ihrer Kosten fordern. Das soll Massen-Abmahnungen als Gesch\u00e4ftsmodell den Boden entziehen.&#8220; Mal sehen, ob das wirklich hilft, zum Beispiel beim Thema <a href=\"https:\/\/www.anwalt.de\/rechtstipps\/-abmahnung-wegen-verwendung-der-marke-webinar-erhalten_169565.html\">Webinar<\/a>, und ob auch Privatpersonen gesch\u00fctzt werden.<\/p>\n<p>Der <a href=\"https:\/\/www.tagesspiegel.de\/themen\/reportage\/schulbuecher-rufen-zu-terroranschlaegen-auf-wie-deutschland-antisemitismus-mitfinanziert\/26262170.html\">Tagesspiegel<\/a>: &#8222;Wie Deutschland Antisemitismus mitfinanziert. Pal\u00e4stinensische Kinder lernen in ihren B\u00fcchern &#8211; mitbezahlt von Deutschland -, Juden zu hassen.&#8220;<\/p>\n<p>Das korrupte Pack, das sich Autonomiebeh\u00f6rde nennt, kriegt also &#8222;erhebliche Gelder&#8220; der deutschen Steuerzahler, um den Terror gegen Israel schon bei Kindern weltanschaulich zu f\u00f6rdern. die <a href=\"https:\/\/www.welt.de\/politik\/deutschland\/article182271836\/Angriffe-gegen-Israel-Fliesst-deutsches-Geld-an-palaestinensische-Maertyrer-Familien.html\">Welt<\/a> wies schon vor zwei Jahren drauf hin: &#8222;Eine Studie zeigt das <a href=\"https:\/\/de.wikipedia.org\/wiki\/Pal%C3%A4stinensische_Autonomiebeh%C3%B6rde#Geh%C3%A4lter_f%C3%BCr_Terroristen\">System von Zahlungen<\/a> der Pal\u00e4stinensischen Autonomiebeh\u00f6rde an Attent\u00e4ter und deren Familien. Auch Deutschland und die EU zahlen Geld an die Autonomiebeh\u00f6rde.&#8220; \u00c4ndern wird sich nat\u00fcrlich <a href=\"https:\/\/de.wikipedia.org\/wiki\/Pal%C3%A4stinensische_Autonomiebeh%C3%B6rde#cite_note-30\">nichts<\/a>.<\/p>\n<div class=\"pdfprnt-buttons pdfprnt-buttons-post pdfprnt-bottom-right\"><a href=\"https:\/\/www.burks.de\/burksblog\/wp-json\/wp\/v2\/posts\/42130?print=pdf\" class=\"pdfprnt-button pdfprnt-button-pdf\" target=\"_blank\" ><img decoding=\"async\" src=\"https:\/\/www.burks.de\/burksblog\/wp-content\/plugins\/pdf-print\/images\/pdf.png\" alt=\"image_pdf\" title=\"PDF anzeigen\" \/><\/a><a href=\"https:\/\/www.burks.de\/burksblog\/wp-json\/wp\/v2\/posts\/42130?print=print\" class=\"pdfprnt-button pdfprnt-button-print\" target=\"_blank\" ><img decoding=\"async\" src=\"https:\/\/www.burks.de\/burksblog\/wp-content\/plugins\/pdf-print\/images\/print.png\" alt=\"image_print\" title=\"Inhalt drucken\" \/><\/a><\/div><div class=\"twoclick_social_bookmarks_post_42130 social_share_privacy clearfix 1.6.4 locale-de_DE sprite-de_DE\"><\/div><div class=\"twoclick-js\"><script type=\"text\/javascript\">\/* <![CDATA[ *\/\njQuery(document).ready(function($){if($('.twoclick_social_bookmarks_post_42130')){$('.twoclick_social_bookmarks_post_42130').socialSharePrivacy({\"services\":{\"facebook\":{\"status\":\"on\",\"txt_info\":\"2 Klicks f\\u00fcr mehr Datenschutz: Erst wenn Sie hier klicken, wird der Button aktiv und Sie k\\u00f6nnen Ihre Empfehlung an Facebook senden. Schon beim Aktivieren werden Daten an Dritte \\u00fcbertragen - siehe <em>i<\\\/em>.\",\"perma_option\":\"off\",\"action\":\"recommend\",\"language\":\"de_DE\"},\"twitter\":{\"reply_to\":\"\",\"tweet_text\":\"Apokalyptisches%20%C2%BB%20Burks%27%20Blog%20-%20in%20dubio%20pro%20contra.%20De%20omnibus%20dubitandum.\",\"status\":\"on\",\"txt_info\":\"2 Klicks f\\u00fcr mehr Datenschutz: Erst wenn Sie hier klicken, wird der Button aktiv und Sie k\\u00f6nnen Ihre Empfehlung an Twitter senden. Schon beim Aktivieren werden Daten an Dritte \\u00fcbertragen - siehe <em>i<\\\/em>.\",\"perma_option\":\"off\",\"language\":\"de\",\"referrer_track\":\"\"}},\"txt_help\":\"Wenn Sie diese Felder durch einen Klick aktivieren, werden Informationen an Facebook, Twitter, Flattr, Xing, t3n, LinkedIn, Pinterest oder Google eventuell ins Ausland \\u00fcbertragen und unter Umst\\u00e4nden auch dort gespeichert. N\\u00e4heres erfahren Sie durch einen Klick auf das <em>i<\\\/em>.\",\"settings_perma\":\"Dauerhaft aktivieren und Daten\\u00fcber-tragung zustimmen:\",\"info_link\":\"http:\\\/\\\/www.heise.de\\\/ct\\\/artikel\\\/2-Klicks-fuer-mehr-Datenschutz-1333879.html\",\"uri\":\"https:\\\/\\\/www.burks.de\\\/burksblog\\\/2020\\\/10\\\/10\\\/apokalyptisches\",\"post_id\":42130,\"post_title_referrer_track\":\"Apokalyptisches\",\"display_infobox\":\"on\"});}});\n\/* ]]> *\/<\/script><\/div>","protected":false},"excerpt":{"rendered":"<p>Die Russen haben die ultimative Pandemie-Seite gedreht: Vongozero &#8211; Flucht zum See. Der Plot stammt aus dem gleichnamigen Roman (2011) der russischen Schriftstellerin Yana Wagner. (Interessant, dass ihre B\u00fccher bei Amazon erh\u00e4ltlich sind, es aber weder einen deutschen noch englischen Wikipedia-Eintrag \u00fcber sie gibt. Das ist vermutlich eine Empfehlung. Leider gibt es neben den russischen [&hellip;]<\/p>\n","protected":false},"author":1,"featured_media":0,"comment_status":"open","ping_status":"open","sticky":false,"template":"","format":"standard","meta":{"footnotes":""},"categories":[1,15],"tags":[],"class_list":["post-42130","post","type-post","status-publish","format-standard","hentry","category-feuilleton","category-politics"],"_links":{"self":[{"href":"https:\/\/www.burks.de\/burksblog\/wp-json\/wp\/v2\/posts\/42130","targetHints":{"allow":["GET"]}}],"collection":[{"href":"https:\/\/www.burks.de\/burksblog\/wp-json\/wp\/v2\/posts"}],"about":[{"href":"https:\/\/www.burks.de\/burksblog\/wp-json\/wp\/v2\/types\/post"}],"author":[{"embeddable":true,"href":"https:\/\/www.burks.de\/burksblog\/wp-json\/wp\/v2\/users\/1"}],"replies":[{"embeddable":true,"href":"https:\/\/www.burks.de\/burksblog\/wp-json\/wp\/v2\/comments?post=42130"}],"version-history":[{"count":5,"href":"https:\/\/www.burks.de\/burksblog\/wp-json\/wp\/v2\/posts\/42130\/revisions"}],"predecessor-version":[{"id":42135,"href":"https:\/\/www.burks.de\/burksblog\/wp-json\/wp\/v2\/posts\/42130\/revisions\/42135"}],"wp:attachment":[{"href":"https:\/\/www.burks.de\/burksblog\/wp-json\/wp\/v2\/media?parent=42130"}],"wp:term":[{"taxonomy":"category","embeddable":true,"href":"https:\/\/www.burks.de\/burksblog\/wp-json\/wp\/v2\/categories?post=42130"},{"taxonomy":"post_tag","embeddable":true,"href":"https:\/\/www.burks.de\/burksblog\/wp-json\/wp\/v2\/tags?post=42130"}],"curies":[{"name":"wp","href":"https:\/\/api.w.org\/{rel}","templated":true}]}}