{"id":4126,"date":"2009-11-17T19:55:51","date_gmt":"2009-11-17T17:55:51","guid":{"rendered":"http:\/\/www.burks.de\/burksblog\/?p=4126"},"modified":"2009-11-18T13:57:07","modified_gmt":"2009-11-18T11:57:07","slug":"hitler-als-manga-comic","status":"publish","type":"post","link":"https:\/\/www.burks.de\/burksblog\/2009\/11\/17\/hitler-als-manga-comic","title":{"rendered":"Hitler als Manga-Comic [Update]"},"content":{"rendered":"<p><a href=\"http:\/\/globalvoicesonline.org\/2009\/11\/13\/japan-hitlers-mein-kampf-the-manga-version\/\"><img decoding=\"async\" src=\"http:\/\/www.burks.de\/burksblog\/pix\/2009\/11\/171109_3.jpg\" vspace=\"10\" hspace=\"10\" align=\"right\" border=\"0\" alt=\"Hitler\" \/><\/a><\/p>\n<p align=left>Bisher berichten nur <a href=\"http:\/\/www.readers-edition.de\/2009\/11\/14\/japan-hitlers-mein-kampf-die-manga-version\/\">Reader&#8217;s Edition<\/a> und <a href=\"http:\/\/www.spiegel.de\/kultur\/literatur\/0,1518,650632,00.html\">Spiegel Offline<\/a>: &#8222;Mein Kampf&#8220; Adolf Hitlers wird jetzt in Japan als Manga-Comic verkauft. Auch die <a href=\"http:\/\/www.amazon.co.jp\/%E3%82%8F%E3%81%8C%E9%97%98%E4%BA%89-%E3%81%BE%E3%82%93%E3%81%8C%E3%81%A7%E8%AA%AD%E7%A0%B4-%E3%83%92%E3%83%88%E3%83%A9%E3%83%BC\/dp\/4781600115%3FSubscriptionId%3DAKIAIRNYLEHVWKXBWIKA%26tag%3Dhttblogoon00d-22%26linkCode%3Dxm2%26camp%3D2025%26creative%3D165953%26creativeASIN%3D4781600115\">japanische Amazon-Website<\/a> bietet es an. (580 Yen =  4.33 Euro) <\/p>\n<p>Die Meldung stammt vom &#8222;Massen&#8220;-Blog <a href=\"http:\/\/globalvoicesonline.org\/2009\/11\/13\/japan-hitlers-mein-kampf-the-manga-version\/\">Global Voices<\/a> (<i>vgl. Screenshot unten: &#8222;Two scenes from the manga \u6211\u304c\u95d8\u4e89 (Mein Kampf)&#8220;<\/i>. Reader&#8217;s Edition hat den Text dankenswerterweise ins Deutsche \u00fcbersetzt.<\/p>\n<p>&#8222;The 190 page volume, which sold some 45,000 copies in the first printing, tells in a very simple way the story of Adolf Hitler, from his childhood to his rise as the leader of the National Socialist Party.&#8220; Zahlreiche Blog in Japan haben das Thema schon diskutiert. <\/p>\n<p>Ein Beispiel: &#8218;On the other hand, the publishing company argues as reason for such a choice the fact that &#8218;It&#8217;s a famous book but very few people have read it. We think this Manga will provide clues to Hitler both as a human being and also to his way of thinking which led to such tragedy, though he is now dismissed as a \u2018monster'&#8220;.<\/p>\n<p>Falsch ist die These, &#8222;Mein Kampf&#8220; sei in Deutschland &#8222;verboten&#8220;. Ein Blick auf <a href=\"http:\/\/de.wikipedia.org\/wiki\/Mein_Kampf\">Wikipedia<\/a> h\u00e4tte das gekl\u00e4rt: Das Buch darf nicht nachgedruckt werden, weil der bayerische Staat die Urheberrechte besitzt. Eine wissenschaftliche Ausgabe existiert daher nicht.<\/p>\n<p>Das l\u00e4cherlichste Argument gegen das Hitler-Comic: &#8222;The widespread fear that its content might encourage neo-Nazi sentiment&#8220;. Wie sollte das geschehen? Wer durch die Lekt\u00fcre des kruden Machwerks zum Rassisten oder Antisemiten wird, trotz aller Informationen \u00fcber die Fakten, die im Internet abrufbar sind, dem ist ohnehin nicht mehr zu helfen.<\/p>\n<p>Mich erstaunt eher das merkw\u00fcrdige Titelbild: Ausser dem Schnurrbart \u00e4hnelt das Gesicht auf dem Cover Hitler \u00fcberhaupt nicht. Ich w\u00fcrde das Comic aber gern besitzen, um zu untersuchen, wie man politische Inhalte so umsetzen k\u00f6nnte. Der Screenshot unten suggeriert eher eine naive Sicht der Dinge und unterscheidet sich nicht von der \u00c4sthetik Leni Riefenstahls. Falls also eine wohlwollende Leserin oder ein geneigter Leser demn\u00e4chst nach Japan reist: Bitte mir ein Exemplar mitbringen!<\/p>\n<p align=left><a href=\"http:\/\/globalvoicesonline.org\/2009\/11\/13\/japan-hitlers-mein-kampf-the-manga-version\/\"><img decoding=\"async\" src=\"http:\/\/globalvoicesonline.org\/wp-content\/uploads\/2009\/11\/MeinKampf1.jpg\" width=\"480\" border=\"0\" alt=\"Hitler\" \/><\/a><\/p>\n<div class=\"pdfprnt-buttons pdfprnt-buttons-post pdfprnt-bottom-right\"><a href=\"https:\/\/www.burks.de\/burksblog\/wp-json\/wp\/v2\/posts\/4126?print=pdf\" class=\"pdfprnt-button pdfprnt-button-pdf\" target=\"_blank\" ><img decoding=\"async\" src=\"https:\/\/www.burks.de\/burksblog\/wp-content\/plugins\/pdf-print\/images\/pdf.png\" alt=\"image_pdf\" title=\"PDF anzeigen\" \/><\/a><a href=\"https:\/\/www.burks.de\/burksblog\/wp-json\/wp\/v2\/posts\/4126?print=print\" class=\"pdfprnt-button pdfprnt-button-print\" target=\"_blank\" ><img decoding=\"async\" src=\"https:\/\/www.burks.de\/burksblog\/wp-content\/plugins\/pdf-print\/images\/print.png\" alt=\"image_print\" title=\"Inhalt drucken\" \/><\/a><\/div><div class=\"twoclick_social_bookmarks_post_4126 social_share_privacy clearfix 1.6.4 locale-de_DE sprite-de_DE\"><\/div><div class=\"twoclick-js\"><script type=\"text\/javascript\">\/* <![CDATA[ *\/\njQuery(document).ready(function($){if($('.twoclick_social_bookmarks_post_4126')){$('.twoclick_social_bookmarks_post_4126').socialSharePrivacy({\"services\":{\"facebook\":{\"status\":\"on\",\"txt_info\":\"2 Klicks f\\u00fcr mehr Datenschutz: Erst wenn Sie hier klicken, wird der Button aktiv und Sie k\\u00f6nnen Ihre Empfehlung an Facebook senden. Schon beim Aktivieren werden Daten an Dritte \\u00fcbertragen - siehe <em>i<\\\/em>.\",\"perma_option\":\"off\",\"action\":\"recommend\",\"language\":\"de_DE\"},\"twitter\":{\"reply_to\":\"\",\"tweet_text\":\"%20Hitler%20als%20Manga-Comic%20%5BUpdate%5D%20%C2%BB%20Burks%27%20Blog%20-%20in%20dubio%20pro%20contra.%20De%20...\",\"status\":\"on\",\"txt_info\":\"2 Klicks f\\u00fcr mehr Datenschutz: Erst wenn Sie hier klicken, wird der Button aktiv und Sie k\\u00f6nnen Ihre Empfehlung an Twitter senden. Schon beim Aktivieren werden Daten an Dritte \\u00fcbertragen - siehe <em>i<\\\/em>.\",\"perma_option\":\"off\",\"language\":\"de\",\"referrer_track\":\"\"}},\"txt_help\":\"Wenn Sie diese Felder durch einen Klick aktivieren, werden Informationen an Facebook, Twitter, Flattr, Xing, t3n, LinkedIn, Pinterest oder Google eventuell ins Ausland \\u00fcbertragen und unter Umst\\u00e4nden auch dort gespeichert. N\\u00e4heres erfahren Sie durch einen Klick auf das <em>i<\\\/em>.\",\"settings_perma\":\"Dauerhaft aktivieren und Daten\\u00fcber-tragung zustimmen:\",\"info_link\":\"http:\\\/\\\/www.heise.de\\\/ct\\\/artikel\\\/2-Klicks-fuer-mehr-Datenschutz-1333879.html\",\"uri\":\"https:\\\/\\\/www.burks.de\\\/burksblog\\\/2009\\\/11\\\/17\\\/hitler-als-manga-comic\",\"post_id\":4126,\"post_title_referrer_track\":\"Hitler+als+Manga-Comic+%5BUpdate%5D\",\"display_infobox\":\"on\"});}});\n\/* ]]> *\/<\/script><\/div>","protected":false},"excerpt":{"rendered":"<p>Bisher berichten nur Reader&#8217;s Edition und Spiegel Offline: &#8222;Mein Kampf&#8220; Adolf Hitlers wird jetzt in Japan als Manga-Comic verkauft. Auch die japanische Amazon-Website bietet es an. (580 Yen = 4.33 Euro) Die Meldung stammt vom &#8222;Massen&#8220;-Blog Global Voices (vgl. Screenshot unten: &#8222;Two scenes from the manga \u6211\u304c\u95d8\u4e89 (Mein Kampf)&#8220;. Reader&#8217;s Edition hat den Text dankenswerterweise [&hellip;]<\/p>\n","protected":false},"author":1,"featured_media":0,"comment_status":"open","ping_status":"open","sticky":false,"template":"","format":"standard","meta":{"footnotes":""},"categories":[1,15],"tags":[],"class_list":["post-4126","post","type-post","status-publish","format-standard","hentry","category-feuilleton","category-politics"],"_links":{"self":[{"href":"https:\/\/www.burks.de\/burksblog\/wp-json\/wp\/v2\/posts\/4126","targetHints":{"allow":["GET"]}}],"collection":[{"href":"https:\/\/www.burks.de\/burksblog\/wp-json\/wp\/v2\/posts"}],"about":[{"href":"https:\/\/www.burks.de\/burksblog\/wp-json\/wp\/v2\/types\/post"}],"author":[{"embeddable":true,"href":"https:\/\/www.burks.de\/burksblog\/wp-json\/wp\/v2\/users\/1"}],"replies":[{"embeddable":true,"href":"https:\/\/www.burks.de\/burksblog\/wp-json\/wp\/v2\/comments?post=4126"}],"version-history":[{"count":12,"href":"https:\/\/www.burks.de\/burksblog\/wp-json\/wp\/v2\/posts\/4126\/revisions"}],"predecessor-version":[{"id":4147,"href":"https:\/\/www.burks.de\/burksblog\/wp-json\/wp\/v2\/posts\/4126\/revisions\/4147"}],"wp:attachment":[{"href":"https:\/\/www.burks.de\/burksblog\/wp-json\/wp\/v2\/media?parent=4126"}],"wp:term":[{"taxonomy":"category","embeddable":true,"href":"https:\/\/www.burks.de\/burksblog\/wp-json\/wp\/v2\/categories?post=4126"},{"taxonomy":"post_tag","embeddable":true,"href":"https:\/\/www.burks.de\/burksblog\/wp-json\/wp\/v2\/tags?post=4126"}],"curies":[{"name":"wp","href":"https:\/\/api.w.org\/{rel}","templated":true}]}}