{"id":4123,"date":"2009-11-17T13:46:39","date_gmt":"2009-11-17T11:46:39","guid":{"rendered":"http:\/\/www.burks.de\/burksblog\/?p=4123"},"modified":"2016-11-16T21:56:13","modified_gmt":"2016-11-16T20:56:13","slug":"die-bildschone-leiche-heisst-hadar-ratzon","status":"publish","type":"post","link":"https:\/\/www.burks.de\/burksblog\/2009\/11\/17\/die-bildschone-leiche-heisst-hadar-ratzon","title":{"rendered":"Die bildsch\u00f6ne Leiche heisst Hadar Ratzon"},"content":{"rendered":"<p><a href=\"http:\/\/www.perrykafri.com\/eng\/index.php?option=com_content&#038;task=view&#038;id=397&#038;Itemid=6\"><img decoding=\"async\" src=\"http:\/\/www.burks.de\/burksblog\/pix\/2009\/11\/171109_1.jpg\" border=\"0\" alt=\"Hadar Ratzon\" \/><\/a><\/p>\n<p align=left><i>Foto: Perry Kafri &#8211; Actors Agency<\/i><\/p>\n<p align=left>Gestern twitterte ich beim <a href=\"http:\/\/www.zdf.de\/ZDFde\/inhalt\/16\/0,1872,7915344,00.html\">Fernsehgucken<\/a>: &#8222;<a href=\"http:\/\/en.wikipedia.org\/wiki\/Heiner_Lauterbach\">Heiner Lauterbach<\/a> als Kommissar in Jerusalem ist wie <a href=\"http:\/\/en.wikipedia.org\/wiki\/Moshe_Dayan\">Mosche Dayan<\/a> als Bundeswehrgeneral. Wer ist die sch\u00f6ne Tote?&#8220;<\/p>\n<p>&#8222;Die Seele eines M\u00f6rders&#8220; war der &#8222;Fernsehfilm der Woche&#8220; vom ZDF &#8211; nach dem <a href=\"http:\/\/www.krimi-couch.de\/krimis\/batya-gur-denn-die-seele-ist-in-deiner-hand.html\">Roman<\/a> &#8222;Denn die Seele ist in deiner Hand&#8220; von <a href=\"http:\/\/en.wikipedia.org\/wiki\/Batya_Gur\">Batya Gur<\/a>. Ein Krimi, der in Israel spielt, und israelische Schauspieler f\u00fcr die Nebenrollen, f\u00fcr die Hauptrollen Deutsche. Na ja, \u00fcber Geschmack l\u00e4sst sich bekanntlich streiten.<\/p>\n<p>Auf die Gefahr hin, das Publikum mit einem <i>running gag<\/i> zu langweilen: Wer glaubt, auf der <a href=\"http:\/\/www.zdf.de\/ZDFde\/inhalt\/16\/0,1872,7915344,00.html\">Website des ZDF zum Film<\/a> auch nur einen einzigen externen Link zu finden, der irrt. Man erf\u00e4hrt nur wenig \u00fcber die B\u00fccher Batya Gurs (&#8222;Bis zu ihrem Tod 2005 schrieb sie sechs Jerusalem-Krimis&#8220;) und auch nichts dar\u00fcber, wer die atemberaubend sch\u00f6ne Frau ist, die gleich zu Anfang umgebracht wird. Deutscher &#8222;Online&#8220;-Journalismus at its best eben.<\/p>\n<p>Also musste ich kurz recherchieren. Das erste Ergebnis war zwar auch eine <a href=\"http:\/\/frgdr.com\/blog\/wp-content\/gallery\/2008\/hadar_ratzon_rendition_frame.jpg\">umwerfend sch\u00f6ne Frau<\/a>, aber das ist in Wahrheit <a href=\"http:\/\/www.zimbio.com\/pictures\/ntOkaxbThO7\/TIFF+2007+Rendition+World+Premiere\/G1RbM03BjYE\/Zineb+Oukach\">Zineb Oukach<\/a> &#8211; das Foto ist falsch benannt. <\/p>\n<p>Nach ein paar Minuten hatte ich dann, was ich wollte &#8211; die Frau, f\u00fcr die ich vielleicht sogar <a href=\"http:\/\/www.burks.de\/burksblog\/2009\/08\/03\/superscharfe-braut-mag-auch-frauen\">Megan Fox<\/a> von der Bettkante sto\u00dfen w\u00fcrde. Sie heisst <a href=\"http:\/\/www.haaretz.com\/israel-news\/prisoners-of-war-is-the-most-amazing-thing-that-has-ever-happened-to-me.premium-1.471005\">Hadar Ratzon Rotem<\/a> (zuerst wusste ich nicht, was der Vor- und was der Nachname ist) und ist eine israelische Schauspielerin. &#8222;Languages: Hebrew, English, Arabic&#8220;. <\/p>\n<p>Ich schreibe bewusst &#8222;israelische&#8220; und nicht &#8222;j\u00fcdisch&#8220; &#8211; sie k\u00f6nnte auch arabischer Herkunft sein. Ein F\u00fcnftel aller Staatsb\u00fcrger Israels sind <a href=\"http:\/\/de.wikipedia.org\/wiki\/Israelische_Araber\">keine Juden<\/a>. H\u00e4tten Sie&#8217;s gewusst? Ist doch nett, wenn man am Beispiel einer sch\u00f6nen Frau etwas lernt&#8230;<\/p>\n<div class=\"pdfprnt-buttons pdfprnt-buttons-post pdfprnt-bottom-right\"><a href=\"https:\/\/www.burks.de\/burksblog\/wp-json\/wp\/v2\/posts\/4123?print=pdf\" class=\"pdfprnt-button pdfprnt-button-pdf\" target=\"_blank\" ><img decoding=\"async\" src=\"https:\/\/www.burks.de\/burksblog\/wp-content\/plugins\/pdf-print\/images\/pdf.png\" alt=\"image_pdf\" title=\"PDF anzeigen\" \/><\/a><a href=\"https:\/\/www.burks.de\/burksblog\/wp-json\/wp\/v2\/posts\/4123?print=print\" class=\"pdfprnt-button pdfprnt-button-print\" target=\"_blank\" ><img decoding=\"async\" src=\"https:\/\/www.burks.de\/burksblog\/wp-content\/plugins\/pdf-print\/images\/print.png\" alt=\"image_print\" title=\"Inhalt drucken\" \/><\/a><\/div><div class=\"twoclick_social_bookmarks_post_4123 social_share_privacy clearfix 1.6.4 locale-de_DE sprite-de_DE\"><\/div><div class=\"twoclick-js\"><script type=\"text\/javascript\">\/* <![CDATA[ *\/\njQuery(document).ready(function($){if($('.twoclick_social_bookmarks_post_4123')){$('.twoclick_social_bookmarks_post_4123').socialSharePrivacy({\"services\":{\"facebook\":{\"status\":\"on\",\"txt_info\":\"2 Klicks f\\u00fcr mehr Datenschutz: Erst wenn Sie hier klicken, wird der Button aktiv und Sie k\\u00f6nnen Ihre Empfehlung an Facebook senden. Schon beim Aktivieren werden Daten an Dritte \\u00fcbertragen - siehe <em>i<\\\/em>.\",\"perma_option\":\"off\",\"action\":\"recommend\",\"language\":\"de_DE\"},\"twitter\":{\"reply_to\":\"\",\"tweet_text\":\"%20Die%20bildsch%C3%B6ne%20Leiche%20heisst%20Hadar%20Ratzon%20%C2%BB%20Burks%27%20Blog%20-%20in%20dubio%20pro%20...\",\"status\":\"on\",\"txt_info\":\"2 Klicks f\\u00fcr mehr Datenschutz: Erst wenn Sie hier klicken, wird der Button aktiv und Sie k\\u00f6nnen Ihre Empfehlung an Twitter senden. Schon beim Aktivieren werden Daten an Dritte \\u00fcbertragen - siehe <em>i<\\\/em>.\",\"perma_option\":\"off\",\"language\":\"de\",\"referrer_track\":\"\"}},\"txt_help\":\"Wenn Sie diese Felder durch einen Klick aktivieren, werden Informationen an Facebook, Twitter, Flattr, Xing, t3n, LinkedIn, Pinterest oder Google eventuell ins Ausland \\u00fcbertragen und unter Umst\\u00e4nden auch dort gespeichert. N\\u00e4heres erfahren Sie durch einen Klick auf das <em>i<\\\/em>.\",\"settings_perma\":\"Dauerhaft aktivieren und Daten\\u00fcber-tragung zustimmen:\",\"info_link\":\"http:\\\/\\\/www.heise.de\\\/ct\\\/artikel\\\/2-Klicks-fuer-mehr-Datenschutz-1333879.html\",\"uri\":\"https:\\\/\\\/www.burks.de\\\/burksblog\\\/2009\\\/11\\\/17\\\/die-bildschone-leiche-heisst-hadar-ratzon\",\"post_id\":4123,\"post_title_referrer_track\":\"Die+bildsch%C3%B6ne+Leiche+heisst+Hadar+Ratzon\",\"display_infobox\":\"on\"});}});\n\/* ]]> *\/<\/script><\/div>","protected":false},"excerpt":{"rendered":"<p>Foto: Perry Kafri &#8211; Actors Agency Gestern twitterte ich beim Fernsehgucken: &#8222;Heiner Lauterbach als Kommissar in Jerusalem ist wie Mosche Dayan als Bundeswehrgeneral. Wer ist die sch\u00f6ne Tote?&#8220; &#8222;Die Seele eines M\u00f6rders&#8220; war der &#8222;Fernsehfilm der Woche&#8220; vom ZDF &#8211; nach dem Roman &#8222;Denn die Seele ist in deiner Hand&#8220; von Batya Gur. Ein Krimi, [&hellip;]<\/p>\n","protected":false},"author":1,"featured_media":0,"comment_status":"open","ping_status":"open","sticky":false,"template":"","format":"standard","meta":{"footnotes":""},"categories":[1,16],"tags":[],"class_list":["post-4123","post","type-post","status-publish","format-standard","hentry","category-feuilleton","category-panorama"],"_links":{"self":[{"href":"https:\/\/www.burks.de\/burksblog\/wp-json\/wp\/v2\/posts\/4123","targetHints":{"allow":["GET"]}}],"collection":[{"href":"https:\/\/www.burks.de\/burksblog\/wp-json\/wp\/v2\/posts"}],"about":[{"href":"https:\/\/www.burks.de\/burksblog\/wp-json\/wp\/v2\/types\/post"}],"author":[{"embeddable":true,"href":"https:\/\/www.burks.de\/burksblog\/wp-json\/wp\/v2\/users\/1"}],"replies":[{"embeddable":true,"href":"https:\/\/www.burks.de\/burksblog\/wp-json\/wp\/v2\/comments?post=4123"}],"version-history":[{"count":4,"href":"https:\/\/www.burks.de\/burksblog\/wp-json\/wp\/v2\/posts\/4123\/revisions"}],"predecessor-version":[{"id":31029,"href":"https:\/\/www.burks.de\/burksblog\/wp-json\/wp\/v2\/posts\/4123\/revisions\/31029"}],"wp:attachment":[{"href":"https:\/\/www.burks.de\/burksblog\/wp-json\/wp\/v2\/media?parent=4123"}],"wp:term":[{"taxonomy":"category","embeddable":true,"href":"https:\/\/www.burks.de\/burksblog\/wp-json\/wp\/v2\/categories?post=4123"},{"taxonomy":"post_tag","embeddable":true,"href":"https:\/\/www.burks.de\/burksblog\/wp-json\/wp\/v2\/tags?post=4123"}],"curies":[{"name":"wp","href":"https:\/\/api.w.org\/{rel}","templated":true}]}}