{"id":40404,"date":"2020-05-26T16:39:46","date_gmt":"2020-05-26T14:39:46","guid":{"rendered":"https:\/\/www.burks.de\/burksblog\/?p=40404"},"modified":"2020-05-27T14:11:12","modified_gmt":"2020-05-27T12:11:12","slug":"bildhaft","status":"publish","type":"post","link":"https:\/\/www.burks.de\/burksblog\/2020\/05\/26\/bildhaft","title":{"rendered":"Bildhaft [Update]"},"content":{"rendered":"<p>Kurze Durchsage meinerseits: Der Satz &#8222;die BILD l\u00fcgt&#8220; ist falsch und irref\u00fchrend. Richtig m\u00fcsste er lauten: &#8222;Die BILD l\u00fcgt oft mehr als andere Medien. Sie l\u00fcgt meistens weniger als die Yellow Press&#8220;.<\/p>\n<p>Ich sp\u00fcre hinter dem &#8222;Bild&#8220;-Bashing die Arroganz von Leuten aus der Mittelschicht, die die so genannten &#8222;kleinen Leute&#8220; verachten, weil diese angeblich Boulevard-Medien konsumierten statt das Feuilleton der &#8222;Zeit&#8220; oder den Wirtschaftsteil der &#8222;FAZ&#8220;.<\/p>\n<p>[Update] Einer der <a href=\"https:\/\/www.spiegel.de\/wissenschaft\/medizin\/bild-artikel-ueber-den-virologen-drosten-ich-will-nicht-teil-einer-kampagne-sein-a-a849dfa2-9222-43c7-9321-0a8bdee3bb4a\">Kronzeugen<\/a> der BILD-Zeitung: &#8222;Ich hatte keinen Kontakt zu &#8222;Bild&#8220;&#8220;. Har har.<\/p>\n<p>Ich erinnere an mein <a href=\"https:\/\/www.burks.de\/burksblog\/2016\/06\/16\/gib-ihnen-saure\">Scharm\u00fctzel<\/a> mit der &#8222;Bild-Zeitung in Gestalt ihres \u201cinvestigativen\u201d Reporters\u201d Hans-Wilhelm Saure&#8220;. Nat\u00fcrlich wird in der Branche mit harten Bandagen gek\u00e4mpft und nicht immer mit moralisch hochwertigen Mitteln. Dagegen habe ich nichts. Wer austeilt (wie ich), der muss auch einstecken k\u00f6nnen. Ich habe es immer so gehalten: Wer mich anp\u00f6belt, den p\u00f6bele ich noch heftiger zur\u00fcck. Der Volksmund sagt dazu: Auf einen groben Klotz geh\u00f6rt ein grober Keil. Oder noch besser: Auf einen Schelmen anderthalbe setzen (stammt \u00fcbrigens von <a href=\"https:\/\/www.redensarten-index.de\/suche.php?suchbegriff=~~auf%20einen%20Schelmen%20anderthalbe%20setzen&amp;bool=relevanz&amp;gawoe=an&amp;sp0=rart_ou&amp;sp1=rart_varianten_ou\">Goethe<\/a>.)<\/p>\n<p>Aber wenn es unprofessionell wird und einfache Standards nicht eingehalten werden (<i>audiatur et altera pars<\/i>), dann kann man alles in die Tonne treten.<\/p>\n<div class=\"pdfprnt-buttons pdfprnt-buttons-post pdfprnt-bottom-right\"><a href=\"https:\/\/www.burks.de\/burksblog\/wp-json\/wp\/v2\/posts\/40404?print=pdf\" class=\"pdfprnt-button pdfprnt-button-pdf\" target=\"_blank\" ><img decoding=\"async\" src=\"https:\/\/www.burks.de\/burksblog\/wp-content\/plugins\/pdf-print\/images\/pdf.png\" alt=\"image_pdf\" title=\"PDF anzeigen\" \/><\/a><a href=\"https:\/\/www.burks.de\/burksblog\/wp-json\/wp\/v2\/posts\/40404?print=print\" class=\"pdfprnt-button pdfprnt-button-print\" target=\"_blank\" ><img decoding=\"async\" src=\"https:\/\/www.burks.de\/burksblog\/wp-content\/plugins\/pdf-print\/images\/print.png\" alt=\"image_print\" title=\"Inhalt drucken\" \/><\/a><\/div><div class=\"twoclick_social_bookmarks_post_40404 social_share_privacy clearfix 1.6.4 locale-de_DE sprite-de_DE\"><\/div><div class=\"twoclick-js\"><script type=\"text\/javascript\">\/* <![CDATA[ *\/\njQuery(document).ready(function($){if($('.twoclick_social_bookmarks_post_40404')){$('.twoclick_social_bookmarks_post_40404').socialSharePrivacy({\"services\":{\"facebook\":{\"status\":\"on\",\"txt_info\":\"2 Klicks f\\u00fcr mehr Datenschutz: Erst wenn Sie hier klicken, wird der Button aktiv und Sie k\\u00f6nnen Ihre Empfehlung an Facebook senden. Schon beim Aktivieren werden Daten an Dritte \\u00fcbertragen - siehe <em>i<\\\/em>.\",\"perma_option\":\"off\",\"action\":\"recommend\",\"language\":\"de_DE\"},\"twitter\":{\"reply_to\":\"\",\"tweet_text\":\"Bildhaft%20%5BUpdate%5D%20%C2%BB%20Burks%27%20Blog%20-%20in%20dubio%20pro%20contra.%20De%20omnibus%20dubitandum.\",\"status\":\"on\",\"txt_info\":\"2 Klicks f\\u00fcr mehr Datenschutz: Erst wenn Sie hier klicken, wird der Button aktiv und Sie k\\u00f6nnen Ihre Empfehlung an Twitter senden. Schon beim Aktivieren werden Daten an Dritte \\u00fcbertragen - siehe <em>i<\\\/em>.\",\"perma_option\":\"off\",\"language\":\"de\",\"referrer_track\":\"\"}},\"txt_help\":\"Wenn Sie diese Felder durch einen Klick aktivieren, werden Informationen an Facebook, Twitter, Flattr, Xing, t3n, LinkedIn, Pinterest oder Google eventuell ins Ausland \\u00fcbertragen und unter Umst\\u00e4nden auch dort gespeichert. N\\u00e4heres erfahren Sie durch einen Klick auf das <em>i<\\\/em>.\",\"settings_perma\":\"Dauerhaft aktivieren und Daten\\u00fcber-tragung zustimmen:\",\"info_link\":\"http:\\\/\\\/www.heise.de\\\/ct\\\/artikel\\\/2-Klicks-fuer-mehr-Datenschutz-1333879.html\",\"uri\":\"https:\\\/\\\/www.burks.de\\\/burksblog\\\/2020\\\/05\\\/26\\\/bildhaft\",\"post_id\":40404,\"post_title_referrer_track\":\"Bildhaft+%5BUpdate%5D\",\"display_infobox\":\"on\"});}});\n\/* ]]> *\/<\/script><\/div>","protected":false},"excerpt":{"rendered":"<p>Kurze Durchsage meinerseits: Der Satz &#8222;die BILD l\u00fcgt&#8220; ist falsch und irref\u00fchrend. Richtig m\u00fcsste er lauten: &#8222;Die BILD l\u00fcgt oft mehr als andere Medien. Sie l\u00fcgt meistens weniger als die Yellow Press&#8220;. Ich sp\u00fcre hinter dem &#8222;Bild&#8220;-Bashing die Arroganz von Leuten aus der Mittelschicht, die die so genannten &#8222;kleinen Leute&#8220; verachten, weil diese angeblich Boulevard-Medien [&hellip;]<\/p>\n","protected":false},"author":1,"featured_media":0,"comment_status":"open","ping_status":"open","sticky":false,"template":"","format":"standard","meta":{"footnotes":""},"categories":[23],"tags":[],"class_list":["post-40404","post","type-post","status-publish","format-standard","hentry","category-media"],"_links":{"self":[{"href":"https:\/\/www.burks.de\/burksblog\/wp-json\/wp\/v2\/posts\/40404","targetHints":{"allow":["GET"]}}],"collection":[{"href":"https:\/\/www.burks.de\/burksblog\/wp-json\/wp\/v2\/posts"}],"about":[{"href":"https:\/\/www.burks.de\/burksblog\/wp-json\/wp\/v2\/types\/post"}],"author":[{"embeddable":true,"href":"https:\/\/www.burks.de\/burksblog\/wp-json\/wp\/v2\/users\/1"}],"replies":[{"embeddable":true,"href":"https:\/\/www.burks.de\/burksblog\/wp-json\/wp\/v2\/comments?post=40404"}],"version-history":[{"count":10,"href":"https:\/\/www.burks.de\/burksblog\/wp-json\/wp\/v2\/posts\/40404\/revisions"}],"predecessor-version":[{"id":40416,"href":"https:\/\/www.burks.de\/burksblog\/wp-json\/wp\/v2\/posts\/40404\/revisions\/40416"}],"wp:attachment":[{"href":"https:\/\/www.burks.de\/burksblog\/wp-json\/wp\/v2\/media?parent=40404"}],"wp:term":[{"taxonomy":"category","embeddable":true,"href":"https:\/\/www.burks.de\/burksblog\/wp-json\/wp\/v2\/categories?post=40404"},{"taxonomy":"post_tag","embeddable":true,"href":"https:\/\/www.burks.de\/burksblog\/wp-json\/wp\/v2\/tags?post=40404"}],"curies":[{"name":"wp","href":"https:\/\/api.w.org\/{rel}","templated":true}]}}