{"id":3854,"date":"2009-11-02T13:39:00","date_gmt":"2009-11-02T11:39:00","guid":{"rendered":"http:\/\/www.burks.de\/burksblog\/?p=3854"},"modified":"2009-11-02T13:54:07","modified_gmt":"2009-11-02T11:54:07","slug":"censoren","status":"publish","type":"post","link":"https:\/\/www.burks.de\/burksblog\/2009\/11\/02\/censoren","title":{"rendered":"Censoren und Geistesriesen"},"content":{"rendered":"<p>&#8222;Kein Kopf war vor ihm sicher. Ja, manchen Sch\u00e4del hat er sogar aus \u00dcbermut heruntergeschlagen, und dann war er dabei noch so boshaft, ihn vom Boden aufzuhaben und dem Publikum zu zeigen, da\u00df er inwendig hohl war.&#8220; <\/p>\n<p>Sagt das irgendjemand \u00fcber <a href=\"http:\/\/en.wikipedia.org\/wiki\/Henryk_Broder\">Henryk Modest Broder<\/a>? Nein, das sagt <a href=\"http:\/\/de.wikipedia.org\/wiki\/Heinrich_Heine\">Christian Johann Heinrich Heine<\/a> \u00fcber <a href=\"http:\/\/de.wikipedia.org\/wiki\/Lessing\">Gotthold Ephraim Lessing<\/a>. <\/p>\n<p>An die lahmarschige junge Blogger-Generation: Der Frankfurter <a href=\"http:\/\/de.wikipedia.org\/wiki\/Bundestag_%28Deutscher_Bund%29\">Bundestag<\/a> verbot 1835 die literarische Gruppe &#8222;<a href=\"http:\/\/de.wikipedia.org\/wiki\/Junges_Deutschland_%28Literatur%29\">Junges Deutschland<\/a>&#8222;, zu der auch Heine geh\u00f6rte, aus folgendem Grund: Die Mitglieder dieser Gruppe zielten darauf ab, &#8222;in belletristischen, f\u00fcr alle Classen von Lesern zug\u00e4nglichen Schriften die christliche Religion auf die frechste Weise anzugreifen, die bestehenden socialen Verh\u00e4ltnisse herabzuw\u00fcrdigen und alle Zucht und Sittlichkeit zu zerst\u00f6ren&#8220;. Nehmt Euch ein Beispiel an denen! Die Censoren von damals leben immer noch!<\/p>\n<p>Heine im <a href=\"http:\/\/de.wikipedia.org\/wiki\/Deutschland._Ein_Winterm%C3%A4rchen\">Winterm\u00e4rchen<\/a> \u00fcber den Koalitionsvertrag 2009:<br \/>\nSie sang das alte Entsagungslied,<br \/>\nDas Eiapopeia vom Himmel,<br \/>\nWomit man einlullt, wenn es greint,<br \/>\nDas Volk, den gro\u00dfen L\u00fcmmel.<\/p>\n<p>Heine geh\u00f6rt zu den Dichtern, die ich nur von unten ansehe: Sie sind Geistesriesen. Heine steht in meinem privaten atheistischen G\u00f6tterpantheon, der g\u00e4hnend leer ist, gleich neben <a href=\"http:\/\/de.wikipedia.org\/wiki\/Georg_Christoph_Lichtenberg\">Georg Christoph Lichtenberg<\/a>. Nimm dies, Focus-<a href=\"http:\/\/www.burks.de\/burksblog\/2009\/10\/29\/weimer-ist-kein-ehrenmann-und-wird-focus-chef\">Weimer<\/a>: &#8222;Unsere Welt wird noch so fein werden, da\u00df es so l\u00e4cherlich sein wird, einen Gott zu glauben als heutzutage Gespenster.&#8220;<\/p>\n<div class=\"pdfprnt-buttons pdfprnt-buttons-post pdfprnt-bottom-right\"><a href=\"https:\/\/www.burks.de\/burksblog\/wp-json\/wp\/v2\/posts\/3854?print=pdf\" class=\"pdfprnt-button pdfprnt-button-pdf\" target=\"_blank\" ><img decoding=\"async\" src=\"https:\/\/www.burks.de\/burksblog\/wp-content\/plugins\/pdf-print\/images\/pdf.png\" alt=\"image_pdf\" title=\"PDF anzeigen\" \/><\/a><a href=\"https:\/\/www.burks.de\/burksblog\/wp-json\/wp\/v2\/posts\/3854?print=print\" class=\"pdfprnt-button pdfprnt-button-print\" target=\"_blank\" ><img decoding=\"async\" src=\"https:\/\/www.burks.de\/burksblog\/wp-content\/plugins\/pdf-print\/images\/print.png\" alt=\"image_print\" title=\"Inhalt drucken\" \/><\/a><\/div><div class=\"twoclick_social_bookmarks_post_3854 social_share_privacy clearfix 1.6.4 locale-de_DE sprite-de_DE\"><\/div><div class=\"twoclick-js\"><script type=\"text\/javascript\">\/* <![CDATA[ *\/\njQuery(document).ready(function($){if($('.twoclick_social_bookmarks_post_3854')){$('.twoclick_social_bookmarks_post_3854').socialSharePrivacy({\"services\":{\"facebook\":{\"status\":\"on\",\"txt_info\":\"2 Klicks f\\u00fcr mehr Datenschutz: Erst wenn Sie hier klicken, wird der Button aktiv und Sie k\\u00f6nnen Ihre Empfehlung an Facebook senden. Schon beim Aktivieren werden Daten an Dritte \\u00fcbertragen - siehe <em>i<\\\/em>.\",\"perma_option\":\"off\",\"action\":\"recommend\",\"language\":\"de_DE\"},\"twitter\":{\"reply_to\":\"\",\"tweet_text\":\"%20Censoren%20und%20Geistesriesen%20%C2%BB%20Burks%27%20Blog%20-%20in%20dubio%20pro%20contra.%20De%20omnibus%20...\",\"status\":\"on\",\"txt_info\":\"2 Klicks f\\u00fcr mehr Datenschutz: Erst wenn Sie hier klicken, wird der Button aktiv und Sie k\\u00f6nnen Ihre Empfehlung an Twitter senden. Schon beim Aktivieren werden Daten an Dritte \\u00fcbertragen - siehe <em>i<\\\/em>.\",\"perma_option\":\"off\",\"language\":\"de\",\"referrer_track\":\"\"}},\"txt_help\":\"Wenn Sie diese Felder durch einen Klick aktivieren, werden Informationen an Facebook, Twitter, Flattr, Xing, t3n, LinkedIn, Pinterest oder Google eventuell ins Ausland \\u00fcbertragen und unter Umst\\u00e4nden auch dort gespeichert. N\\u00e4heres erfahren Sie durch einen Klick auf das <em>i<\\\/em>.\",\"settings_perma\":\"Dauerhaft aktivieren und Daten\\u00fcber-tragung zustimmen:\",\"info_link\":\"http:\\\/\\\/www.heise.de\\\/ct\\\/artikel\\\/2-Klicks-fuer-mehr-Datenschutz-1333879.html\",\"uri\":\"https:\\\/\\\/www.burks.de\\\/burksblog\\\/2009\\\/11\\\/02\\\/censoren\",\"post_id\":3854,\"post_title_referrer_track\":\"Censoren+und+Geistesriesen\",\"display_infobox\":\"on\"});}});\n\/* ]]> *\/<\/script><\/div>","protected":false},"excerpt":{"rendered":"<p>&#8222;Kein Kopf war vor ihm sicher. Ja, manchen Sch\u00e4del hat er sogar aus \u00dcbermut heruntergeschlagen, und dann war er dabei noch so boshaft, ihn vom Boden aufzuhaben und dem Publikum zu zeigen, da\u00df er inwendig hohl war.&#8220; Sagt das irgendjemand \u00fcber Henryk Modest Broder? Nein, das sagt Christian Johann Heinrich Heine \u00fcber Gotthold Ephraim Lessing. [&hellip;]<\/p>\n","protected":false},"author":1,"featured_media":0,"comment_status":"open","ping_status":"open","sticky":false,"template":"","format":"standard","meta":{"footnotes":""},"categories":[1,292],"tags":[],"class_list":["post-3854","post","type-post","status-publish","format-standard","hentry","category-feuilleton","category-zitate-die-man-sich-merken-sollte"],"_links":{"self":[{"href":"https:\/\/www.burks.de\/burksblog\/wp-json\/wp\/v2\/posts\/3854","targetHints":{"allow":["GET"]}}],"collection":[{"href":"https:\/\/www.burks.de\/burksblog\/wp-json\/wp\/v2\/posts"}],"about":[{"href":"https:\/\/www.burks.de\/burksblog\/wp-json\/wp\/v2\/types\/post"}],"author":[{"embeddable":true,"href":"https:\/\/www.burks.de\/burksblog\/wp-json\/wp\/v2\/users\/1"}],"replies":[{"embeddable":true,"href":"https:\/\/www.burks.de\/burksblog\/wp-json\/wp\/v2\/comments?post=3854"}],"version-history":[{"count":3,"href":"https:\/\/www.burks.de\/burksblog\/wp-json\/wp\/v2\/posts\/3854\/revisions"}],"predecessor-version":[{"id":3857,"href":"https:\/\/www.burks.de\/burksblog\/wp-json\/wp\/v2\/posts\/3854\/revisions\/3857"}],"wp:attachment":[{"href":"https:\/\/www.burks.de\/burksblog\/wp-json\/wp\/v2\/media?parent=3854"}],"wp:term":[{"taxonomy":"category","embeddable":true,"href":"https:\/\/www.burks.de\/burksblog\/wp-json\/wp\/v2\/categories?post=3854"},{"taxonomy":"post_tag","embeddable":true,"href":"https:\/\/www.burks.de\/burksblog\/wp-json\/wp\/v2\/tags?post=3854"}],"curies":[{"name":"wp","href":"https:\/\/api.w.org\/{rel}","templated":true}]}}