{"id":38216,"date":"2019-10-17T17:47:21","date_gmt":"2019-10-17T15:47:21","guid":{"rendered":"https:\/\/www.burks.de\/burksblog\/?p=38216"},"modified":"2019-10-18T00:17:25","modified_gmt":"2019-10-17T22:17:25","slug":"widerwaertige-und-tyrannen-und-anderes-pack","status":"publish","type":"post","link":"https:\/\/www.burks.de\/burksblog\/2019\/10\/17\/widerwaertige-und-tyrannen-und-anderes-pack","title":{"rendered":"Widerw\u00e4rtige und Tyrannen und anderes Pack"},"content":{"rendered":"<p><a href=\"https:\/\/www.burks.de\/burksblog\/pix\/2019\/10\/171019_1gr.jpg\"><img decoding=\"async\" src=\"https:\/\/www.burks.de\/burksblog\/pix\/2019\/10\/171019_1kl.jpg\" alt=\"chica llorando\" border=\"0\" hspace=\"0\" vspace=\"0\" width=\"480\"\/><\/a><br \/>\n<sup>Symbolfoto f\u00fcr den Zustand der Welt, aufgenommen 1979 in Quito, Ecuador<\/sup><\/p>\n<p>Den Begriff <i>Fake News<\/i> habe ich immer recht albern gefunden, vor allem dann, wenn der von denen verbreitet wird, die selbst L\u00fcgen, Halbwahrheiten oder Unfug verbreiten. Gestern wieder der <a href=\"https:\/\/www.spiegel.de\/politik\/deutschland\/grossbeeren-wirbel-um-rbb-falschmeldung-zur-buergermeisterwahl-kandidat-schaltet-anwalt-ein-a-1188056.html\">Rundfunk Berlin-Brandenburg (RBB)<\/a>. Der Sender hatte falsch verbreitet, einer der Kandidaten f\u00fcr die B\u00fcrgermeisterwahl in Gro0beeren trete nicht mehr an.<\/p>\n<p>Kachelmann wirft dem RBB-Inforadio vor, man w\u00fcrde dort <a href=\"https:\/\/uebermedien.de\/42096\/frei-erfunden-joerg-kachelmann-streitet-mit-dem-rbb-uebers-wetter\/\">frei erfinden<\/a>. &#8222;Kachelmanns Kritik ist, dass es sich bei den Informationen auf der rbb-Webseite gar nicht um echte Messwerte handle, sie w\u00fcrden lediglich berechnet, was f\u00fcr Kachelmann das gleiche ist wie &#8218;erfunden&#8216;.&#8220;<\/p>\n<p>Die <a href=\"https:\/\/www.nzz.ch\/international\/bernd-lucke-uni-hamburg-faellt-ihrem-professor-in-den-ruecken-ld.1515990\">Neue Z\u00fcrcher Zeitung<\/a> berichtet \u00fcber den Versuch des Salonfaschisten Bernd Luckes, in Hamburg seine Antrittsvorlesung zu halten. Er w\u00fcrde mit Gebr\u00fcll daran gehindert und musste mit der Polizei aus dem Saal gef\u00fchrt werden.<\/p>\n<p>Voltaire sagte dazu: <i>Le droit de dire et d\u2019imprimer ce que nous pensons est le droit de tout homme libre, dont on ne saurait le priver sans exercer la tyrannie la plus odieuse.<br \/>\nDas Recht zu sagen und zu drucken, was wir denken, ist eines jeden freien Menschen Recht, welches man ihm nicht nehmen k\u00f6nnte, ohne die widerw\u00e4rtigste Tyrannei auszu\u00fcben.<\/i><\/p>\n<p>Die Meinungsfreiheit gilt als einer der wichtigsten Ma\u00dfst\u00e4be f\u00fcr den Zustand eines demokratischen Rechtsstaates. &#8222;Eines der h\u00e4ufigsten Zitate zur Meinungsfreiheit wird dabei irrt\u00fcmlich Voltaire zugeschrieben, entstammt aber tats\u00e4chlich der Biographie von <a href=\"https:\/\/de.wikipedia.org\/wiki\/Meinungsfreiheit#cite_note-1\">Evelyn Beatrice Hall<\/a> \u00fcber ihn, um damit seine \u00dcberzeugung zu beschreiben:<br \/>\n<i>I disapprove of what you say, but I will defend to the death your right to say it.<\/i><\/p>\n<p>Ich halte dieses kleinb\u00fcrgerliche Krawall-Pack, dass noch nicht mal jemanden aushalten kann, der die esoterischen Banalit\u00e4ten der in Deutschland gelehrten &#8222;Volkswirtschaft&#8220; von sich gibt, f\u00fcr unertr\u00e4glich und reaktion\u00e4r bis auf die Knochen. Und die Verantwortlichen von der Verwaltung der Uni sind feige &#8211; das ist ekelhaft.<\/p>\n<p>Genauso zum Kotzen (<a href=\"https:\/\/www.heise.de\/tp\/features\/Bundesregierung-finanziert-tuerkeitreue-Islamisten-in-Nordsyrien-4303256.html\">Heise<\/a>): &#8222;Bundesregierung finanziert t\u00fcrkeitreue Islamisten in Nordsyrien&#8220;.<\/p>\n<p>Und now fore something completely different. <a href=\"https:\/\/www.nhm.ac.uk\/visit\/wpy\/gallery\/2019\/index.html\">National History Museum<\/a>: &#8222;Wildlife Photographer of the Year 2019&#8220;. Die Fotos lohnen sich anzusehen &#8211; auch f\u00fcr die, die noch nie einen <a href=\"https:\/\/www.iucnredlist.org\/species\/23061\/46179412\">Vulpes ferrilata<\/a> gesehen haben. (<a href=\"https:\/\/www.iflscience.com\/plants-and-animals\/the-winners-of-2019s-wildlife-photographer-of-the-year-competition-have-been-revealed\/\">IFLScience<\/a> hat auch was dazu.)<\/p>\n<p>Und now fore something completely different. Mit dem Antisemitismus-Beauftragten von Baden W\u00fcrttemberg hat man wohl <a href=\"https:\/\/www.achgut.com\/artikel\/warum_gefaellt_einem_antisemitismus_beauftragen_zionismus_bashing\">den Bock zum G\u00e4rtner gemacht<\/a>, obwohl er auch manchmal <a href=\"https:\/\/www.achgut.com\/artikel\/blume_auf_richtigem_dampfer\">ein Korn findet<\/a>..<\/p>\n<p><a href=\"https:\/\/www.burks.de\/burksblog\/pix\/2019\/10\/171019_2gr.jpg\"><img decoding=\"async\" src=\"https:\/\/www.burks.de\/burksblog\/pix\/2019\/10\/171019_2kl.jpg\" alt=\"chica llorando\" border=\"0\" hspace=\"0\" vspace=\"0\" width=\"480\"\/><\/a><br \/>\n<sup>Symbolfoto f\u00fcr den Zustand der Welt, aufgenommen 1979 in Quito, Ecuador<\/sup><\/p>\n<div class=\"pdfprnt-buttons pdfprnt-buttons-post pdfprnt-bottom-right\"><a href=\"https:\/\/www.burks.de\/burksblog\/wp-json\/wp\/v2\/posts\/38216?print=pdf\" class=\"pdfprnt-button pdfprnt-button-pdf\" target=\"_blank\" ><img decoding=\"async\" src=\"https:\/\/www.burks.de\/burksblog\/wp-content\/plugins\/pdf-print\/images\/pdf.png\" alt=\"image_pdf\" title=\"PDF anzeigen\" \/><\/a><a href=\"https:\/\/www.burks.de\/burksblog\/wp-json\/wp\/v2\/posts\/38216?print=print\" class=\"pdfprnt-button pdfprnt-button-print\" target=\"_blank\" ><img decoding=\"async\" src=\"https:\/\/www.burks.de\/burksblog\/wp-content\/plugins\/pdf-print\/images\/print.png\" alt=\"image_print\" title=\"Inhalt drucken\" \/><\/a><\/div><div class=\"twoclick_social_bookmarks_post_38216 social_share_privacy clearfix 1.6.4 locale-de_DE sprite-de_DE\"><\/div><div class=\"twoclick-js\"><script type=\"text\/javascript\">\/* <![CDATA[ *\/\njQuery(document).ready(function($){if($('.twoclick_social_bookmarks_post_38216')){$('.twoclick_social_bookmarks_post_38216').socialSharePrivacy({\"services\":{\"facebook\":{\"status\":\"on\",\"txt_info\":\"2 Klicks f\\u00fcr mehr Datenschutz: Erst wenn Sie hier klicken, wird der Button aktiv und Sie k\\u00f6nnen Ihre Empfehlung an Facebook senden. Schon beim Aktivieren werden Daten an Dritte \\u00fcbertragen - siehe <em>i<\\\/em>.\",\"perma_option\":\"off\",\"action\":\"recommend\",\"language\":\"de_DE\"},\"twitter\":{\"reply_to\":\"\",\"tweet_text\":\"%20Widerw%C3%A4rtige%20und%20Tyrannen%20und%20anderes%20Pack%20%C2%BB%20Burks%27%20Blog%20-%20in%20dubio%20pro%20...\",\"status\":\"on\",\"txt_info\":\"2 Klicks f\\u00fcr mehr Datenschutz: Erst wenn Sie hier klicken, wird der Button aktiv und Sie k\\u00f6nnen Ihre Empfehlung an Twitter senden. Schon beim Aktivieren werden Daten an Dritte \\u00fcbertragen - siehe <em>i<\\\/em>.\",\"perma_option\":\"off\",\"language\":\"de\",\"referrer_track\":\"\"}},\"txt_help\":\"Wenn Sie diese Felder durch einen Klick aktivieren, werden Informationen an Facebook, Twitter, Flattr, Xing, t3n, LinkedIn, Pinterest oder Google eventuell ins Ausland \\u00fcbertragen und unter Umst\\u00e4nden auch dort gespeichert. N\\u00e4heres erfahren Sie durch einen Klick auf das <em>i<\\\/em>.\",\"settings_perma\":\"Dauerhaft aktivieren und Daten\\u00fcber-tragung zustimmen:\",\"info_link\":\"http:\\\/\\\/www.heise.de\\\/ct\\\/artikel\\\/2-Klicks-fuer-mehr-Datenschutz-1333879.html\",\"uri\":\"https:\\\/\\\/www.burks.de\\\/burksblog\\\/2019\\\/10\\\/17\\\/widerwaertige-und-tyrannen-und-anderes-pack\",\"post_id\":38216,\"post_title_referrer_track\":\"Widerw%C3%A4rtige+und+Tyrannen+und+anderes+Pack\",\"display_infobox\":\"on\"});}});\n\/* ]]> *\/<\/script><\/div>","protected":false},"excerpt":{"rendered":"<p>Symbolfoto f\u00fcr den Zustand der Welt, aufgenommen 1979 in Quito, Ecuador Den Begriff Fake News habe ich immer recht albern gefunden, vor allem dann, wenn der von denen verbreitet wird, die selbst L\u00fcgen, Halbwahrheiten oder Unfug verbreiten. Gestern wieder der Rundfunk Berlin-Brandenburg (RBB). Der Sender hatte falsch verbreitet, einer der Kandidaten f\u00fcr die B\u00fcrgermeisterwahl in [&hellip;]<\/p>\n","protected":false},"author":1,"featured_media":0,"comment_status":"open","ping_status":"open","sticky":false,"template":"","format":"standard","meta":{"footnotes":""},"categories":[594,584,23,15],"tags":[],"class_list":["post-38216","post","type-post","status-publish","format-standard","hentry","category-ecuador","category-lateinamerika","category-media","category-politics"],"_links":{"self":[{"href":"https:\/\/www.burks.de\/burksblog\/wp-json\/wp\/v2\/posts\/38216","targetHints":{"allow":["GET"]}}],"collection":[{"href":"https:\/\/www.burks.de\/burksblog\/wp-json\/wp\/v2\/posts"}],"about":[{"href":"https:\/\/www.burks.de\/burksblog\/wp-json\/wp\/v2\/types\/post"}],"author":[{"embeddable":true,"href":"https:\/\/www.burks.de\/burksblog\/wp-json\/wp\/v2\/users\/1"}],"replies":[{"embeddable":true,"href":"https:\/\/www.burks.de\/burksblog\/wp-json\/wp\/v2\/comments?post=38216"}],"version-history":[{"count":5,"href":"https:\/\/www.burks.de\/burksblog\/wp-json\/wp\/v2\/posts\/38216\/revisions"}],"predecessor-version":[{"id":38221,"href":"https:\/\/www.burks.de\/burksblog\/wp-json\/wp\/v2\/posts\/38216\/revisions\/38221"}],"wp:attachment":[{"href":"https:\/\/www.burks.de\/burksblog\/wp-json\/wp\/v2\/media?parent=38216"}],"wp:term":[{"taxonomy":"category","embeddable":true,"href":"https:\/\/www.burks.de\/burksblog\/wp-json\/wp\/v2\/categories?post=38216"},{"taxonomy":"post_tag","embeddable":true,"href":"https:\/\/www.burks.de\/burksblog\/wp-json\/wp\/v2\/tags?post=38216"}],"curies":[{"name":"wp","href":"https:\/\/api.w.org\/{rel}","templated":true}]}}