{"id":37296,"date":"2019-06-09T20:07:28","date_gmt":"2019-06-09T18:07:28","guid":{"rendered":"https:\/\/www.burks.de\/burksblog\/?p=37296"},"modified":"2019-06-09T20:07:30","modified_gmt":"2019-06-09T18:07:30","slug":"bauchgefuehl","status":"publish","type":"post","link":"https:\/\/www.burks.de\/burksblog\/2019\/06\/09\/bauchgefuehl","title":{"rendered":"Bauchgef\u00fchl"},"content":{"rendered":"<p>Lehrreicher Artikel im <a href=\"https:\/\/www.tagesspiegel.de\/berlin\/fact-checking-bringt-kaum-etwas-menschen-nutzen-den-kopf-nur-um-das-bauchgefuehl-zu-bestaerken\/24367260.html\">Tagesspiegel<\/a>: &#8222;Menschen nutzen den Kopf nur, um das Bauchgef\u00fchl zu best\u00e4rken. (&#8230;) Wir haben festgestellt, dass die W\u00e4hler die Welt auf eine Weise sehen, die ihre Werte und Identit\u00e4ten st\u00e4rkt \u2013 unabh\u00e4ngig davon, ob sie jemals Fox News oder MSNBC gesehen haben und unabh\u00e4ngig davon, ob sie ein Facebook-Konto haben.&#8220;<\/p>\n<p>Medien best\u00e4rken die Meinungen, die man eh schon hat. (Schrieb ich hier schon gef\u00fchlt 283 Mal &#8211; das an diejenigen, die meinten, sich m\u00fcssten sich in den &#8222;sozialen Netzwerken&#8220; herumstreiten.)<\/p>\n<div class=\"pdfprnt-buttons pdfprnt-buttons-post pdfprnt-bottom-right\"><a href=\"https:\/\/www.burks.de\/burksblog\/wp-json\/wp\/v2\/posts\/37296?print=pdf\" class=\"pdfprnt-button pdfprnt-button-pdf\" target=\"_blank\" ><img decoding=\"async\" src=\"https:\/\/www.burks.de\/burksblog\/wp-content\/plugins\/pdf-print\/images\/pdf.png\" alt=\"image_pdf\" title=\"PDF anzeigen\" \/><\/a><a href=\"https:\/\/www.burks.de\/burksblog\/wp-json\/wp\/v2\/posts\/37296?print=print\" class=\"pdfprnt-button pdfprnt-button-print\" target=\"_blank\" ><img decoding=\"async\" src=\"https:\/\/www.burks.de\/burksblog\/wp-content\/plugins\/pdf-print\/images\/print.png\" alt=\"image_print\" title=\"Inhalt drucken\" \/><\/a><\/div><div class=\"twoclick_social_bookmarks_post_37296 social_share_privacy clearfix 1.6.4 locale-de_DE sprite-de_DE\"><\/div><div class=\"twoclick-js\"><script type=\"text\/javascript\">\/* <![CDATA[ *\/\njQuery(document).ready(function($){if($('.twoclick_social_bookmarks_post_37296')){$('.twoclick_social_bookmarks_post_37296').socialSharePrivacy({\"services\":{\"facebook\":{\"status\":\"on\",\"txt_info\":\"2 Klicks f\\u00fcr mehr Datenschutz: Erst wenn Sie hier klicken, wird der Button aktiv und Sie k\\u00f6nnen Ihre Empfehlung an Facebook senden. Schon beim Aktivieren werden Daten an Dritte \\u00fcbertragen - siehe <em>i<\\\/em>.\",\"perma_option\":\"off\",\"action\":\"recommend\",\"language\":\"de_DE\"},\"twitter\":{\"reply_to\":\"\",\"tweet_text\":\"Bauchgef%C3%BChl%20%C2%BB%20Burks%27%20Blog%20-%20in%20dubio%20pro%20contra.%20De%20omnibus%20dubitandum.\",\"status\":\"on\",\"txt_info\":\"2 Klicks f\\u00fcr mehr Datenschutz: Erst wenn Sie hier klicken, wird der Button aktiv und Sie k\\u00f6nnen Ihre Empfehlung an Twitter senden. Schon beim Aktivieren werden Daten an Dritte \\u00fcbertragen - siehe <em>i<\\\/em>.\",\"perma_option\":\"off\",\"language\":\"de\",\"referrer_track\":\"\"}},\"txt_help\":\"Wenn Sie diese Felder durch einen Klick aktivieren, werden Informationen an Facebook, Twitter, Flattr, Xing, t3n, LinkedIn, Pinterest oder Google eventuell ins Ausland \\u00fcbertragen und unter Umst\\u00e4nden auch dort gespeichert. N\\u00e4heres erfahren Sie durch einen Klick auf das <em>i<\\\/em>.\",\"settings_perma\":\"Dauerhaft aktivieren und Daten\\u00fcber-tragung zustimmen:\",\"info_link\":\"http:\\\/\\\/www.heise.de\\\/ct\\\/artikel\\\/2-Klicks-fuer-mehr-Datenschutz-1333879.html\",\"uri\":\"https:\\\/\\\/www.burks.de\\\/burksblog\\\/2019\\\/06\\\/09\\\/bauchgefuehl\",\"post_id\":37296,\"post_title_referrer_track\":\"Bauchgef%C3%BChl\",\"display_infobox\":\"on\"});}});\n\/* ]]> *\/<\/script><\/div>","protected":false},"excerpt":{"rendered":"<p>Lehrreicher Artikel im Tagesspiegel: &#8222;Menschen nutzen den Kopf nur, um das Bauchgef\u00fchl zu best\u00e4rken. (&#8230;) Wir haben festgestellt, dass die W\u00e4hler die Welt auf eine Weise sehen, die ihre Werte und Identit\u00e4ten st\u00e4rkt \u2013 unabh\u00e4ngig davon, ob sie jemals Fox News oder MSNBC gesehen haben und unabh\u00e4ngig davon, ob sie ein Facebook-Konto haben.&#8220; Medien best\u00e4rken [&hellip;]<\/p>\n","protected":false},"author":1,"featured_media":0,"comment_status":"open","ping_status":"open","sticky":false,"template":"","format":"standard","meta":{"footnotes":""},"categories":[23],"tags":[],"class_list":["post-37296","post","type-post","status-publish","format-standard","hentry","category-media"],"_links":{"self":[{"href":"https:\/\/www.burks.de\/burksblog\/wp-json\/wp\/v2\/posts\/37296","targetHints":{"allow":["GET"]}}],"collection":[{"href":"https:\/\/www.burks.de\/burksblog\/wp-json\/wp\/v2\/posts"}],"about":[{"href":"https:\/\/www.burks.de\/burksblog\/wp-json\/wp\/v2\/types\/post"}],"author":[{"embeddable":true,"href":"https:\/\/www.burks.de\/burksblog\/wp-json\/wp\/v2\/users\/1"}],"replies":[{"embeddable":true,"href":"https:\/\/www.burks.de\/burksblog\/wp-json\/wp\/v2\/comments?post=37296"}],"version-history":[{"count":1,"href":"https:\/\/www.burks.de\/burksblog\/wp-json\/wp\/v2\/posts\/37296\/revisions"}],"predecessor-version":[{"id":37297,"href":"https:\/\/www.burks.de\/burksblog\/wp-json\/wp\/v2\/posts\/37296\/revisions\/37297"}],"wp:attachment":[{"href":"https:\/\/www.burks.de\/burksblog\/wp-json\/wp\/v2\/media?parent=37296"}],"wp:term":[{"taxonomy":"category","embeddable":true,"href":"https:\/\/www.burks.de\/burksblog\/wp-json\/wp\/v2\/categories?post=37296"},{"taxonomy":"post_tag","embeddable":true,"href":"https:\/\/www.burks.de\/burksblog\/wp-json\/wp\/v2\/tags?post=37296"}],"curies":[{"name":"wp","href":"https:\/\/api.w.org\/{rel}","templated":true}]}}