{"id":3425,"date":"2009-10-18T11:50:12","date_gmt":"2009-10-18T10:50:12","guid":{"rendered":"http:\/\/www.burks.de\/burksblog\/?p=3425"},"modified":"2009-10-18T11:51:51","modified_gmt":"2009-10-18T10:51:51","slug":"kabale-und-sarrazin-zum-vielleicht-letzten","status":"publish","type":"post","link":"https:\/\/www.burks.de\/burksblog\/2009\/10\/18\/kabale-und-sarrazin-zum-vielleicht-letzten","title":{"rendered":"Kabale und Sarrazin zum vielleicht Letzten"},"content":{"rendered":"<p>Ich mag die FAZ nicht, aber zum Thema Sarrazin hat sie <a href=\"http:\/\/www.faz.net\/s\/Rub0E9EEF84AC1E4A389A8DC6C23161FE44\/Doc~EE627ACD8851D46EE99527CFC7A882148~ATpl~Ecommon~Scontent.html\">den besten Artikel<\/a> von allen geschrieben: &#8222;Kabale unter Bundesbankern&#8220;. Gut ist der Artikel, weil er die Hintergr\u00fcnde erkl\u00e4rt. &#8222;Kabale&#8220; bedeutet Intrige. Das wei\u00df nur jemand, der Goethe, <a href=\"http:\/\/de.wikipedia.org\/wiki\/Kabale_und_Liebe\">Schiller<\/a> und das Feuilleton f\u00fcr&#8217;s gef\u00fchlte Bildungsgro\u00dfb\u00fcrgertum liest.<\/p>\n<p>&#8222;Weber hat getan, was er konnte, um \u00f6ffentlichen Druck gegen Sarrazin aufzubauen, ihn zum R\u00fccktritt zu pressen. Entlassen kann er ihn n\u00e4mlich nicht. Da spielt man dann \u00fcber Bande. Das Mittel ist die Skandalisierung, auf die sprungbereite Intoleranz \u00f6ffentlicher Meinungsbildner ist in solchen F\u00e4llen unbedingt Verlass. Sie sind im Allgemeinen f\u00fcr die Meinungsfreiheit, aber im Einzelfall nie um Gr\u00fcnde verlegen, anderen das Maul zu verbieten.&#8220;<\/p>\n<div class=\"pdfprnt-buttons pdfprnt-buttons-post pdfprnt-bottom-right\"><a href=\"https:\/\/www.burks.de\/burksblog\/wp-json\/wp\/v2\/posts\/3425?print=pdf\" class=\"pdfprnt-button pdfprnt-button-pdf\" target=\"_blank\" ><img decoding=\"async\" src=\"https:\/\/www.burks.de\/burksblog\/wp-content\/plugins\/pdf-print\/images\/pdf.png\" alt=\"image_pdf\" title=\"PDF anzeigen\" \/><\/a><a href=\"https:\/\/www.burks.de\/burksblog\/wp-json\/wp\/v2\/posts\/3425?print=print\" class=\"pdfprnt-button pdfprnt-button-print\" target=\"_blank\" ><img decoding=\"async\" src=\"https:\/\/www.burks.de\/burksblog\/wp-content\/plugins\/pdf-print\/images\/print.png\" alt=\"image_print\" title=\"Inhalt drucken\" \/><\/a><\/div><div class=\"twoclick_social_bookmarks_post_3425 social_share_privacy clearfix 1.6.4 locale-de_DE sprite-de_DE\"><\/div><div class=\"twoclick-js\"><script type=\"text\/javascript\">\/* <![CDATA[ *\/\njQuery(document).ready(function($){if($('.twoclick_social_bookmarks_post_3425')){$('.twoclick_social_bookmarks_post_3425').socialSharePrivacy({\"services\":{\"facebook\":{\"status\":\"on\",\"txt_info\":\"2 Klicks f\\u00fcr mehr Datenschutz: Erst wenn Sie hier klicken, wird der Button aktiv und Sie k\\u00f6nnen Ihre Empfehlung an Facebook senden. Schon beim Aktivieren werden Daten an Dritte \\u00fcbertragen - siehe <em>i<\\\/em>.\",\"perma_option\":\"off\",\"action\":\"recommend\",\"language\":\"de_DE\"},\"twitter\":{\"reply_to\":\"\",\"tweet_text\":\"%20Kabale%20und%20Sarrazin%20zum%20vielleicht%20Letzten%20%C2%BB%20Burks%27%20Blog%20-%20in%20dubio%20pro%20...\",\"status\":\"on\",\"txt_info\":\"2 Klicks f\\u00fcr mehr Datenschutz: Erst wenn Sie hier klicken, wird der Button aktiv und Sie k\\u00f6nnen Ihre Empfehlung an Twitter senden. Schon beim Aktivieren werden Daten an Dritte \\u00fcbertragen - siehe <em>i<\\\/em>.\",\"perma_option\":\"off\",\"language\":\"de\",\"referrer_track\":\"\"}},\"txt_help\":\"Wenn Sie diese Felder durch einen Klick aktivieren, werden Informationen an Facebook, Twitter, Flattr, Xing, t3n, LinkedIn, Pinterest oder Google eventuell ins Ausland \\u00fcbertragen und unter Umst\\u00e4nden auch dort gespeichert. N\\u00e4heres erfahren Sie durch einen Klick auf das <em>i<\\\/em>.\",\"settings_perma\":\"Dauerhaft aktivieren und Daten\\u00fcber-tragung zustimmen:\",\"info_link\":\"http:\\\/\\\/www.heise.de\\\/ct\\\/artikel\\\/2-Klicks-fuer-mehr-Datenschutz-1333879.html\",\"uri\":\"https:\\\/\\\/www.burks.de\\\/burksblog\\\/2009\\\/10\\\/18\\\/kabale-und-sarrazin-zum-vielleicht-letzten\",\"post_id\":3425,\"post_title_referrer_track\":\"Kabale+und+Sarrazin+zum+vielleicht+Letzten\",\"display_infobox\":\"on\"});}});\n\/* ]]> *\/<\/script><\/div>","protected":false},"excerpt":{"rendered":"<p>Ich mag die FAZ nicht, aber zum Thema Sarrazin hat sie den besten Artikel von allen geschrieben: &#8222;Kabale unter Bundesbankern&#8220;. Gut ist der Artikel, weil er die Hintergr\u00fcnde erkl\u00e4rt. &#8222;Kabale&#8220; bedeutet Intrige. Das wei\u00df nur jemand, der Goethe, Schiller und das Feuilleton f\u00fcr&#8217;s gef\u00fchlte Bildungsgro\u00dfb\u00fcrgertum liest. &#8222;Weber hat getan, was er konnte, um \u00f6ffentlichen Druck [&hellip;]<\/p>\n","protected":false},"author":1,"featured_media":0,"comment_status":"open","ping_status":"open","sticky":false,"template":"","format":"standard","meta":{"footnotes":""},"categories":[1,15],"tags":[],"class_list":["post-3425","post","type-post","status-publish","format-standard","hentry","category-feuilleton","category-politics"],"_links":{"self":[{"href":"https:\/\/www.burks.de\/burksblog\/wp-json\/wp\/v2\/posts\/3425","targetHints":{"allow":["GET"]}}],"collection":[{"href":"https:\/\/www.burks.de\/burksblog\/wp-json\/wp\/v2\/posts"}],"about":[{"href":"https:\/\/www.burks.de\/burksblog\/wp-json\/wp\/v2\/types\/post"}],"author":[{"embeddable":true,"href":"https:\/\/www.burks.de\/burksblog\/wp-json\/wp\/v2\/users\/1"}],"replies":[{"embeddable":true,"href":"https:\/\/www.burks.de\/burksblog\/wp-json\/wp\/v2\/comments?post=3425"}],"version-history":[{"count":3,"href":"https:\/\/www.burks.de\/burksblog\/wp-json\/wp\/v2\/posts\/3425\/revisions"}],"predecessor-version":[{"id":3428,"href":"https:\/\/www.burks.de\/burksblog\/wp-json\/wp\/v2\/posts\/3425\/revisions\/3428"}],"wp:attachment":[{"href":"https:\/\/www.burks.de\/burksblog\/wp-json\/wp\/v2\/media?parent=3425"}],"wp:term":[{"taxonomy":"category","embeddable":true,"href":"https:\/\/www.burks.de\/burksblog\/wp-json\/wp\/v2\/categories?post=3425"},{"taxonomy":"post_tag","embeddable":true,"href":"https:\/\/www.burks.de\/burksblog\/wp-json\/wp\/v2\/tags?post=3425"}],"curies":[{"name":"wp","href":"https:\/\/api.w.org\/{rel}","templated":true}]}}