{"id":3416,"date":"2009-10-17T20:16:53","date_gmt":"2009-10-17T19:16:53","guid":{"rendered":"http:\/\/www.burks.de\/burksblog\/?p=3416"},"modified":"2009-10-17T20:17:33","modified_gmt":"2009-10-17T19:17:33","slug":"geschichte-der-auslanderpolitik-in-deutschland","status":"publish","type":"post","link":"https:\/\/www.burks.de\/burksblog\/2009\/10\/17\/geschichte-der-auslanderpolitik-in-deutschland","title":{"rendered":"Geschichte der Ausl\u00e4nderpolitik in Deutschland"},"content":{"rendered":"<p><a href=\"http:\/\/www.bpb.de\/publikationen\/2WSDX8,0,0,Geschichte_der_Ausl%E4nderpolitik_in_Deutschland.html\">Ulrich Herbert<\/a>: Geschichte der Ausl\u00e4nderpolitik in Deutschland. <\/p>\n<p>&#8222;Saisonarbeiter, Fremd- oder Gastarbeiter: Jeder dieser Begriffe markiert eine Etappe in der Geschichte der deutschen Ausl\u00e4nderpolitik. Ausl\u00e4nder waren niemals nur willkommene Arbeitskr\u00e4fte, stets waren sie auch Objekte wirtschafts- und bev\u00f6lkerungspolitischer Kalkulationen sowie Zielscheibe v\u00f6lkischer und rassistischer Diffamierungen.<\/p>\n<p>Der Autor, Professor f\u00fcr Neuere und Neueste Geschichte, zeichnet erstmals vom Zweiten Kaiserreich bis zur \u00c4ra Kohl in der Bundesrepublik Deutschland die Geschichte einer Politik nach, deren tief greifende Ambivalenzen bis heute wirksam sind. Dieses Buch ist eine wichtige Orientierungshilfe f\u00fcr alle, die sich mit der Frage auseinander setzen, wie eine zeitgem\u00e4\u00dfe Ausl\u00e4nderpolitik gestaltet werden kann.&#8220;<\/p>\n<p>Das Buch ist absolut zu empfehlen &#8211; und als pdf kostet es nur zwei Euro. [Nachtrag zu &#8222;<a href=\"http:\/\/www.burks.de\/burksblog\/2009\/10\/17\/sie-werden-assimiliert-update\">Sie werden assimiliert<\/a>&#8222;]<\/p>\n<div class=\"pdfprnt-buttons pdfprnt-buttons-post pdfprnt-bottom-right\"><a href=\"https:\/\/www.burks.de\/burksblog\/wp-json\/wp\/v2\/posts\/3416?print=pdf\" class=\"pdfprnt-button pdfprnt-button-pdf\" target=\"_blank\" ><img decoding=\"async\" src=\"https:\/\/www.burks.de\/burksblog\/wp-content\/plugins\/pdf-print\/images\/pdf.png\" alt=\"image_pdf\" title=\"PDF anzeigen\" \/><\/a><a href=\"https:\/\/www.burks.de\/burksblog\/wp-json\/wp\/v2\/posts\/3416?print=print\" class=\"pdfprnt-button pdfprnt-button-print\" target=\"_blank\" ><img decoding=\"async\" src=\"https:\/\/www.burks.de\/burksblog\/wp-content\/plugins\/pdf-print\/images\/print.png\" alt=\"image_print\" title=\"Inhalt drucken\" \/><\/a><\/div><div class=\"twoclick_social_bookmarks_post_3416 social_share_privacy clearfix 1.6.4 locale-de_DE sprite-de_DE\"><\/div><div class=\"twoclick-js\"><script type=\"text\/javascript\">\/* <![CDATA[ *\/\njQuery(document).ready(function($){if($('.twoclick_social_bookmarks_post_3416')){$('.twoclick_social_bookmarks_post_3416').socialSharePrivacy({\"services\":{\"facebook\":{\"status\":\"on\",\"txt_info\":\"2 Klicks f\\u00fcr mehr Datenschutz: Erst wenn Sie hier klicken, wird der Button aktiv und Sie k\\u00f6nnen Ihre Empfehlung an Facebook senden. Schon beim Aktivieren werden Daten an Dritte \\u00fcbertragen - siehe <em>i<\\\/em>.\",\"perma_option\":\"off\",\"action\":\"recommend\",\"language\":\"de_DE\"},\"twitter\":{\"reply_to\":\"\",\"tweet_text\":\"%20Geschichte%20der%20Ausl%C3%A4nderpolitik%20in%20Deutschland%20%C2%BB%20Burks%27%20Blog%20-%20in%20dubio%20...\",\"status\":\"on\",\"txt_info\":\"2 Klicks f\\u00fcr mehr Datenschutz: Erst wenn Sie hier klicken, wird der Button aktiv und Sie k\\u00f6nnen Ihre Empfehlung an Twitter senden. Schon beim Aktivieren werden Daten an Dritte \\u00fcbertragen - siehe <em>i<\\\/em>.\",\"perma_option\":\"off\",\"language\":\"de\",\"referrer_track\":\"\"}},\"txt_help\":\"Wenn Sie diese Felder durch einen Klick aktivieren, werden Informationen an Facebook, Twitter, Flattr, Xing, t3n, LinkedIn, Pinterest oder Google eventuell ins Ausland \\u00fcbertragen und unter Umst\\u00e4nden auch dort gespeichert. N\\u00e4heres erfahren Sie durch einen Klick auf das <em>i<\\\/em>.\",\"settings_perma\":\"Dauerhaft aktivieren und Daten\\u00fcber-tragung zustimmen:\",\"info_link\":\"http:\\\/\\\/www.heise.de\\\/ct\\\/artikel\\\/2-Klicks-fuer-mehr-Datenschutz-1333879.html\",\"uri\":\"https:\\\/\\\/www.burks.de\\\/burksblog\\\/2009\\\/10\\\/17\\\/geschichte-der-auslanderpolitik-in-deutschland\",\"post_id\":3416,\"post_title_referrer_track\":\"Geschichte+der+Ausl%C3%A4nderpolitik+in+Deutschland\",\"display_infobox\":\"on\"});}});\n\/* ]]> *\/<\/script><\/div>","protected":false},"excerpt":{"rendered":"<p>Ulrich Herbert: Geschichte der Ausl\u00e4nderpolitik in Deutschland. &#8222;Saisonarbeiter, Fremd- oder Gastarbeiter: Jeder dieser Begriffe markiert eine Etappe in der Geschichte der deutschen Ausl\u00e4nderpolitik. Ausl\u00e4nder waren niemals nur willkommene Arbeitskr\u00e4fte, stets waren sie auch Objekte wirtschafts- und bev\u00f6lkerungspolitischer Kalkulationen sowie Zielscheibe v\u00f6lkischer und rassistischer Diffamierungen. Der Autor, Professor f\u00fcr Neuere und Neueste Geschichte, zeichnet erstmals vom [&hellip;]<\/p>\n","protected":false},"author":1,"featured_media":0,"comment_status":"open","ping_status":"open","sticky":false,"template":"","format":"standard","meta":{"footnotes":""},"categories":[1,15],"tags":[],"class_list":["post-3416","post","type-post","status-publish","format-standard","hentry","category-feuilleton","category-politics"],"_links":{"self":[{"href":"https:\/\/www.burks.de\/burksblog\/wp-json\/wp\/v2\/posts\/3416","targetHints":{"allow":["GET"]}}],"collection":[{"href":"https:\/\/www.burks.de\/burksblog\/wp-json\/wp\/v2\/posts"}],"about":[{"href":"https:\/\/www.burks.de\/burksblog\/wp-json\/wp\/v2\/types\/post"}],"author":[{"embeddable":true,"href":"https:\/\/www.burks.de\/burksblog\/wp-json\/wp\/v2\/users\/1"}],"replies":[{"embeddable":true,"href":"https:\/\/www.burks.de\/burksblog\/wp-json\/wp\/v2\/comments?post=3416"}],"version-history":[{"count":2,"href":"https:\/\/www.burks.de\/burksblog\/wp-json\/wp\/v2\/posts\/3416\/revisions"}],"predecessor-version":[{"id":3418,"href":"https:\/\/www.burks.de\/burksblog\/wp-json\/wp\/v2\/posts\/3416\/revisions\/3418"}],"wp:attachment":[{"href":"https:\/\/www.burks.de\/burksblog\/wp-json\/wp\/v2\/media?parent=3416"}],"wp:term":[{"taxonomy":"category","embeddable":true,"href":"https:\/\/www.burks.de\/burksblog\/wp-json\/wp\/v2\/categories?post=3416"},{"taxonomy":"post_tag","embeddable":true,"href":"https:\/\/www.burks.de\/burksblog\/wp-json\/wp\/v2\/tags?post=3416"}],"curies":[{"name":"wp","href":"https:\/\/api.w.org\/{rel}","templated":true}]}}