{"id":3395,"date":"2009-10-17T11:07:15","date_gmt":"2009-10-17T10:07:15","guid":{"rendered":"http:\/\/www.burks.de\/burksblog\/?p=3395"},"modified":"2009-10-17T11:16:25","modified_gmt":"2009-10-17T10:16:25","slug":"sie-werden-assimiliert-update","status":"publish","type":"post","link":"https:\/\/www.burks.de\/burksblog\/2009\/10\/17\/sie-werden-assimiliert-update","title":{"rendered":"Sie werden assimiliert [Update]"},"content":{"rendered":"<p><a href=\"http:\/\/www.burks.de\/forum\/phpBB2\/viewtopic.php?t=6889\"><img decoding=\"async\" src=\"http:\/\/www.burks.de\/grafik\/wl07\/pix\/260707_1.jpg\" alt=\"assimimiliert\" border=\"0\" vspace=10 hspace=10 align=right widht=\"240\"\/><\/a>Aus gegebenem <a href=\"http:\/\/www.spiegel.de\/wirtschaft\/soziales\/0,1518,655709,00.html\">Anlass<\/a> und wegen einer internen Diskussion in der Mailingliste der Piraten weise ich hier auf meinen Beitrag &#8222;<a href=\"http:\/\/www.burks.de\/forum\/phpBB2\/viewtopic.php?t=6889\">Sie werden assimiliert<\/a>&#8220; auf spiggel.de (26. Juli 2007) hin: Zitat:<\/p>\n<p>&#8222;Das post-rot-gr\u00fcne Deutschland h\u00e4lt sich <a href=\"http:\/\/www.bundesregierung.de\/Webs\/Breg\/DE\/Bundesregierung\/BeauftragtefuerIntegration\/beauftragte-fuer-integration.html\">Beauftragte <\/a>f\u00fcr Migration, Fl\u00fcchtlinge und Integration. Zu Multikulti-Zeiten hie\u00dfen diese Sonderreferate &#8222;Landesbeauftragte f\u00fcr <a href=\"http:\/\/www.auslaender.rlp.de\/auslaender\/index.jsp\">Ausl\u00e4nderfragen<\/a>&#8222;. Ganz fr\u00fcher widmeten sich &#8222;<a href=\"http:\/\/www.ns-archiv.de\/verfolgung\/antisemitismus\/referenten\/tagung.php\">Sachbearbeiter<\/a> f\u00fcr Judenfragen&#8220; denjenigen, die gef\u00fchlt anders als der vermeintliche Mainstream waren. Beauftragte f\u00fcr Negerfragen gibt es nicht, weil die <a href=\"http:\/\/de.wikipedia.org\/wiki\/Afrodeutsche\">Afrodeutschen<\/a> nicht geflohen sind, im Volksmund ohnehin als Ausl\u00e4nder gelten und sich definitiv farblich nicht integrieren lassen wollen. <\/p>\n<p>Was also ist und zu welchem Ende betreiben wir also Integration? <a href=\"http:\/\/de.wikipedia.org\/wiki\/Ulrich_Herbert\">Ulrich Herbert<\/a> hat das in seinem klugen <a href=\"http:\/\/www.bpb.de\/publikationen\/2WSDX8,0,0,Geschichte_der_Ausl%E4nderpolitik_in_Deutschland.html\">Buch<\/a> \u00fcber die &#8222;Geschichte der Ausl\u00e4nderpolitik in Deutschland&#8220; (erschienen 2000) knapp formuliert: &#8222;Tats\u00e4chlich aber wird die Debatte um den Zuzug von Ausl\u00e4ndern in Deutschland seit etwas 120 Jahren unter den im wesentliche gleichen Fragestellungen und mit den gleichen Frontlinien gef\u00fchrt.&#8220; Wo also bitte geht\u2019s zur Front?<\/p>\n<p>Integration bedeutet: Die Ware Arbeitskraft sollte dem Markt potenziell uneingeschr\u00e4nkt zur Verf\u00fcgung stehen. Die gro\u00dfe Illusion ist: Einwanderung, also die Mobilit\u00e4t von Menschen, sei politisch, \u00f6konomisch und juristisch steuerbar. Dieser Fiktion unterliegen beide &#8222;Parteien&#8220;: V\u00f6lkische Lobbyisten wie Sch\u00e4uble, die von einer Kulturnation unter dem Banner der Verehrung bestimmter h\u00f6herer Wesen tr\u00e4umen, denken irrig, man k\u00f6nne durch Vorschriften das eherne Gesetz des Kapitalimus au\u00dfer Kraft setzten &#8211; dass die Ware Arbeitskraft dorthin geht, wo es Arbeit gibt. Wer hingegen die Grenzen in Europa niederrei\u00dfen will, argumentiert moralisch hochwertig, l\u00f6st aber kein Problem und keinen Konflikt.<\/p>\n<div class=\"pdfprnt-buttons pdfprnt-buttons-post pdfprnt-bottom-right\"><a href=\"https:\/\/www.burks.de\/burksblog\/wp-json\/wp\/v2\/posts\/3395?print=pdf\" class=\"pdfprnt-button pdfprnt-button-pdf\" target=\"_blank\" ><img decoding=\"async\" src=\"https:\/\/www.burks.de\/burksblog\/wp-content\/plugins\/pdf-print\/images\/pdf.png\" alt=\"image_pdf\" title=\"PDF anzeigen\" \/><\/a><a href=\"https:\/\/www.burks.de\/burksblog\/wp-json\/wp\/v2\/posts\/3395?print=print\" class=\"pdfprnt-button pdfprnt-button-print\" target=\"_blank\" ><img decoding=\"async\" src=\"https:\/\/www.burks.de\/burksblog\/wp-content\/plugins\/pdf-print\/images\/print.png\" alt=\"image_print\" title=\"Inhalt drucken\" \/><\/a><\/div><div class=\"twoclick_social_bookmarks_post_3395 social_share_privacy clearfix 1.6.4 locale-de_DE sprite-de_DE\"><\/div><div class=\"twoclick-js\"><script type=\"text\/javascript\">\/* <![CDATA[ *\/\njQuery(document).ready(function($){if($('.twoclick_social_bookmarks_post_3395')){$('.twoclick_social_bookmarks_post_3395').socialSharePrivacy({\"services\":{\"facebook\":{\"status\":\"on\",\"txt_info\":\"2 Klicks f\\u00fcr mehr Datenschutz: Erst wenn Sie hier klicken, wird der Button aktiv und Sie k\\u00f6nnen Ihre Empfehlung an Facebook senden. Schon beim Aktivieren werden Daten an Dritte \\u00fcbertragen - siehe <em>i<\\\/em>.\",\"perma_option\":\"off\",\"action\":\"recommend\",\"language\":\"de_DE\"},\"twitter\":{\"reply_to\":\"\",\"tweet_text\":\"%20Sie%20werden%20assimiliert%20%5BUpdate%5D%20%C2%BB%20Burks%27%20Blog%20-%20in%20dubio%20pro%20contra.%20De%20...\",\"status\":\"on\",\"txt_info\":\"2 Klicks f\\u00fcr mehr Datenschutz: Erst wenn Sie hier klicken, wird der Button aktiv und Sie k\\u00f6nnen Ihre Empfehlung an Twitter senden. Schon beim Aktivieren werden Daten an Dritte \\u00fcbertragen - siehe <em>i<\\\/em>.\",\"perma_option\":\"off\",\"language\":\"de\",\"referrer_track\":\"\"}},\"txt_help\":\"Wenn Sie diese Felder durch einen Klick aktivieren, werden Informationen an Facebook, Twitter, Flattr, Xing, t3n, LinkedIn, Pinterest oder Google eventuell ins Ausland \\u00fcbertragen und unter Umst\\u00e4nden auch dort gespeichert. N\\u00e4heres erfahren Sie durch einen Klick auf das <em>i<\\\/em>.\",\"settings_perma\":\"Dauerhaft aktivieren und Daten\\u00fcber-tragung zustimmen:\",\"info_link\":\"http:\\\/\\\/www.heise.de\\\/ct\\\/artikel\\\/2-Klicks-fuer-mehr-Datenschutz-1333879.html\",\"uri\":\"https:\\\/\\\/www.burks.de\\\/burksblog\\\/2009\\\/10\\\/17\\\/sie-werden-assimiliert-update\",\"post_id\":3395,\"post_title_referrer_track\":\"Sie+werden+assimiliert+%5BUpdate%5D\",\"display_infobox\":\"on\"});}});\n\/* ]]> *\/<\/script><\/div>","protected":false},"excerpt":{"rendered":"<p>Aus gegebenem Anlass und wegen einer internen Diskussion in der Mailingliste der Piraten weise ich hier auf meinen Beitrag &#8222;Sie werden assimiliert&#8220; auf spiggel.de (26. Juli 2007) hin: Zitat: &#8222;Das post-rot-gr\u00fcne Deutschland h\u00e4lt sich Beauftragte f\u00fcr Migration, Fl\u00fcchtlinge und Integration. Zu Multikulti-Zeiten hie\u00dfen diese Sonderreferate &#8222;Landesbeauftragte f\u00fcr Ausl\u00e4nderfragen&#8222;. Ganz fr\u00fcher widmeten sich &#8222;Sachbearbeiter f\u00fcr Judenfragen&#8220; [&hellip;]<\/p>\n","protected":false},"author":1,"featured_media":0,"comment_status":"open","ping_status":"open","sticky":false,"template":"","format":"standard","meta":{"footnotes":""},"categories":[15],"tags":[],"class_list":["post-3395","post","type-post","status-publish","format-standard","hentry","category-politics"],"_links":{"self":[{"href":"https:\/\/www.burks.de\/burksblog\/wp-json\/wp\/v2\/posts\/3395","targetHints":{"allow":["GET"]}}],"collection":[{"href":"https:\/\/www.burks.de\/burksblog\/wp-json\/wp\/v2\/posts"}],"about":[{"href":"https:\/\/www.burks.de\/burksblog\/wp-json\/wp\/v2\/types\/post"}],"author":[{"embeddable":true,"href":"https:\/\/www.burks.de\/burksblog\/wp-json\/wp\/v2\/users\/1"}],"replies":[{"embeddable":true,"href":"https:\/\/www.burks.de\/burksblog\/wp-json\/wp\/v2\/comments?post=3395"}],"version-history":[{"count":2,"href":"https:\/\/www.burks.de\/burksblog\/wp-json\/wp\/v2\/posts\/3395\/revisions"}],"predecessor-version":[{"id":3397,"href":"https:\/\/www.burks.de\/burksblog\/wp-json\/wp\/v2\/posts\/3395\/revisions\/3397"}],"wp:attachment":[{"href":"https:\/\/www.burks.de\/burksblog\/wp-json\/wp\/v2\/media?parent=3395"}],"wp:term":[{"taxonomy":"category","embeddable":true,"href":"https:\/\/www.burks.de\/burksblog\/wp-json\/wp\/v2\/categories?post=3395"},{"taxonomy":"post_tag","embeddable":true,"href":"https:\/\/www.burks.de\/burksblog\/wp-json\/wp\/v2\/tags?post=3395"}],"curies":[{"name":"wp","href":"https:\/\/api.w.org\/{rel}","templated":true}]}}