{"id":33515,"date":"2018-01-04T12:22:17","date_gmt":"2018-01-04T11:22:17","guid":{"rendered":"https:\/\/www.burks.de\/burksblog\/?p=33515"},"modified":"2018-01-04T22:21:16","modified_gmt":"2018-01-04T21:21:16","slug":"journalismus-wie-er-sein-sollte","status":"publish","type":"post","link":"https:\/\/www.burks.de\/burksblog\/2018\/01\/04\/journalismus-wie-er-sein-sollte","title":{"rendered":"Journalismus, wie er sein sollte"},"content":{"rendered":"<p>Lesenswert: <a href=\"https:\/\/theintercept.com\/2018\/01\/03\/my-life-as-a-new-york-times-reporter-in-the-shadow-of-the-war-on-terror\/\">James Risen<\/a> erz\u00e4hlt von den Repressalien, die er erdulden musste. Risen war bei der New York Times jahrelang der f\u00fcr National Security zust\u00e4ndige Reporter und hat mehrere bahnbrechende Reportagen und B\u00fccher geschrieben. (via <a href=\"http:\/\/blog.fefe.de\/?ts=a4b3ec8f\">Fefe<\/a>) <\/p>\n<p>Wenn ich mir hingegen die deutschen Journalisten-Darsteller so ansehe, die in ihrer Soziale-Medien-Blase vor sich hinblubbern&#8230;<\/p>\n<div class=\"pdfprnt-buttons pdfprnt-buttons-post pdfprnt-bottom-right\"><a href=\"https:\/\/www.burks.de\/burksblog\/wp-json\/wp\/v2\/posts\/33515?print=pdf\" class=\"pdfprnt-button pdfprnt-button-pdf\" target=\"_blank\" ><img decoding=\"async\" src=\"https:\/\/www.burks.de\/burksblog\/wp-content\/plugins\/pdf-print\/images\/pdf.png\" alt=\"image_pdf\" title=\"PDF anzeigen\" \/><\/a><a href=\"https:\/\/www.burks.de\/burksblog\/wp-json\/wp\/v2\/posts\/33515?print=print\" class=\"pdfprnt-button pdfprnt-button-print\" target=\"_blank\" ><img decoding=\"async\" src=\"https:\/\/www.burks.de\/burksblog\/wp-content\/plugins\/pdf-print\/images\/print.png\" alt=\"image_print\" title=\"Inhalt drucken\" \/><\/a><\/div><div class=\"twoclick_social_bookmarks_post_33515 social_share_privacy clearfix 1.6.4 locale-de_DE sprite-de_DE\"><\/div><div class=\"twoclick-js\"><script type=\"text\/javascript\">\/* <![CDATA[ *\/\njQuery(document).ready(function($){if($('.twoclick_social_bookmarks_post_33515')){$('.twoclick_social_bookmarks_post_33515').socialSharePrivacy({\"services\":{\"facebook\":{\"status\":\"on\",\"txt_info\":\"2 Klicks f\\u00fcr mehr Datenschutz: Erst wenn Sie hier klicken, wird der Button aktiv und Sie k\\u00f6nnen Ihre Empfehlung an Facebook senden. Schon beim Aktivieren werden Daten an Dritte \\u00fcbertragen - siehe <em>i<\\\/em>.\",\"perma_option\":\"off\",\"action\":\"recommend\",\"language\":\"de_DE\"},\"twitter\":{\"reply_to\":\"\",\"tweet_text\":\"%20Journalismus%2C%20wie%20er%20sein%20sollte%20%C2%BB%20Burks%27%20Blog%20-%20in%20dubio%20pro%20contra.%20De%20...\",\"status\":\"on\",\"txt_info\":\"2 Klicks f\\u00fcr mehr Datenschutz: Erst wenn Sie hier klicken, wird der Button aktiv und Sie k\\u00f6nnen Ihre Empfehlung an Twitter senden. Schon beim Aktivieren werden Daten an Dritte \\u00fcbertragen - siehe <em>i<\\\/em>.\",\"perma_option\":\"off\",\"language\":\"de\",\"referrer_track\":\"\"}},\"txt_help\":\"Wenn Sie diese Felder durch einen Klick aktivieren, werden Informationen an Facebook, Twitter, Flattr, Xing, t3n, LinkedIn, Pinterest oder Google eventuell ins Ausland \\u00fcbertragen und unter Umst\\u00e4nden auch dort gespeichert. N\\u00e4heres erfahren Sie durch einen Klick auf das <em>i<\\\/em>.\",\"settings_perma\":\"Dauerhaft aktivieren und Daten\\u00fcber-tragung zustimmen:\",\"info_link\":\"http:\\\/\\\/www.heise.de\\\/ct\\\/artikel\\\/2-Klicks-fuer-mehr-Datenschutz-1333879.html\",\"uri\":\"https:\\\/\\\/www.burks.de\\\/burksblog\\\/2018\\\/01\\\/04\\\/journalismus-wie-er-sein-sollte\",\"post_id\":33515,\"post_title_referrer_track\":\"Journalismus%2C+wie+er+sein+sollte\",\"display_infobox\":\"on\"});}});\n\/* ]]> *\/<\/script><\/div>","protected":false},"excerpt":{"rendered":"<p>Lesenswert: James Risen erz\u00e4hlt von den Repressalien, die er erdulden musste. Risen war bei der New York Times jahrelang der f\u00fcr National Security zust\u00e4ndige Reporter und hat mehrere bahnbrechende Reportagen und B\u00fccher geschrieben. (via Fefe) Wenn ich mir hingegen die deutschen Journalisten-Darsteller so ansehe, die in ihrer Soziale-Medien-Blase vor sich hinblubbern&#8230;<\/p>\n","protected":false},"author":1,"featured_media":0,"comment_status":"open","ping_status":"open","sticky":false,"template":"","format":"standard","meta":{"footnotes":""},"categories":[23],"tags":[],"class_list":["post-33515","post","type-post","status-publish","format-standard","hentry","category-media"],"_links":{"self":[{"href":"https:\/\/www.burks.de\/burksblog\/wp-json\/wp\/v2\/posts\/33515","targetHints":{"allow":["GET"]}}],"collection":[{"href":"https:\/\/www.burks.de\/burksblog\/wp-json\/wp\/v2\/posts"}],"about":[{"href":"https:\/\/www.burks.de\/burksblog\/wp-json\/wp\/v2\/types\/post"}],"author":[{"embeddable":true,"href":"https:\/\/www.burks.de\/burksblog\/wp-json\/wp\/v2\/users\/1"}],"replies":[{"embeddable":true,"href":"https:\/\/www.burks.de\/burksblog\/wp-json\/wp\/v2\/comments?post=33515"}],"version-history":[{"count":2,"href":"https:\/\/www.burks.de\/burksblog\/wp-json\/wp\/v2\/posts\/33515\/revisions"}],"predecessor-version":[{"id":33519,"href":"https:\/\/www.burks.de\/burksblog\/wp-json\/wp\/v2\/posts\/33515\/revisions\/33519"}],"wp:attachment":[{"href":"https:\/\/www.burks.de\/burksblog\/wp-json\/wp\/v2\/media?parent=33515"}],"wp:term":[{"taxonomy":"category","embeddable":true,"href":"https:\/\/www.burks.de\/burksblog\/wp-json\/wp\/v2\/categories?post=33515"},{"taxonomy":"post_tag","embeddable":true,"href":"https:\/\/www.burks.de\/burksblog\/wp-json\/wp\/v2\/tags?post=33515"}],"curies":[{"name":"wp","href":"https:\/\/api.w.org\/{rel}","templated":true}]}}