{"id":32906,"date":"2017-10-17T13:37:43","date_gmt":"2017-10-17T11:37:43","guid":{"rendered":"https:\/\/www.burks.de\/burksblog\/?p=32906"},"modified":"2017-10-17T15:40:04","modified_gmt":"2017-10-17T13:40:04","slug":"nicht-nur-ein-fehler-ist-aufgetreten","status":"publish","type":"post","link":"https:\/\/www.burks.de\/burksblog\/2017\/10\/17\/nicht-nur-ein-fehler-ist-aufgetreten","title":{"rendered":"Nicht nur ein Fehler ist aufgetreten"},"content":{"rendered":"<p><img decoding=\"async\" src=\"https:\/\/www.burks.de\/burksblog\/pix\/2017\/10\/171017_1.jpg\" alt=\"die linke\" border=\"1\" hspace=\"0\" vspace=\"0\" width=\"480\" \/><\/p>\n<p>Ach ja? <a href=\"https:\/\/de.wikipedia.org\/wiki\/Dietmar_Bartsch\">Dietmar Bartsch<\/a>, Vorsitzender der &#8222;Linksfraktion&#8220;, hatte einen <a href=\"http:\/\/www.dietmar-bartsch.de\/bartsch\/\">Diplomarbeit<\/a> in \u00d6konomie geschrieben mit dem interessanten Titel &#8222;Verteilungsverh\u00e4ltnisse unter den Bedingungen einer Intensivierung der sozialistischen Wirtschaft&#8220;. (Merke: Wer nicht mindestens drei W\u00f6rter in einem Satz unterbringt, die mit -ung enden, darf kein Mitglied der Partei &#8222;Die Linke&#8220; sein.) Andererseits versteht Bartsch intensivierte Politik offenbar anders als ich. Er sagte, wenn man den <a href=\"http:\/\/www.spiegel.de\/politik\/ausland\/die-linke-dietmar-bartsch-mahnt-kultivierten-umgang-in-der-partei-an-a-1173219.html\">Mainstream-Medien<\/a> glauben will: &#8222;Der W\u00e4hlerauftrag ist nicht, dass wir gro\u00dfe interne Auseinandersetzungen f\u00fchren&#8220;. <\/p>\n<p>Doch, Bartsch, genau das ist der W\u00e4hlerauftrag: Streit um den richtigen Weg, <a href=\"https:\/\/www.welt.de\/geschichte\/article116403169\/Glied-ab-Herbert-Wehners-beste-Zwischenrufe.html\">Herbert Wehner<\/a>, der ein <a href=\"https:\/\/www.youtube.com\/watch?v=01OgjnWvpI8\">richtiger Linker<\/a> war, <a href=\"https:\/\/www.youtube.com\/watch?v=Q9BJLAJLsGU\">eingedenk<\/a>, bis hin zu gro\u00dfem Krach und Radau, ist das, was wir sehen wollen, schon um gut unterhalten zu werden, bewiese uns das doch, dass die &#8222;Linke&#8220; sich Gedanken macht, wie es weitergehen k\u00f6nne und m\u00fcsse, obzwar man sich die j\u00fcngsten Wahlergebnisse nat\u00fcrlich auch sch\u00f6nreden kann nach dem Motto: Wir haben aber doch ein paar Stimmchen mehr&#8230; Leute, eine &#8222;Linke&#8220;, die unter zehn Prozent bleibt trotz der allgegenw\u00e4rtigen Krise des Kapitalismus, ist keine Linke, sondern ein Pappnasenverein, der etwas falsch macht. Nein, nicht die W\u00e4hler sind zu doof, um das Gute, Sch\u00f6ne und Wahre, das die &#8222;Linke&#8220; verk\u00f6rpern will, zu erkennen, sondern die Inhalte sind falsch. Man sagt nicht nur das Falsche, sondern bringt es auch noch schlecht r\u00fcber. Kapiert? Oder seid ihr <a href=\"https:\/\/www.welt.de\/geschichte\/article116403169\/Glied-ab-Herbert-Wehners-beste-Zwischenrufe.html\">Quatschk\u00f6pfe oder gar Schleimer<\/a>? <\/p>\n<p>Der <a href=\"http:\/\/www.tagesspiegel.de\/politik\/brandbrief-von-sahra-wagenknecht-machtkampf-in-der-linken-eskaliert\/20464602.html\">Tagesspiegel<\/a> schreibt recht neutral: &#8222;Der parteinahen Zeitung &#8222;Neues Deutschland&#8220; wirft Wagenknecht vor, sie bringe <a href=\"https:\/\/www.neues-deutschland.de\/artikel\/1066535.der-rassismus-im-lafonknechtschen-wagentainment.html\">fast t\u00e4glich Artikel<\/a> von engen politischen Vertrauten Kippings, die sie &#8222;halb-rechter&#8220;, &#8218;AfD-naher&#8216; oder gar &#8218;rassistischer&#8216; und &#8217;nationalsozialer&#8216; Positionen bezichtigen w\u00fcrden. Die Art dieser Debatte zeige, dass in der Partei ein Klima geschaffen worden sei, das keine normale Diskussionskultur mehr zulasse. Wagenknecht schreibt: &#8218;Wenn jeder, der die Position, offene Grenzen f\u00fcr alle Menschen jetzt sofort&#8216; nicht teilt, sofort unter Generalverdacht gestellt wird, ein Rassist und ein halber Nazi zu sein, ist eine sachliche Diskussion \u00fcber eine vern\u00fcnftige strategische Ausrichtung nicht mehr denkbar&#8216;.&#8220;<\/p>\n<p>Well said. In besserem Deutsch: Wenn jeder, der Textbausteine wie &#8222;offene Grenzen f\u00fcr alle&#8220; nicht uneingeschr\u00e4nkt teilt, sofort verd\u00e4chtigt wird, ein Rassist oder Nazi zu sein, k\u00f6nnen wir nicht mehr sachlich diskutieren, was eine vern\u00fcnftige Strategie sei. (Merke: Man kann auch ohne Geschwurbel und ohne -ungs reden und schreiben, K\u00fcrzer und verst\u00e4ndlicher wird es dann allemal.)<\/p>\n<p>Ceterum censeo: Die &#8222;Linke&#8220; sollte sich als eine Lobby f\u00fcr die Arbeiterklasse, der Armen und der so genannten &#8222;kleinen Leute&#8220; verstehen. Das ist die Mehrheit in Deutschland. Wenn diese Mehrheit die &#8222;Linke&#8220; aber nicht w\u00e4hlt, ist das die Schuld der &#8222;Linken&#8220; und mitnichten die Schuld der W\u00e4hler. Ihr redet nicht wie die, ihr nehmt deren Probleme nicht ernst, ihr <a href=\"https:\/\/www.heise.de\/tp\/features\/Nationalsozial-in-den-Wahlkampf-3580672.html\">gendert statt zu hammern und zu sicheln<\/a>, ihr \u00fcbernehmt die Lifestyle-Themen der reaktion\u00e4ren &#8222;Gr\u00fcnen&#8220;, ihr stellt Studenten zur Wahl anstatt von Putzfrauen, Leiharbeitern oder Proletariern. Ihr stellt nicht die <a href=\"https:\/\/www.burks.de\/burksblog\/2017\/03\/11\/its-the-economy-revisited\">Systemfrage<\/a>, sondern wollt den Kapitalismus nur reparieren und macht euch damit zu Kollaborateuren des Kapitals.<\/p>\n<p>Denkt doch mal an <a href=\"https:\/\/www.salon.com\/2016\/10\/26\/michael-moore-people-will-vote-for-donald-trump-as-a-giant-fk-you-and-hell-win\/\">Michael Moore<\/a>, der richtig vorhergesagt hat, dass Trump die Wahl in den USA gewinnen w\u00fcrde: &#8222;People will vote for Donald Trump as a giant \u201cFuck you\u201d \u2014 and he\u2019ll win&#8220;. Und aus dem Grund w\u00e4hlt die Arbeiterklasse auch in Deutschland so oft die AfD: nicht weil mit mit deren Zielen \u00fcbereinstimmten, sondern weil sie damit den Herrschenden &#8222;fickt euch&#8220; entgegenbr\u00fcllen. Das ist doch gut und ein vern\u00fcnftiger Klassenstandpunkt, oder? Ihr solltet euch mal fragen, warum die kleinen Leute, wenn sie &#8222;fuck you, capitalism&#8220; meinen, nicht an die &#8222;Linken&#8220; denken.<\/p>\n<div class=\"pdfprnt-buttons pdfprnt-buttons-post pdfprnt-bottom-right\"><a href=\"https:\/\/www.burks.de\/burksblog\/wp-json\/wp\/v2\/posts\/32906?print=pdf\" class=\"pdfprnt-button pdfprnt-button-pdf\" target=\"_blank\" ><img decoding=\"async\" src=\"https:\/\/www.burks.de\/burksblog\/wp-content\/plugins\/pdf-print\/images\/pdf.png\" alt=\"image_pdf\" title=\"PDF anzeigen\" \/><\/a><a href=\"https:\/\/www.burks.de\/burksblog\/wp-json\/wp\/v2\/posts\/32906?print=print\" class=\"pdfprnt-button pdfprnt-button-print\" target=\"_blank\" ><img decoding=\"async\" src=\"https:\/\/www.burks.de\/burksblog\/wp-content\/plugins\/pdf-print\/images\/print.png\" alt=\"image_print\" title=\"Inhalt drucken\" \/><\/a><\/div><div class=\"twoclick_social_bookmarks_post_32906 social_share_privacy clearfix 1.6.4 locale-de_DE sprite-de_DE\"><\/div><div class=\"twoclick-js\"><script type=\"text\/javascript\">\/* <![CDATA[ *\/\njQuery(document).ready(function($){if($('.twoclick_social_bookmarks_post_32906')){$('.twoclick_social_bookmarks_post_32906').socialSharePrivacy({\"services\":{\"facebook\":{\"status\":\"on\",\"txt_info\":\"2 Klicks f\\u00fcr mehr Datenschutz: Erst wenn Sie hier klicken, wird der Button aktiv und Sie k\\u00f6nnen Ihre Empfehlung an Facebook senden. Schon beim Aktivieren werden Daten an Dritte \\u00fcbertragen - siehe <em>i<\\\/em>.\",\"perma_option\":\"off\",\"action\":\"recommend\",\"language\":\"de_DE\"},\"twitter\":{\"reply_to\":\"\",\"tweet_text\":\"%20Nicht%20nur%20ein%20Fehler%20ist%20aufgetreten%20%C2%BB%20Burks%27%20Blog%20-%20in%20dubio%20pro%20contra.%20...\",\"status\":\"on\",\"txt_info\":\"2 Klicks f\\u00fcr mehr Datenschutz: Erst wenn Sie hier klicken, wird der Button aktiv und Sie k\\u00f6nnen Ihre Empfehlung an Twitter senden. Schon beim Aktivieren werden Daten an Dritte \\u00fcbertragen - siehe <em>i<\\\/em>.\",\"perma_option\":\"off\",\"language\":\"de\",\"referrer_track\":\"\"}},\"txt_help\":\"Wenn Sie diese Felder durch einen Klick aktivieren, werden Informationen an Facebook, Twitter, Flattr, Xing, t3n, LinkedIn, Pinterest oder Google eventuell ins Ausland \\u00fcbertragen und unter Umst\\u00e4nden auch dort gespeichert. N\\u00e4heres erfahren Sie durch einen Klick auf das <em>i<\\\/em>.\",\"settings_perma\":\"Dauerhaft aktivieren und Daten\\u00fcber-tragung zustimmen:\",\"info_link\":\"http:\\\/\\\/www.heise.de\\\/ct\\\/artikel\\\/2-Klicks-fuer-mehr-Datenschutz-1333879.html\",\"uri\":\"https:\\\/\\\/www.burks.de\\\/burksblog\\\/2017\\\/10\\\/17\\\/nicht-nur-ein-fehler-ist-aufgetreten\",\"post_id\":32906,\"post_title_referrer_track\":\"Nicht+nur+ein+Fehler+ist+aufgetreten\",\"display_infobox\":\"on\"});}});\n\/* ]]> *\/<\/script><\/div>","protected":false},"excerpt":{"rendered":"<p>Ach ja? Dietmar Bartsch, Vorsitzender der &#8222;Linksfraktion&#8220;, hatte einen Diplomarbeit in \u00d6konomie geschrieben mit dem interessanten Titel &#8222;Verteilungsverh\u00e4ltnisse unter den Bedingungen einer Intensivierung der sozialistischen Wirtschaft&#8220;. (Merke: Wer nicht mindestens drei W\u00f6rter in einem Satz unterbringt, die mit -ung enden, darf kein Mitglied der Partei &#8222;Die Linke&#8220; sein.) Andererseits versteht Bartsch intensivierte Politik offenbar anders [&hellip;]<\/p>\n","protected":false},"author":1,"featured_media":0,"comment_status":"open","ping_status":"open","sticky":false,"template":"","format":"standard","meta":{"footnotes":""},"categories":[15],"tags":[],"class_list":["post-32906","post","type-post","status-publish","format-standard","hentry","category-politics"],"_links":{"self":[{"href":"https:\/\/www.burks.de\/burksblog\/wp-json\/wp\/v2\/posts\/32906","targetHints":{"allow":["GET"]}}],"collection":[{"href":"https:\/\/www.burks.de\/burksblog\/wp-json\/wp\/v2\/posts"}],"about":[{"href":"https:\/\/www.burks.de\/burksblog\/wp-json\/wp\/v2\/types\/post"}],"author":[{"embeddable":true,"href":"https:\/\/www.burks.de\/burksblog\/wp-json\/wp\/v2\/users\/1"}],"replies":[{"embeddable":true,"href":"https:\/\/www.burks.de\/burksblog\/wp-json\/wp\/v2\/comments?post=32906"}],"version-history":[{"count":8,"href":"https:\/\/www.burks.de\/burksblog\/wp-json\/wp\/v2\/posts\/32906\/revisions"}],"predecessor-version":[{"id":32917,"href":"https:\/\/www.burks.de\/burksblog\/wp-json\/wp\/v2\/posts\/32906\/revisions\/32917"}],"wp:attachment":[{"href":"https:\/\/www.burks.de\/burksblog\/wp-json\/wp\/v2\/media?parent=32906"}],"wp:term":[{"taxonomy":"category","embeddable":true,"href":"https:\/\/www.burks.de\/burksblog\/wp-json\/wp\/v2\/categories?post=32906"},{"taxonomy":"post_tag","embeddable":true,"href":"https:\/\/www.burks.de\/burksblog\/wp-json\/wp\/v2\/tags?post=32906"}],"curies":[{"name":"wp","href":"https:\/\/api.w.org\/{rel}","templated":true}]}}