{"id":32656,"date":"2017-09-02T15:34:56","date_gmt":"2017-09-02T13:34:56","guid":{"rendered":"https:\/\/www.burks.de\/burksblog\/?p=32656"},"modified":"2017-09-02T16:25:40","modified_gmt":"2017-09-02T14:25:40","slug":"die-revolution-entlaesst-ihre-kinder-und-enkel","status":"publish","type":"post","link":"https:\/\/www.burks.de\/burksblog\/2017\/09\/02\/die-revolution-entlaesst-ihre-kinder-und-enkel","title":{"rendered":"Die Revolution entl\u00e4sst ihre Kinder und Enkel"},"content":{"rendered":"<p><a href=\"https:\/\/de.wikipedia.org\/wiki\/Wolfgang_Leonhard\"><img decoding=\"async\" src=\"https:\/\/www.burks.de\/burksblog\/pix\/2017\/08\/290817_1.jpg\" alt=\"Die Revolution entl\u00e4sst ihre Kinder\" border=\"0\" hspace=\"0\" vspace=\"0\" width=\"480\" \/><\/a><\/p>\n<p>Das Buch von Wolfgang Leonhard: <a target=\"_blank\" href=\"https:\/\/www.amazon.de\/gp\/product\/3462034987\/ref=as_li_tl?ie=UTF8&#038;camp=1638&#038;creative=6742&#038;creativeASIN=3462034987&#038;linkCode=as2&#038;tag=burkhardschroder&#038;linkId=361fa01f81617445b6c323e566b91852\">Die Revolution entl\u00e4sst ihre Kinder<\/a><img loading=\"lazy\" decoding=\"async\" src=\"\/\/ir-de.amazon-adsystem.com\/e\/ir?t=burkhardschroder&#038;l=am2&#038;o=3&#038;a=3462034987\" width=\"1\" height=\"1\" border=\"0\" alt=\"\" style=\"border:none !important; margin:0px !important;\" \/> h\u00e4tte ich schon in den 70-er Jahren lesen sollen. Aber damals h\u00e4tte ich es eben aus genau den Gr\u00fcnden nicht getan, die Leonhard beschreibt.<\/p>\n<p>Die schlechte Nachricht zuerst: Schlecht geschrieben, zu viele Details, zu lang, kaum theoretischer Tiefgang, f\u00fcr die nachgeborene Generation zu langweilig, zu viele Namen, die niemand mehr kennt. Ohne marxistische Grundkenntnisse nicht verst\u00e4ndlich.<\/p>\n<p>Die gute Nachricht: &#8222;Die Revolution entl\u00e4sst ihre Kinder&#8220; ist immer noch genau so aktuell wie der unsterbliche Sketch \u00fcber die <a href=\"https:\/\/www.youtube.com\/watch?v=6pwmffpugRo\">Volksfront von Jud\u00e4a<\/a>. Ich habe es mit \u00e4u\u00dferster Spannung gelesen, was aber nicht repr\u00e4sentativ ist, da nur die \u00e4ltere Generation, die in den 70-er Jahren Marx et al ausf\u00fchrlich studiert hat, mit den Ereignissen etwas anfangen kann. <\/p>\n<p>Warum gibt es eigentlich immer noch keine theoretische Diskussion in der Linken dar\u00fcber, wie &#8222;Stalinismus&#8220; eigentlich entstanden ist und warum? Leonhard beweist anhand seines eigenen Lebens, dass der Moment, in dem Stalin an die Macht kam, eine Konterrevolution war. Alle Kader der ersten Bolschewiki wurden umgebracht. Nur Stalin und die <a href=\"https:\/\/de.wikipedia.org\/wiki\/Nadeschda_Konstantinowna_Krupskaja\">Krupskaja<\/a> \u00fcberlebten. Noch schlimmer: Warum hat sich niemand gewehrt? <\/p>\n<p>Wenn man die Leute detailliert beschrieben bekommt, die &#8211; aus dem <a href=\"https:\/\/de.wikipedia.org\/wiki\/Hotel_Lux\">Moskauer Exil kommend<\/a> &#8211; einen Sozialismus in der DDR aufbauen sollten, dann wei\u00df man sofort: Das konnte nur schief gehen. Schlechter konnten die Voraussetzungen nicht sein.<\/p>\n<p>ich wusste gar nicht, dass Leonhard sp\u00e4ter im Westen eine <a href=\"https:\/\/de.wikipedia.org\/wiki\/Unabh%C3%A4ngige_Arbeiterpartei_Deutschlands\">kommunistische Partei<\/a> gegr\u00fcndet hat, die sich an Jugoslawien orientierte. &#8222;Hier versammelten sich die erfahrenen, aber geschlagenen K\u00e4mpfer aus der zweiten Reihe der Arbeiterbewegung, die sich eine ehrliche, politisch-moralisch intakte und k\u00e4mpferische Klassenpartei w\u00fcnschten.&#8220; Ist mir sofort sympathisch. Das w\u00fcrde heute aber genauso scheitern wie damals.<\/p>\n<p>Aber urteilt selbst.<\/p>\n<div class=\"pdfprnt-buttons pdfprnt-buttons-post pdfprnt-bottom-right\"><a href=\"https:\/\/www.burks.de\/burksblog\/wp-json\/wp\/v2\/posts\/32656?print=pdf\" class=\"pdfprnt-button pdfprnt-button-pdf\" target=\"_blank\" ><img decoding=\"async\" src=\"https:\/\/www.burks.de\/burksblog\/wp-content\/plugins\/pdf-print\/images\/pdf.png\" alt=\"image_pdf\" title=\"PDF anzeigen\" \/><\/a><a href=\"https:\/\/www.burks.de\/burksblog\/wp-json\/wp\/v2\/posts\/32656?print=print\" class=\"pdfprnt-button pdfprnt-button-print\" target=\"_blank\" ><img decoding=\"async\" src=\"https:\/\/www.burks.de\/burksblog\/wp-content\/plugins\/pdf-print\/images\/print.png\" alt=\"image_print\" title=\"Inhalt drucken\" \/><\/a><\/div><div class=\"twoclick_social_bookmarks_post_32656 social_share_privacy clearfix 1.6.4 locale-de_DE sprite-de_DE\"><\/div><div class=\"twoclick-js\"><script type=\"text\/javascript\">\/* <![CDATA[ *\/\njQuery(document).ready(function($){if($('.twoclick_social_bookmarks_post_32656')){$('.twoclick_social_bookmarks_post_32656').socialSharePrivacy({\"services\":{\"facebook\":{\"status\":\"on\",\"txt_info\":\"2 Klicks f\\u00fcr mehr Datenschutz: Erst wenn Sie hier klicken, wird der Button aktiv und Sie k\\u00f6nnen Ihre Empfehlung an Facebook senden. Schon beim Aktivieren werden Daten an Dritte \\u00fcbertragen - siehe <em>i<\\\/em>.\",\"perma_option\":\"off\",\"action\":\"recommend\",\"language\":\"de_DE\"},\"twitter\":{\"reply_to\":\"\",\"tweet_text\":\"%20Die%20Revolution%20entl%C3%A4sst%20ihre%20Kinder%20und%20Enkel%20%C2%BB%20Burks%27%20Blog%20-%20in%20dubio%20...\",\"status\":\"on\",\"txt_info\":\"2 Klicks f\\u00fcr mehr Datenschutz: Erst wenn Sie hier klicken, wird der Button aktiv und Sie k\\u00f6nnen Ihre Empfehlung an Twitter senden. Schon beim Aktivieren werden Daten an Dritte \\u00fcbertragen - siehe <em>i<\\\/em>.\",\"perma_option\":\"off\",\"language\":\"de\",\"referrer_track\":\"\"}},\"txt_help\":\"Wenn Sie diese Felder durch einen Klick aktivieren, werden Informationen an Facebook, Twitter, Flattr, Xing, t3n, LinkedIn, Pinterest oder Google eventuell ins Ausland \\u00fcbertragen und unter Umst\\u00e4nden auch dort gespeichert. N\\u00e4heres erfahren Sie durch einen Klick auf das <em>i<\\\/em>.\",\"settings_perma\":\"Dauerhaft aktivieren und Daten\\u00fcber-tragung zustimmen:\",\"info_link\":\"http:\\\/\\\/www.heise.de\\\/ct\\\/artikel\\\/2-Klicks-fuer-mehr-Datenschutz-1333879.html\",\"uri\":\"https:\\\/\\\/www.burks.de\\\/burksblog\\\/2017\\\/09\\\/02\\\/die-revolution-entlaesst-ihre-kinder-und-enkel\",\"post_id\":32656,\"post_title_referrer_track\":\"Die+Revolution+entl%C3%A4sst+ihre+Kinder+und+Enkel\",\"display_infobox\":\"on\"});}});\n\/* ]]> *\/<\/script><\/div>","protected":false},"excerpt":{"rendered":"<p>Das Buch von Wolfgang Leonhard: Die Revolution entl\u00e4sst ihre Kinder h\u00e4tte ich schon in den 70-er Jahren lesen sollen. Aber damals h\u00e4tte ich es eben aus genau den Gr\u00fcnden nicht getan, die Leonhard beschreibt. Die schlechte Nachricht zuerst: Schlecht geschrieben, zu viele Details, zu lang, kaum theoretischer Tiefgang, f\u00fcr die nachgeborene Generation zu langweilig, zu [&hellip;]<\/p>\n","protected":false},"author":1,"featured_media":0,"comment_status":"open","ping_status":"open","sticky":false,"template":"","format":"standard","meta":{"footnotes":""},"categories":[1,15,17],"tags":[],"class_list":["post-32656","post","type-post","status-publish","format-standard","hentry","category-feuilleton","category-politics","category-science"],"_links":{"self":[{"href":"https:\/\/www.burks.de\/burksblog\/wp-json\/wp\/v2\/posts\/32656","targetHints":{"allow":["GET"]}}],"collection":[{"href":"https:\/\/www.burks.de\/burksblog\/wp-json\/wp\/v2\/posts"}],"about":[{"href":"https:\/\/www.burks.de\/burksblog\/wp-json\/wp\/v2\/types\/post"}],"author":[{"embeddable":true,"href":"https:\/\/www.burks.de\/burksblog\/wp-json\/wp\/v2\/users\/1"}],"replies":[{"embeddable":true,"href":"https:\/\/www.burks.de\/burksblog\/wp-json\/wp\/v2\/comments?post=32656"}],"version-history":[{"count":6,"href":"https:\/\/www.burks.de\/burksblog\/wp-json\/wp\/v2\/posts\/32656\/revisions"}],"predecessor-version":[{"id":32679,"href":"https:\/\/www.burks.de\/burksblog\/wp-json\/wp\/v2\/posts\/32656\/revisions\/32679"}],"wp:attachment":[{"href":"https:\/\/www.burks.de\/burksblog\/wp-json\/wp\/v2\/media?parent=32656"}],"wp:term":[{"taxonomy":"category","embeddable":true,"href":"https:\/\/www.burks.de\/burksblog\/wp-json\/wp\/v2\/categories?post=32656"},{"taxonomy":"post_tag","embeddable":true,"href":"https:\/\/www.burks.de\/burksblog\/wp-json\/wp\/v2\/tags?post=32656"}],"curies":[{"name":"wp","href":"https:\/\/api.w.org\/{rel}","templated":true}]}}