{"id":3253,"date":"2009-10-10T19:46:05","date_gmt":"2009-10-10T18:46:05","guid":{"rendered":"http:\/\/www.burks.de\/burksblog\/?p=3253"},"modified":"2009-10-10T19:46:05","modified_gmt":"2009-10-10T18:46:05","slug":"romania-rulez","status":"publish","type":"post","link":"https:\/\/www.burks.de\/burksblog\/2009\/10\/10\/romania-rulez","title":{"rendered":"Romania rulez!"},"content":{"rendered":"<p><a href=\"http:\/\/www.heise.de\/newsticker\/meldung\/Rumaenisches-Verfassungsgericht-untersagt-Vorratsdatenspeicherung-821137.html\">Heise<\/a>: &#8222;Rum\u00e4nisches Verfassungsgericht untersagt Vorratsdatenspeicherung&#8220;. &#8222;Das rum\u00e4nische <a href=\"http:\/\/www.ccr.ro\/\">Verfassungsgericht<\/a> hat damit einer Klage von B\u00fcrgern gegen den Telekommunikationsanbieter Orange entsprochen, es unter Berufung auf Artikel 28 der Verfassung zu unterlassen, Verbindungsdaten, E-Mails und SMS-Inhalte bereitzuhalten.&#8220;<\/p>\n<p>Hurra! Ganz Europa soll ein \u00dcberwachungsstaat werden. Nur ein, nein <a href=\"http:\/\/www.heise.de\/newsticker\/meldung\/Vorratsdatenspeicherung-in-Bulgarien-vorerst-gestoppt-192081.html\">zwei<\/a> kleine osteurop\u00e4ische L\u00e4ndern leisten Widerstand. H\u00e4tten Sie&#8217;s gewusst? Man muss sich f\u00fcr deutsche Politiker wie Sch\u00e4uble, Bosbach und Zensursula und andere mit \u00dcberwachungswahnvorstellungen schon im Ausland sch\u00e4men&#8230;<\/p>\n<p>Da kein deutsches Mainstream-Holzmedium in der Lage sein wird, auf die Original-Quelle zu verlinken: es ist die rum\u00e4nische Nachrichtenagentur <a href=\"http:\/\/www.mediafax.ro\/engleza\/romania-s-constitutional-court-rules-data-storage-law-unconstitutional-4972690\">Mediafax<\/a> (in englischer Sprache!).<\/p>\n<div class=\"pdfprnt-buttons pdfprnt-buttons-post pdfprnt-bottom-right\"><a href=\"https:\/\/www.burks.de\/burksblog\/wp-json\/wp\/v2\/posts\/3253?print=pdf\" class=\"pdfprnt-button pdfprnt-button-pdf\" target=\"_blank\" ><img decoding=\"async\" src=\"https:\/\/www.burks.de\/burksblog\/wp-content\/plugins\/pdf-print\/images\/pdf.png\" alt=\"image_pdf\" title=\"PDF anzeigen\" \/><\/a><a href=\"https:\/\/www.burks.de\/burksblog\/wp-json\/wp\/v2\/posts\/3253?print=print\" class=\"pdfprnt-button pdfprnt-button-print\" target=\"_blank\" ><img decoding=\"async\" src=\"https:\/\/www.burks.de\/burksblog\/wp-content\/plugins\/pdf-print\/images\/print.png\" alt=\"image_print\" title=\"Inhalt drucken\" \/><\/a><\/div><div class=\"twoclick_social_bookmarks_post_3253 social_share_privacy clearfix 1.6.4 locale-de_DE sprite-de_DE\"><\/div><div class=\"twoclick-js\"><script type=\"text\/javascript\">\/* <![CDATA[ *\/\njQuery(document).ready(function($){if($('.twoclick_social_bookmarks_post_3253')){$('.twoclick_social_bookmarks_post_3253').socialSharePrivacy({\"services\":{\"facebook\":{\"status\":\"on\",\"txt_info\":\"2 Klicks f\\u00fcr mehr Datenschutz: Erst wenn Sie hier klicken, wird der Button aktiv und Sie k\\u00f6nnen Ihre Empfehlung an Facebook senden. Schon beim Aktivieren werden Daten an Dritte \\u00fcbertragen - siehe <em>i<\\\/em>.\",\"perma_option\":\"off\",\"action\":\"recommend\",\"language\":\"de_DE\"},\"twitter\":{\"reply_to\":\"\",\"tweet_text\":\"Romania%20rulez%21%20%C2%BB%20Burks%27%20Blog%20-%20in%20dubio%20pro%20contra.%20De%20omnibus%20dubitandum.\",\"status\":\"on\",\"txt_info\":\"2 Klicks f\\u00fcr mehr Datenschutz: Erst wenn Sie hier klicken, wird der Button aktiv und Sie k\\u00f6nnen Ihre Empfehlung an Twitter senden. Schon beim Aktivieren werden Daten an Dritte \\u00fcbertragen - siehe <em>i<\\\/em>.\",\"perma_option\":\"off\",\"language\":\"de\",\"referrer_track\":\"\"}},\"txt_help\":\"Wenn Sie diese Felder durch einen Klick aktivieren, werden Informationen an Facebook, Twitter, Flattr, Xing, t3n, LinkedIn, Pinterest oder Google eventuell ins Ausland \\u00fcbertragen und unter Umst\\u00e4nden auch dort gespeichert. N\\u00e4heres erfahren Sie durch einen Klick auf das <em>i<\\\/em>.\",\"settings_perma\":\"Dauerhaft aktivieren und Daten\\u00fcber-tragung zustimmen:\",\"info_link\":\"http:\\\/\\\/www.heise.de\\\/ct\\\/artikel\\\/2-Klicks-fuer-mehr-Datenschutz-1333879.html\",\"uri\":\"https:\\\/\\\/www.burks.de\\\/burksblog\\\/2009\\\/10\\\/10\\\/romania-rulez\",\"post_id\":3253,\"post_title_referrer_track\":\"Romania+rulez%21\",\"display_infobox\":\"on\"});}});\n\/* ]]> *\/<\/script><\/div>","protected":false},"excerpt":{"rendered":"<p>Heise: &#8222;Rum\u00e4nisches Verfassungsgericht untersagt Vorratsdatenspeicherung&#8220;. &#8222;Das rum\u00e4nische Verfassungsgericht hat damit einer Klage von B\u00fcrgern gegen den Telekommunikationsanbieter Orange entsprochen, es unter Berufung auf Artikel 28 der Verfassung zu unterlassen, Verbindungsdaten, E-Mails und SMS-Inhalte bereitzuhalten.&#8220; Hurra! Ganz Europa soll ein \u00dcberwachungsstaat werden. Nur ein, nein zwei kleine osteurop\u00e4ische L\u00e4ndern leisten Widerstand. H\u00e4tten Sie&#8217;s gewusst? Man muss [&hellip;]<\/p>\n","protected":false},"author":1,"featured_media":0,"comment_status":"open","ping_status":"open","sticky":false,"template":"","format":"standard","meta":{"footnotes":""},"categories":[23,15,31],"tags":[],"class_list":["post-3253","post","type-post","status-publish","format-standard","hentry","category-media","category-politics","category-protect-your-privacy"],"_links":{"self":[{"href":"https:\/\/www.burks.de\/burksblog\/wp-json\/wp\/v2\/posts\/3253","targetHints":{"allow":["GET"]}}],"collection":[{"href":"https:\/\/www.burks.de\/burksblog\/wp-json\/wp\/v2\/posts"}],"about":[{"href":"https:\/\/www.burks.de\/burksblog\/wp-json\/wp\/v2\/types\/post"}],"author":[{"embeddable":true,"href":"https:\/\/www.burks.de\/burksblog\/wp-json\/wp\/v2\/users\/1"}],"replies":[{"embeddable":true,"href":"https:\/\/www.burks.de\/burksblog\/wp-json\/wp\/v2\/comments?post=3253"}],"version-history":[{"count":1,"href":"https:\/\/www.burks.de\/burksblog\/wp-json\/wp\/v2\/posts\/3253\/revisions"}],"predecessor-version":[{"id":3254,"href":"https:\/\/www.burks.de\/burksblog\/wp-json\/wp\/v2\/posts\/3253\/revisions\/3254"}],"wp:attachment":[{"href":"https:\/\/www.burks.de\/burksblog\/wp-json\/wp\/v2\/media?parent=3253"}],"wp:term":[{"taxonomy":"category","embeddable":true,"href":"https:\/\/www.burks.de\/burksblog\/wp-json\/wp\/v2\/categories?post=3253"},{"taxonomy":"post_tag","embeddable":true,"href":"https:\/\/www.burks.de\/burksblog\/wp-json\/wp\/v2\/tags?post=3253"}],"curies":[{"name":"wp","href":"https:\/\/api.w.org\/{rel}","templated":true}]}}