{"id":32418,"date":"2017-07-16T18:26:40","date_gmt":"2017-07-16T16:26:40","guid":{"rendered":"https:\/\/www.burks.de\/burksblog\/?p=32418"},"modified":"2017-07-16T18:26:40","modified_gmt":"2017-07-16T16:26:40","slug":"arbeiterklasse","status":"publish","type":"post","link":"https:\/\/www.burks.de\/burksblog\/2017\/07\/16\/arbeiterklasse","title":{"rendered":"Arbeiterklasse"},"content":{"rendered":"<p><img decoding=\"async\" src=\"https:\/\/www.burks.de\/burksblog\/pix\/2017\/07\/160717_1.jpg\" alt=\"arbeiterklasse\" border=\"0\" hspace=\"0\" vspace=\"0\" width=\"480\" \/><\/p>\n<p><sup>Source: <a href=\"https:\/\/libcom.org\/library\/working-class-protest-popular-revolt-urban-insurrection-argentina-1969-cordobazo\">Libcom.org<\/a>: Cordobazo<\/sup><\/p>\n<p>Sehr sch\u00f6nes Interview im <a href=\"https:\/\/www.neues-deutschland.de\/m\/artikel\/1056935.die-arbeiterklasse-waechst-und-bewegt-sich.html\">Neuen Deutschland<\/a> mit dem &#8222;Historiker Marcel van der Linden \u00fcber riesige Streiks, schwache Gewerkschaften und prek\u00e4re Normalarbeit&#8220;.<\/p>\n<p>&#8222;<i>Herr van der Linden, gibt es eine globale Arbeiterklasse?<\/i><br \/>\nJa nat\u00fcrlich, warum zweifeln Sie daran?<\/p>\n<p><i>In Deutschland wird der Begriff nicht gerne verwendet. Die meisten Menschen definieren sich als soziale Mitte. Warum ist es denn gerechtfertigt, trotzdem von der Arbeiterklasse zu sprechen?<\/i><br \/>\nIch w\u00fcrde sagen, ein Arbeiter beziehungsweise eine Arbeiterin ist jemand, dessen Arbeitskraft zur Ware gemacht wird. In diesem Sinne gibt es eigentlich immer mehr Menschen, die zu dieser breiten Arbeiterklasse geh\u00f6ren. Sch\u00e4tzungen zufolge sind es 3,1 Milliarden. Diese Gruppe ist aber sehr heterogen.&#8220;<\/p>\n<p>&#8222;Global und historisch betrachtet ist die Arbeiterbewegung in einer tiefen Krise. Sie wird ja klassisch \u00fcber drei Grundformen definiert: Konsumgenossenschaften, Gewerkschaften und Arbeiterparteien.&#8220;  <\/p>\n<p>Ich sehe das \u00e4hnlich. Weltweit w\u00e4chst die Arbeiterklasse an &#8211; auch ihr Widerstand, aber leider sind die Organisationen, die das politisch umsetzen k\u00f6nnten, noch nicht (wieder) stark. Die &#8222;Linke&#8220; in Deutschland ist ohnehin nur reformistisch und nicht ernstzunehmen.<\/p>\n<div class=\"pdfprnt-buttons pdfprnt-buttons-post pdfprnt-bottom-right\"><a href=\"https:\/\/www.burks.de\/burksblog\/wp-json\/wp\/v2\/posts\/32418?print=pdf\" class=\"pdfprnt-button pdfprnt-button-pdf\" target=\"_blank\" ><img decoding=\"async\" src=\"https:\/\/www.burks.de\/burksblog\/wp-content\/plugins\/pdf-print\/images\/pdf.png\" alt=\"image_pdf\" title=\"PDF anzeigen\" \/><\/a><a href=\"https:\/\/www.burks.de\/burksblog\/wp-json\/wp\/v2\/posts\/32418?print=print\" class=\"pdfprnt-button pdfprnt-button-print\" target=\"_blank\" ><img decoding=\"async\" src=\"https:\/\/www.burks.de\/burksblog\/wp-content\/plugins\/pdf-print\/images\/print.png\" alt=\"image_print\" title=\"Inhalt drucken\" \/><\/a><\/div><div class=\"twoclick_social_bookmarks_post_32418 social_share_privacy clearfix 1.6.4 locale-de_DE sprite-de_DE\"><\/div><div class=\"twoclick-js\"><script type=\"text\/javascript\">\/* <![CDATA[ *\/\njQuery(document).ready(function($){if($('.twoclick_social_bookmarks_post_32418')){$('.twoclick_social_bookmarks_post_32418').socialSharePrivacy({\"services\":{\"facebook\":{\"status\":\"on\",\"txt_info\":\"2 Klicks f\\u00fcr mehr Datenschutz: Erst wenn Sie hier klicken, wird der Button aktiv und Sie k\\u00f6nnen Ihre Empfehlung an Facebook senden. Schon beim Aktivieren werden Daten an Dritte \\u00fcbertragen - siehe <em>i<\\\/em>.\",\"perma_option\":\"off\",\"action\":\"recommend\",\"language\":\"de_DE\"},\"twitter\":{\"reply_to\":\"\",\"tweet_text\":\"Arbeiterklasse%20%C2%BB%20Burks%27%20Blog%20-%20in%20dubio%20pro%20contra.%20De%20omnibus%20dubitandum.\",\"status\":\"on\",\"txt_info\":\"2 Klicks f\\u00fcr mehr Datenschutz: Erst wenn Sie hier klicken, wird der Button aktiv und Sie k\\u00f6nnen Ihre Empfehlung an Twitter senden. Schon beim Aktivieren werden Daten an Dritte \\u00fcbertragen - siehe <em>i<\\\/em>.\",\"perma_option\":\"off\",\"language\":\"de\",\"referrer_track\":\"\"}},\"txt_help\":\"Wenn Sie diese Felder durch einen Klick aktivieren, werden Informationen an Facebook, Twitter, Flattr, Xing, t3n, LinkedIn, Pinterest oder Google eventuell ins Ausland \\u00fcbertragen und unter Umst\\u00e4nden auch dort gespeichert. N\\u00e4heres erfahren Sie durch einen Klick auf das <em>i<\\\/em>.\",\"settings_perma\":\"Dauerhaft aktivieren und Daten\\u00fcber-tragung zustimmen:\",\"info_link\":\"http:\\\/\\\/www.heise.de\\\/ct\\\/artikel\\\/2-Klicks-fuer-mehr-Datenschutz-1333879.html\",\"uri\":\"https:\\\/\\\/www.burks.de\\\/burksblog\\\/2017\\\/07\\\/16\\\/arbeiterklasse\",\"post_id\":32418,\"post_title_referrer_track\":\"Arbeiterklasse\",\"display_infobox\":\"on\"});}});\n\/* ]]> *\/<\/script><\/div>","protected":false},"excerpt":{"rendered":"<p>Source: Libcom.org: Cordobazo Sehr sch\u00f6nes Interview im Neuen Deutschland mit dem &#8222;Historiker Marcel van der Linden \u00fcber riesige Streiks, schwache Gewerkschaften und prek\u00e4re Normalarbeit&#8220;. &#8222;Herr van der Linden, gibt es eine globale Arbeiterklasse? Ja nat\u00fcrlich, warum zweifeln Sie daran? In Deutschland wird der Begriff nicht gerne verwendet. Die meisten Menschen definieren sich als soziale Mitte. [&hellip;]<\/p>\n","protected":false},"author":1,"featured_media":0,"comment_status":"open","ping_status":"open","sticky":false,"template":"","format":"standard","meta":{"footnotes":""},"categories":[15],"tags":[],"class_list":["post-32418","post","type-post","status-publish","format-standard","hentry","category-politics"],"_links":{"self":[{"href":"https:\/\/www.burks.de\/burksblog\/wp-json\/wp\/v2\/posts\/32418","targetHints":{"allow":["GET"]}}],"collection":[{"href":"https:\/\/www.burks.de\/burksblog\/wp-json\/wp\/v2\/posts"}],"about":[{"href":"https:\/\/www.burks.de\/burksblog\/wp-json\/wp\/v2\/types\/post"}],"author":[{"embeddable":true,"href":"https:\/\/www.burks.de\/burksblog\/wp-json\/wp\/v2\/users\/1"}],"replies":[{"embeddable":true,"href":"https:\/\/www.burks.de\/burksblog\/wp-json\/wp\/v2\/comments?post=32418"}],"version-history":[{"count":1,"href":"https:\/\/www.burks.de\/burksblog\/wp-json\/wp\/v2\/posts\/32418\/revisions"}],"predecessor-version":[{"id":32419,"href":"https:\/\/www.burks.de\/burksblog\/wp-json\/wp\/v2\/posts\/32418\/revisions\/32419"}],"wp:attachment":[{"href":"https:\/\/www.burks.de\/burksblog\/wp-json\/wp\/v2\/media?parent=32418"}],"wp:term":[{"taxonomy":"category","embeddable":true,"href":"https:\/\/www.burks.de\/burksblog\/wp-json\/wp\/v2\/categories?post=32418"},{"taxonomy":"post_tag","embeddable":true,"href":"https:\/\/www.burks.de\/burksblog\/wp-json\/wp\/v2\/tags?post=32418"}],"curies":[{"name":"wp","href":"https:\/\/api.w.org\/{rel}","templated":true}]}}