{"id":32345,"date":"2017-07-04T12:59:19","date_gmt":"2017-07-04T10:59:19","guid":{"rendered":"https:\/\/www.burks.de\/burksblog\/?p=32345"},"modified":"2017-07-04T13:01:15","modified_gmt":"2017-07-04T11:01:15","slug":"neues-von-der-judaeischen-befreiungsfront","status":"publish","type":"post","link":"https:\/\/www.burks.de\/burksblog\/2017\/07\/04\/neues-von-der-judaeischen-befreiungsfront","title":{"rendered":"Neues von der Jud\u00e4ischen Befreiungsfront"},"content":{"rendered":"<p>Die <a href=\"https:\/\/www.taz.de\/Archiv-Suche\/!5422316\/\">Taz<\/a> mokiert sich \u00fcber den Antisemitismus de <a href=\"https:\/\/www.klassegegenklasse.org\/intifada-heisst-abschuetteln-oder-warum-palaestinasolidaritaet-zum-g20\/\">Internationalistischen Blocks<\/a>. (By the way: Sehr h\u00fcbscher Titel: &#8222;Die Protokolle der Weisen von Hamburg&#8220;.) Die <a href=\"https:\/\/www.klassegegenklasse.org\/warum-hetzt-die-taz-gegen-den-internationalistischen-block\/\">Antwort<\/a> l\u00e4sst nicht lange auf sich warten.<\/p>\n<p>Vielleicht sollten sich diese so genannten &#8222;Internationalisten&#8220; mal in <a href=\"http:\/\/www.faz.net\/aktuell\/feuilleton\/debatten\/in-palaestinensischen-schulbuechern-existiert-israel-nicht-15081678.html\">pal\u00e4stinensichen Schulb\u00fcchern<\/a> umsehen. Der korrupte Haufen, der die Araber anf\u00fchrt, die sich &#8222;<a href=\"https:\/\/www.welt.de\/debatte\/article111236267\/Palaestinensischer-Irrsinn-finanziert-von-den-UN.html\">Pal\u00e4stinenser<\/a>&#8220; nennen, wird bekanntlich und aus unerkl\u00e4rlichen Gr\u00fcnden durch meine Steuergelder mitfinanziert. Das ist doch Irrsinn.<\/p>\n<p>Bekanntlich wollten alle Araber die Juden ins Meer werfen, nach dem die UNO das ehemalige <a href=\"https:\/\/de.wikipedia.org\/wiki\/V%C3%B6lkerbundsmandat_f%C3%BCr_Pal%C3%A4stina\">britische Mandatsgebiet<\/a> &#8222;Pal\u00e4stina&#8220; zwischen Arabern und Juden geteilt und die Juden den <a href=\"https:\/\/de.wikipedia.org\/wiki\/Israelische_Unabh%C3%A4ngigkeitserkl%C3%A4rung\">Staat Israel<\/a> proklamiert hatten. Bekanntlich haben alle Kriege, die die Araber seitdem angezettelt haben, nicht so geendet, wie sie sich das dachten. <\/p>\n<p>Wer den &#8222;Pal\u00e4stinensern&#8220; irgendein Territorium zuspricht, das sie angeblich mal &#8222;besa\u00dfen&#8220;, muss auch fordern, dass K\u00f6nigsberg wieder deutsch werde.<\/p>\n<div class=\"pdfprnt-buttons pdfprnt-buttons-post pdfprnt-bottom-right\"><a href=\"https:\/\/www.burks.de\/burksblog\/wp-json\/wp\/v2\/posts\/32345?print=pdf\" class=\"pdfprnt-button pdfprnt-button-pdf\" target=\"_blank\" ><img decoding=\"async\" src=\"https:\/\/www.burks.de\/burksblog\/wp-content\/plugins\/pdf-print\/images\/pdf.png\" alt=\"image_pdf\" title=\"PDF anzeigen\" \/><\/a><a href=\"https:\/\/www.burks.de\/burksblog\/wp-json\/wp\/v2\/posts\/32345?print=print\" class=\"pdfprnt-button pdfprnt-button-print\" target=\"_blank\" ><img decoding=\"async\" src=\"https:\/\/www.burks.de\/burksblog\/wp-content\/plugins\/pdf-print\/images\/print.png\" alt=\"image_print\" title=\"Inhalt drucken\" \/><\/a><\/div><div class=\"twoclick_social_bookmarks_post_32345 social_share_privacy clearfix 1.6.4 locale-de_DE sprite-de_DE\"><\/div><div class=\"twoclick-js\"><script type=\"text\/javascript\">\/* <![CDATA[ *\/\njQuery(document).ready(function($){if($('.twoclick_social_bookmarks_post_32345')){$('.twoclick_social_bookmarks_post_32345').socialSharePrivacy({\"services\":{\"facebook\":{\"status\":\"on\",\"txt_info\":\"2 Klicks f\\u00fcr mehr Datenschutz: Erst wenn Sie hier klicken, wird der Button aktiv und Sie k\\u00f6nnen Ihre Empfehlung an Facebook senden. Schon beim Aktivieren werden Daten an Dritte \\u00fcbertragen - siehe <em>i<\\\/em>.\",\"perma_option\":\"off\",\"action\":\"recommend\",\"language\":\"de_DE\"},\"twitter\":{\"reply_to\":\"\",\"tweet_text\":\"%20Neues%20von%20der%20Jud%C3%A4ischen%20Befreiungsfront%20%C2%BB%20Burks%27%20Blog%20-%20in%20dubio%20pro%20...\",\"status\":\"on\",\"txt_info\":\"2 Klicks f\\u00fcr mehr Datenschutz: Erst wenn Sie hier klicken, wird der Button aktiv und Sie k\\u00f6nnen Ihre Empfehlung an Twitter senden. Schon beim Aktivieren werden Daten an Dritte \\u00fcbertragen - siehe <em>i<\\\/em>.\",\"perma_option\":\"off\",\"language\":\"de\",\"referrer_track\":\"\"}},\"txt_help\":\"Wenn Sie diese Felder durch einen Klick aktivieren, werden Informationen an Facebook, Twitter, Flattr, Xing, t3n, LinkedIn, Pinterest oder Google eventuell ins Ausland \\u00fcbertragen und unter Umst\\u00e4nden auch dort gespeichert. N\\u00e4heres erfahren Sie durch einen Klick auf das <em>i<\\\/em>.\",\"settings_perma\":\"Dauerhaft aktivieren und Daten\\u00fcber-tragung zustimmen:\",\"info_link\":\"http:\\\/\\\/www.heise.de\\\/ct\\\/artikel\\\/2-Klicks-fuer-mehr-Datenschutz-1333879.html\",\"uri\":\"https:\\\/\\\/www.burks.de\\\/burksblog\\\/2017\\\/07\\\/04\\\/neues-von-der-judaeischen-befreiungsfront\",\"post_id\":32345,\"post_title_referrer_track\":\"Neues+von+der+Jud%C3%A4ischen+Befreiungsfront\",\"display_infobox\":\"on\"});}});\n\/* ]]> *\/<\/script><\/div>","protected":false},"excerpt":{"rendered":"<p>Die Taz mokiert sich \u00fcber den Antisemitismus de Internationalistischen Blocks. (By the way: Sehr h\u00fcbscher Titel: &#8222;Die Protokolle der Weisen von Hamburg&#8220;.) Die Antwort l\u00e4sst nicht lange auf sich warten. Vielleicht sollten sich diese so genannten &#8222;Internationalisten&#8220; mal in pal\u00e4stinensichen Schulb\u00fcchern umsehen. Der korrupte Haufen, der die Araber anf\u00fchrt, die sich &#8222;Pal\u00e4stinenser&#8220; nennen, wird bekanntlich [&hellip;]<\/p>\n","protected":false},"author":1,"featured_media":0,"comment_status":"open","ping_status":"open","sticky":false,"template":"","format":"standard","meta":{"footnotes":""},"categories":[15],"tags":[],"class_list":["post-32345","post","type-post","status-publish","format-standard","hentry","category-politics"],"_links":{"self":[{"href":"https:\/\/www.burks.de\/burksblog\/wp-json\/wp\/v2\/posts\/32345","targetHints":{"allow":["GET"]}}],"collection":[{"href":"https:\/\/www.burks.de\/burksblog\/wp-json\/wp\/v2\/posts"}],"about":[{"href":"https:\/\/www.burks.de\/burksblog\/wp-json\/wp\/v2\/types\/post"}],"author":[{"embeddable":true,"href":"https:\/\/www.burks.de\/burksblog\/wp-json\/wp\/v2\/users\/1"}],"replies":[{"embeddable":true,"href":"https:\/\/www.burks.de\/burksblog\/wp-json\/wp\/v2\/comments?post=32345"}],"version-history":[{"count":3,"href":"https:\/\/www.burks.de\/burksblog\/wp-json\/wp\/v2\/posts\/32345\/revisions"}],"predecessor-version":[{"id":32348,"href":"https:\/\/www.burks.de\/burksblog\/wp-json\/wp\/v2\/posts\/32345\/revisions\/32348"}],"wp:attachment":[{"href":"https:\/\/www.burks.de\/burksblog\/wp-json\/wp\/v2\/media?parent=32345"}],"wp:term":[{"taxonomy":"category","embeddable":true,"href":"https:\/\/www.burks.de\/burksblog\/wp-json\/wp\/v2\/categories?post=32345"},{"taxonomy":"post_tag","embeddable":true,"href":"https:\/\/www.burks.de\/burksblog\/wp-json\/wp\/v2\/tags?post=32345"}],"curies":[{"name":"wp","href":"https:\/\/api.w.org\/{rel}","templated":true}]}}