{"id":323,"date":"2008-03-06T13:40:29","date_gmt":"2008-03-06T12:40:29","guid":{"rendered":"http:\/\/www.burks.de\/burksblog\/2008\/03\/06\/die-taz-blamiert-sich-wieder\/"},"modified":"2008-03-06T13:40:29","modified_gmt":"2008-03-06T12:40:29","slug":"die-taz-blamiert-sich-wieder","status":"publish","type":"post","link":"https:\/\/www.burks.de\/burksblog\/2008\/03\/06\/die-taz-blamiert-sich-wieder","title":{"rendered":"Die taz blamiert sich wieder:"},"content":{"rendered":"<p>Sorry, hatte ich gar nicht mibekommen: <a href=\"http:\/\/www.taz.de\/1\/debatte\/kommentar\/artikel\/1\/das-verfassungsgericht-geht-zu-weit\/?src=SE&#038;cHash=34546b7e4f&#038;type=98\">Kommentar<\/a> vom &#8222;Rechtsexperten&#8220; der taz, Christian Rath (28.02.2008): &#8222;F\u00fcr eine wirksame Terrorabwehr w\u00fcrde es gen\u00fcgen, dass sie E-Mail-Verkehr und Telefonate auch \u00fcberwachen kann, wenn diese verschl\u00fcsselt im Internet gef\u00fchrt werden.&#8220; Man fasst es nicht. Verschl\u00fcsselte E-Mails \u00fcberwachen? Das m\u00f6chte ich sehen. Das kann jeder bei mir gern tun &#8211; aber wie sieht es mit dem Lesen aus? <\/p>\n<div class=\"pdfprnt-buttons pdfprnt-buttons-post pdfprnt-bottom-right\"><a href=\"https:\/\/www.burks.de\/burksblog\/wp-json\/wp\/v2\/posts\/323?print=pdf\" class=\"pdfprnt-button pdfprnt-button-pdf\" target=\"_blank\" ><img decoding=\"async\" src=\"https:\/\/www.burks.de\/burksblog\/wp-content\/plugins\/pdf-print\/images\/pdf.png\" alt=\"image_pdf\" title=\"PDF anzeigen\" \/><\/a><a href=\"https:\/\/www.burks.de\/burksblog\/wp-json\/wp\/v2\/posts\/323?print=print\" class=\"pdfprnt-button pdfprnt-button-print\" target=\"_blank\" ><img decoding=\"async\" src=\"https:\/\/www.burks.de\/burksblog\/wp-content\/plugins\/pdf-print\/images\/print.png\" alt=\"image_print\" title=\"Inhalt drucken\" \/><\/a><\/div><div class=\"twoclick_social_bookmarks_post_323 social_share_privacy clearfix 1.6.4 locale-de_DE sprite-de_DE\"><\/div><div class=\"twoclick-js\"><script type=\"text\/javascript\">\/* <![CDATA[ *\/\njQuery(document).ready(function($){if($('.twoclick_social_bookmarks_post_323')){$('.twoclick_social_bookmarks_post_323').socialSharePrivacy({\"services\":{\"facebook\":{\"status\":\"on\",\"txt_info\":\"2 Klicks f\\u00fcr mehr Datenschutz: Erst wenn Sie hier klicken, wird der Button aktiv und Sie k\\u00f6nnen Ihre Empfehlung an Facebook senden. Schon beim Aktivieren werden Daten an Dritte \\u00fcbertragen - siehe <em>i<\\\/em>.\",\"perma_option\":\"off\",\"action\":\"recommend\",\"language\":\"de_DE\"},\"twitter\":{\"reply_to\":\"\",\"tweet_text\":\"%20Die%20taz%20blamiert%20sich%20wieder%3A%20%C2%BB%20Burks%27%20Blog%20-%20in%20dubio%20pro%20contra.%20De%20...\",\"status\":\"on\",\"txt_info\":\"2 Klicks f\\u00fcr mehr Datenschutz: Erst wenn Sie hier klicken, wird der Button aktiv und Sie k\\u00f6nnen Ihre Empfehlung an Twitter senden. Schon beim Aktivieren werden Daten an Dritte \\u00fcbertragen - siehe <em>i<\\\/em>.\",\"perma_option\":\"off\",\"language\":\"de\",\"referrer_track\":\"\"}},\"txt_help\":\"Wenn Sie diese Felder durch einen Klick aktivieren, werden Informationen an Facebook, Twitter, Flattr, Xing, t3n, LinkedIn, Pinterest oder Google eventuell ins Ausland \\u00fcbertragen und unter Umst\\u00e4nden auch dort gespeichert. N\\u00e4heres erfahren Sie durch einen Klick auf das <em>i<\\\/em>.\",\"settings_perma\":\"Dauerhaft aktivieren und Daten\\u00fcber-tragung zustimmen:\",\"info_link\":\"http:\\\/\\\/www.heise.de\\\/ct\\\/artikel\\\/2-Klicks-fuer-mehr-Datenschutz-1333879.html\",\"uri\":\"https:\\\/\\\/www.burks.de\\\/burksblog\\\/2008\\\/03\\\/06\\\/die-taz-blamiert-sich-wieder\",\"post_id\":323,\"post_title_referrer_track\":\"Die+taz+blamiert+sich+wieder%3A\",\"display_infobox\":\"on\"});}});\n\/* ]]> *\/<\/script><\/div>","protected":false},"excerpt":{"rendered":"<p>Sorry, hatte ich gar nicht mibekommen: Kommentar vom &#8222;Rechtsexperten&#8220; der taz, Christian Rath (28.02.2008): &#8222;F\u00fcr eine wirksame Terrorabwehr w\u00fcrde es gen\u00fcgen, dass sie E-Mail-Verkehr und Telefonate auch \u00fcberwachen kann, wenn diese verschl\u00fcsselt im Internet gef\u00fchrt werden.&#8220; Man fasst es nicht. Verschl\u00fcsselte E-Mails \u00fcberwachen? Das m\u00f6chte ich sehen. Das kann jeder bei mir gern tun &#8211; [&hellip;]<\/p>\n","protected":false},"author":1,"featured_media":0,"comment_status":"open","ping_status":"open","sticky":false,"template":"","format":"standard","meta":{"footnotes":""},"categories":[21,15,31],"tags":[],"class_list":["post-323","post","type-post","status-publish","format-standard","hentry","category-internet-and-computer","category-politics","category-protect-your-privacy"],"_links":{"self":[{"href":"https:\/\/www.burks.de\/burksblog\/wp-json\/wp\/v2\/posts\/323","targetHints":{"allow":["GET"]}}],"collection":[{"href":"https:\/\/www.burks.de\/burksblog\/wp-json\/wp\/v2\/posts"}],"about":[{"href":"https:\/\/www.burks.de\/burksblog\/wp-json\/wp\/v2\/types\/post"}],"author":[{"embeddable":true,"href":"https:\/\/www.burks.de\/burksblog\/wp-json\/wp\/v2\/users\/1"}],"replies":[{"embeddable":true,"href":"https:\/\/www.burks.de\/burksblog\/wp-json\/wp\/v2\/comments?post=323"}],"version-history":[{"count":0,"href":"https:\/\/www.burks.de\/burksblog\/wp-json\/wp\/v2\/posts\/323\/revisions"}],"wp:attachment":[{"href":"https:\/\/www.burks.de\/burksblog\/wp-json\/wp\/v2\/media?parent=323"}],"wp:term":[{"taxonomy":"category","embeddable":true,"href":"https:\/\/www.burks.de\/burksblog\/wp-json\/wp\/v2\/categories?post=323"},{"taxonomy":"post_tag","embeddable":true,"href":"https:\/\/www.burks.de\/burksblog\/wp-json\/wp\/v2\/tags?post=323"}],"curies":[{"name":"wp","href":"https:\/\/api.w.org\/{rel}","templated":true}]}}