{"id":32298,"date":"2017-06-25T21:50:29","date_gmt":"2017-06-25T19:50:29","guid":{"rendered":"https:\/\/www.burks.de\/burksblog\/?p=32298"},"modified":"2017-06-25T21:50:29","modified_gmt":"2017-06-25T19:50:29","slug":"die-linke-jetzt-auch-fuer-die-herrschende-klasse-waehlbar","status":"publish","type":"post","link":"https:\/\/www.burks.de\/burksblog\/2017\/06\/25\/die-linke-jetzt-auch-fuer-die-herrschende-klasse-waehlbar","title":{"rendered":"Die Linke jetzt auch f\u00fcr die herrschende Klasse w\u00e4hlbar!"},"content":{"rendered":"<p><img decoding=\"async\" src=\"https:\/\/www.burks.de\/burksblog\/pix\/2017\/06\/250617_1.jpg\" alt=\"linke\" border=\"0\" hspace=\"0\" vspace=\"0\" width=\"480\" \/><\/p>\n<p>Die so genannte &#8222;Linke&#8220; ist jetzt auch f\u00fcr die Herrschenden w\u00e4hlbar. Und ich dachte immer, eine <i>linke<\/i> Partei sei eine Lobby-Organisation f\u00fcr die Arbeiterklasse und die armen Leute &#8211; und alle anderen k\u00f6nnten sich verpissen und die SPD und die <del>Kleinbourgeoisie<\/del> Gr\u00fcnen w\u00e4hlen.<\/p>\n<div class=\"pdfprnt-buttons pdfprnt-buttons-post pdfprnt-bottom-right\"><a href=\"https:\/\/www.burks.de\/burksblog\/wp-json\/wp\/v2\/posts\/32298?print=pdf\" class=\"pdfprnt-button pdfprnt-button-pdf\" target=\"_blank\" ><img decoding=\"async\" src=\"https:\/\/www.burks.de\/burksblog\/wp-content\/plugins\/pdf-print\/images\/pdf.png\" alt=\"image_pdf\" title=\"PDF anzeigen\" \/><\/a><a href=\"https:\/\/www.burks.de\/burksblog\/wp-json\/wp\/v2\/posts\/32298?print=print\" class=\"pdfprnt-button pdfprnt-button-print\" target=\"_blank\" ><img decoding=\"async\" src=\"https:\/\/www.burks.de\/burksblog\/wp-content\/plugins\/pdf-print\/images\/print.png\" alt=\"image_print\" title=\"Inhalt drucken\" \/><\/a><\/div><div class=\"twoclick_social_bookmarks_post_32298 social_share_privacy clearfix 1.6.4 locale-de_DE sprite-de_DE\"><\/div><div class=\"twoclick-js\"><script type=\"text\/javascript\">\/* <![CDATA[ *\/\njQuery(document).ready(function($){if($('.twoclick_social_bookmarks_post_32298')){$('.twoclick_social_bookmarks_post_32298').socialSharePrivacy({\"services\":{\"facebook\":{\"status\":\"on\",\"txt_info\":\"2 Klicks f\\u00fcr mehr Datenschutz: Erst wenn Sie hier klicken, wird der Button aktiv und Sie k\\u00f6nnen Ihre Empfehlung an Facebook senden. Schon beim Aktivieren werden Daten an Dritte \\u00fcbertragen - siehe <em>i<\\\/em>.\",\"perma_option\":\"off\",\"action\":\"recommend\",\"language\":\"de_DE\"},\"twitter\":{\"reply_to\":\"\",\"tweet_text\":\"%20Die%20Linke%20jetzt%20auch%20f%C3%BCr%20die%20herrschende%20Klasse%20w%C3%A4hlbar%21%20%C2%BB%20Burks%27%20...\",\"status\":\"on\",\"txt_info\":\"2 Klicks f\\u00fcr mehr Datenschutz: Erst wenn Sie hier klicken, wird der Button aktiv und Sie k\\u00f6nnen Ihre Empfehlung an Twitter senden. Schon beim Aktivieren werden Daten an Dritte \\u00fcbertragen - siehe <em>i<\\\/em>.\",\"perma_option\":\"off\",\"language\":\"de\",\"referrer_track\":\"\"}},\"txt_help\":\"Wenn Sie diese Felder durch einen Klick aktivieren, werden Informationen an Facebook, Twitter, Flattr, Xing, t3n, LinkedIn, Pinterest oder Google eventuell ins Ausland \\u00fcbertragen und unter Umst\\u00e4nden auch dort gespeichert. N\\u00e4heres erfahren Sie durch einen Klick auf das <em>i<\\\/em>.\",\"settings_perma\":\"Dauerhaft aktivieren und Daten\\u00fcber-tragung zustimmen:\",\"info_link\":\"http:\\\/\\\/www.heise.de\\\/ct\\\/artikel\\\/2-Klicks-fuer-mehr-Datenschutz-1333879.html\",\"uri\":\"https:\\\/\\\/www.burks.de\\\/burksblog\\\/2017\\\/06\\\/25\\\/die-linke-jetzt-auch-fuer-die-herrschende-klasse-waehlbar\",\"post_id\":32298,\"post_title_referrer_track\":\"Die+Linke+jetzt+auch+f%C3%BCr+die+herrschende+Klasse+w%C3%A4hlbar%21\",\"display_infobox\":\"on\"});}});\n\/* ]]> *\/<\/script><\/div>","protected":false},"excerpt":{"rendered":"<p>Die so genannte &#8222;Linke&#8220; ist jetzt auch f\u00fcr die Herrschenden w\u00e4hlbar. Und ich dachte immer, eine linke Partei sei eine Lobby-Organisation f\u00fcr die Arbeiterklasse und die armen Leute &#8211; und alle anderen k\u00f6nnten sich verpissen und die SPD und die Kleinbourgeoisie Gr\u00fcnen w\u00e4hlen.<\/p>\n","protected":false},"author":1,"featured_media":0,"comment_status":"open","ping_status":"open","sticky":false,"template":"","format":"standard","meta":{"footnotes":""},"categories":[15],"tags":[],"class_list":["post-32298","post","type-post","status-publish","format-standard","hentry","category-politics"],"_links":{"self":[{"href":"https:\/\/www.burks.de\/burksblog\/wp-json\/wp\/v2\/posts\/32298","targetHints":{"allow":["GET"]}}],"collection":[{"href":"https:\/\/www.burks.de\/burksblog\/wp-json\/wp\/v2\/posts"}],"about":[{"href":"https:\/\/www.burks.de\/burksblog\/wp-json\/wp\/v2\/types\/post"}],"author":[{"embeddable":true,"href":"https:\/\/www.burks.de\/burksblog\/wp-json\/wp\/v2\/users\/1"}],"replies":[{"embeddable":true,"href":"https:\/\/www.burks.de\/burksblog\/wp-json\/wp\/v2\/comments?post=32298"}],"version-history":[{"count":1,"href":"https:\/\/www.burks.de\/burksblog\/wp-json\/wp\/v2\/posts\/32298\/revisions"}],"predecessor-version":[{"id":32299,"href":"https:\/\/www.burks.de\/burksblog\/wp-json\/wp\/v2\/posts\/32298\/revisions\/32299"}],"wp:attachment":[{"href":"https:\/\/www.burks.de\/burksblog\/wp-json\/wp\/v2\/media?parent=32298"}],"wp:term":[{"taxonomy":"category","embeddable":true,"href":"https:\/\/www.burks.de\/burksblog\/wp-json\/wp\/v2\/categories?post=32298"},{"taxonomy":"post_tag","embeddable":true,"href":"https:\/\/www.burks.de\/burksblog\/wp-json\/wp\/v2\/tags?post=32298"}],"curies":[{"name":"wp","href":"https:\/\/api.w.org\/{rel}","templated":true}]}}