{"id":32250,"date":"2017-06-11T23:24:00","date_gmt":"2017-06-11T21:24:00","guid":{"rendered":"https:\/\/www.burks.de\/burksblog\/?p=32250"},"modified":"2017-06-11T23:25:26","modified_gmt":"2017-06-11T21:25:26","slug":"bye-bye-linke","status":"publish","type":"post","link":"https:\/\/www.burks.de\/burksblog\/2017\/06\/11\/bye-bye-linke","title":{"rendered":"Bye bye, Linke!"},"content":{"rendered":"<p><a href=\"https:\/\/www.neues-deutschland.de\/m\/artikel\/1053710.linkspartei-holt-kirchenbeschluss-zurueck.html\">Neues Deutschland<\/a>: &#8222;Die Forderung, Kirchenstaatsvertr\u00e4ge aufzul\u00f6sen, wird doch nicht ins Wahlprogramm der Linkspartei aufgenommen. Das beschlossen die Delegierten bei einer erneuten Abstimmung. Die religionspolitische Sprecherin des Vorstands, Christine Buchholz, sagte, der zuvor beschlossene Antrag zur K\u00fcndigung der Staatsvertr\u00e4ge mit den Kirchen h\u00e4tte \u00bbzwar keine praktischen Konsequenzen\u00ab gehabt, w\u00e4re \u00bbin seiner Wirkung aber fatal\u00ab. Sie dankte f\u00fcr das Ergebnis der neuerlichen Abstimmung und verwies darauf, dass der anderslautende Tenor des vorigen Beschlusses \u00bbden Angeh\u00f6rigen der christlichen Kirchen vor den Kopf\u00ab schlage, \u00bbauch denen, die innerhalb der Kirchen um Reformen k\u00e4mpfen. Und er f\u00fchrt zu Verunsicherung bei Minderheitenreligionen, die um Gleichberechtigung ringen.&#8220;<\/p>\n<p>Das wars. Jetzt w\u00e4hle ich Sonneborn oder gehe gar nicht mehr w\u00e4hlen. Ihr k\u00f6nnt mich mal. Feiges Pack!<\/p>\n<div class=\"pdfprnt-buttons pdfprnt-buttons-post pdfprnt-bottom-right\"><a href=\"https:\/\/www.burks.de\/burksblog\/wp-json\/wp\/v2\/posts\/32250?print=pdf\" class=\"pdfprnt-button pdfprnt-button-pdf\" target=\"_blank\" ><img decoding=\"async\" src=\"https:\/\/www.burks.de\/burksblog\/wp-content\/plugins\/pdf-print\/images\/pdf.png\" alt=\"image_pdf\" title=\"PDF anzeigen\" \/><\/a><a href=\"https:\/\/www.burks.de\/burksblog\/wp-json\/wp\/v2\/posts\/32250?print=print\" class=\"pdfprnt-button pdfprnt-button-print\" target=\"_blank\" ><img decoding=\"async\" src=\"https:\/\/www.burks.de\/burksblog\/wp-content\/plugins\/pdf-print\/images\/print.png\" alt=\"image_print\" title=\"Inhalt drucken\" \/><\/a><\/div><div class=\"twoclick_social_bookmarks_post_32250 social_share_privacy clearfix 1.6.4 locale-de_DE sprite-de_DE\"><\/div><div class=\"twoclick-js\"><script type=\"text\/javascript\">\/* <![CDATA[ *\/\njQuery(document).ready(function($){if($('.twoclick_social_bookmarks_post_32250')){$('.twoclick_social_bookmarks_post_32250').socialSharePrivacy({\"services\":{\"facebook\":{\"status\":\"on\",\"txt_info\":\"2 Klicks f\\u00fcr mehr Datenschutz: Erst wenn Sie hier klicken, wird der Button aktiv und Sie k\\u00f6nnen Ihre Empfehlung an Facebook senden. Schon beim Aktivieren werden Daten an Dritte \\u00fcbertragen - siehe <em>i<\\\/em>.\",\"perma_option\":\"off\",\"action\":\"recommend\",\"language\":\"de_DE\"},\"twitter\":{\"reply_to\":\"\",\"tweet_text\":\"Bye%20bye%2C%20Linke%21%20%C2%BB%20Burks%27%20Blog%20-%20in%20dubio%20pro%20contra.%20De%20omnibus%20dubitandum.\",\"status\":\"on\",\"txt_info\":\"2 Klicks f\\u00fcr mehr Datenschutz: Erst wenn Sie hier klicken, wird der Button aktiv und Sie k\\u00f6nnen Ihre Empfehlung an Twitter senden. Schon beim Aktivieren werden Daten an Dritte \\u00fcbertragen - siehe <em>i<\\\/em>.\",\"perma_option\":\"off\",\"language\":\"de\",\"referrer_track\":\"\"}},\"txt_help\":\"Wenn Sie diese Felder durch einen Klick aktivieren, werden Informationen an Facebook, Twitter, Flattr, Xing, t3n, LinkedIn, Pinterest oder Google eventuell ins Ausland \\u00fcbertragen und unter Umst\\u00e4nden auch dort gespeichert. N\\u00e4heres erfahren Sie durch einen Klick auf das <em>i<\\\/em>.\",\"settings_perma\":\"Dauerhaft aktivieren und Daten\\u00fcber-tragung zustimmen:\",\"info_link\":\"http:\\\/\\\/www.heise.de\\\/ct\\\/artikel\\\/2-Klicks-fuer-mehr-Datenschutz-1333879.html\",\"uri\":\"https:\\\/\\\/www.burks.de\\\/burksblog\\\/2017\\\/06\\\/11\\\/bye-bye-linke\",\"post_id\":32250,\"post_title_referrer_track\":\"Bye+bye%2C+Linke%21\",\"display_infobox\":\"on\"});}});\n\/* ]]> *\/<\/script><\/div>","protected":false},"excerpt":{"rendered":"<p>Neues Deutschland: &#8222;Die Forderung, Kirchenstaatsvertr\u00e4ge aufzul\u00f6sen, wird doch nicht ins Wahlprogramm der Linkspartei aufgenommen. Das beschlossen die Delegierten bei einer erneuten Abstimmung. Die religionspolitische Sprecherin des Vorstands, Christine Buchholz, sagte, der zuvor beschlossene Antrag zur K\u00fcndigung der Staatsvertr\u00e4ge mit den Kirchen h\u00e4tte \u00bbzwar keine praktischen Konsequenzen\u00ab gehabt, w\u00e4re \u00bbin seiner Wirkung aber fatal\u00ab. Sie dankte [&hellip;]<\/p>\n","protected":false},"author":1,"featured_media":0,"comment_status":"open","ping_status":"open","sticky":false,"template":"","format":"standard","meta":{"footnotes":""},"categories":[15],"tags":[],"class_list":["post-32250","post","type-post","status-publish","format-standard","hentry","category-politics"],"_links":{"self":[{"href":"https:\/\/www.burks.de\/burksblog\/wp-json\/wp\/v2\/posts\/32250","targetHints":{"allow":["GET"]}}],"collection":[{"href":"https:\/\/www.burks.de\/burksblog\/wp-json\/wp\/v2\/posts"}],"about":[{"href":"https:\/\/www.burks.de\/burksblog\/wp-json\/wp\/v2\/types\/post"}],"author":[{"embeddable":true,"href":"https:\/\/www.burks.de\/burksblog\/wp-json\/wp\/v2\/users\/1"}],"replies":[{"embeddable":true,"href":"https:\/\/www.burks.de\/burksblog\/wp-json\/wp\/v2\/comments?post=32250"}],"version-history":[{"count":4,"href":"https:\/\/www.burks.de\/burksblog\/wp-json\/wp\/v2\/posts\/32250\/revisions"}],"predecessor-version":[{"id":32254,"href":"https:\/\/www.burks.de\/burksblog\/wp-json\/wp\/v2\/posts\/32250\/revisions\/32254"}],"wp:attachment":[{"href":"https:\/\/www.burks.de\/burksblog\/wp-json\/wp\/v2\/media?parent=32250"}],"wp:term":[{"taxonomy":"category","embeddable":true,"href":"https:\/\/www.burks.de\/burksblog\/wp-json\/wp\/v2\/categories?post=32250"},{"taxonomy":"post_tag","embeddable":true,"href":"https:\/\/www.burks.de\/burksblog\/wp-json\/wp\/v2\/tags?post=32250"}],"curies":[{"name":"wp","href":"https:\/\/api.w.org\/{rel}","templated":true}]}}