{"id":3209,"date":"2009-10-08T23:59:54","date_gmt":"2009-10-08T22:59:54","guid":{"rendered":"http:\/\/www.burks.de\/burksblog\/?p=3209"},"modified":"2009-10-09T12:31:49","modified_gmt":"2009-10-09T11:31:49","slug":"bka-darf-sperr-vertrage-nicht-umsetzen","status":"publish","type":"post","link":"https:\/\/www.burks.de\/burksblog\/2009\/10\/08\/bka-darf-sperr-vertrage-nicht-umsetzen","title":{"rendered":"BKA darf Sperr-Vertr\u00e4ge nicht umsetzen"},"content":{"rendered":"<p>Die bremer Firma <a href=\"http:\/\/blog.ready2host.de\/2009\/10\/bka-darf-sperrvertraege-nicht-umsetzen\/\">Ready2host<\/a> meldet auf ihrem Blog: &#8222;Am 10.07.2009 wurde vom Justiziar des BKAs zwar in einer <a href=\"http:\/\/blog.ready2host.de\/wp-content\/uploads\/2009-07-10_bka-ev.pdf\">eidesstaatliche Versicherung<\/a> erkl\u00e4rt, dass bisher keine Sperrlisten herausgegeben wurden, doch stellt das Gericht hier fest: Es sei fraglich, wie weit ein Prozessreferat \u00fcberhaupt \u201cf\u00fcr das Handeln von Fachabteilungen verbindliche Erkl\u00e4rungen [&#8230;] abgeben kann\u201d. Das Gericht stellt weiterhin fest, dass eine gesetzliche Grundlage f\u00fcr die Sperrvertr\u00e4ge fehlt und verlangt vom BKA, die geschlossenen Vertr\u00e4ge nicht durchzusetzen:&#8220; [<a href=\"http:\/\/blog.ready2host.de\/2009\/10\/bka-darf-sperrvertraege-nicht-umsetzen\/\">mehr&#8230;<\/a>]<\/p>\n<p>Hintergrund ist ein zivilrechtolich gescheitertes <a href=\"http:\/\/blog.ready2host.de\/2009\/09\/eilverfahren-gegen-arcor-wegen-bka-vertrag\/\">Eilverfahren gegen Arcor<\/a> wegen des BKA-Vertrags. <a href=\"http:\/\/www.spiegel.de\/netzwelt\/netzpolitik\/0,1518,654022,00.html\">Spiegel Online<\/a> setzt \u00fcbrigens sogar Links, erw\u00e4hnt aber den Namen des Betreibers nicht. &#8222;Ein Blog-Betreiber&#8220; ist keine journalistische Quellenangabe. Vermutlich denken die: Wenn wir schon Links setzen m\u00fcssen, damm verschweigen wir wenigstens den Namen des Blogs.<\/p>\n<p>Zum Thema meldet <a href=\"http:\/\/www.heise.de\/newsticker\/meldung\/Bruessel-signalisiert-gruenes-Licht-fuer-Sperrgesetz-818808.html\">Heise<\/a>: &#8222;Br\u00fcssel signalisiert gr\u00fcnes Licht f\u00fcr Sperrgesetz&#8220;.<\/p>\n<div class=\"pdfprnt-buttons pdfprnt-buttons-post pdfprnt-bottom-right\"><a href=\"https:\/\/www.burks.de\/burksblog\/wp-json\/wp\/v2\/posts\/3209?print=pdf\" class=\"pdfprnt-button pdfprnt-button-pdf\" target=\"_blank\" ><img decoding=\"async\" src=\"https:\/\/www.burks.de\/burksblog\/wp-content\/plugins\/pdf-print\/images\/pdf.png\" alt=\"image_pdf\" title=\"PDF anzeigen\" \/><\/a><a href=\"https:\/\/www.burks.de\/burksblog\/wp-json\/wp\/v2\/posts\/3209?print=print\" class=\"pdfprnt-button pdfprnt-button-print\" target=\"_blank\" ><img decoding=\"async\" src=\"https:\/\/www.burks.de\/burksblog\/wp-content\/plugins\/pdf-print\/images\/print.png\" alt=\"image_print\" title=\"Inhalt drucken\" \/><\/a><\/div><div class=\"twoclick_social_bookmarks_post_3209 social_share_privacy clearfix 1.6.4 locale-de_DE sprite-de_DE\"><\/div><div class=\"twoclick-js\"><script type=\"text\/javascript\">\/* <![CDATA[ *\/\njQuery(document).ready(function($){if($('.twoclick_social_bookmarks_post_3209')){$('.twoclick_social_bookmarks_post_3209').socialSharePrivacy({\"services\":{\"facebook\":{\"status\":\"on\",\"txt_info\":\"2 Klicks f\\u00fcr mehr Datenschutz: Erst wenn Sie hier klicken, wird der Button aktiv und Sie k\\u00f6nnen Ihre Empfehlung an Facebook senden. Schon beim Aktivieren werden Daten an Dritte \\u00fcbertragen - siehe <em>i<\\\/em>.\",\"perma_option\":\"off\",\"action\":\"recommend\",\"language\":\"de_DE\"},\"twitter\":{\"reply_to\":\"\",\"tweet_text\":\"%20BKA%20darf%20Sperr-Vertr%C3%A4ge%20nicht%20umsetzen%20%C2%BB%20Burks%27%20Blog%20-%20in%20dubio%20pro%20...\",\"status\":\"on\",\"txt_info\":\"2 Klicks f\\u00fcr mehr Datenschutz: Erst wenn Sie hier klicken, wird der Button aktiv und Sie k\\u00f6nnen Ihre Empfehlung an Twitter senden. Schon beim Aktivieren werden Daten an Dritte \\u00fcbertragen - siehe <em>i<\\\/em>.\",\"perma_option\":\"off\",\"language\":\"de\",\"referrer_track\":\"\"}},\"txt_help\":\"Wenn Sie diese Felder durch einen Klick aktivieren, werden Informationen an Facebook, Twitter, Flattr, Xing, t3n, LinkedIn, Pinterest oder Google eventuell ins Ausland \\u00fcbertragen und unter Umst\\u00e4nden auch dort gespeichert. N\\u00e4heres erfahren Sie durch einen Klick auf das <em>i<\\\/em>.\",\"settings_perma\":\"Dauerhaft aktivieren und Daten\\u00fcber-tragung zustimmen:\",\"info_link\":\"http:\\\/\\\/www.heise.de\\\/ct\\\/artikel\\\/2-Klicks-fuer-mehr-Datenschutz-1333879.html\",\"uri\":\"https:\\\/\\\/www.burks.de\\\/burksblog\\\/2009\\\/10\\\/08\\\/bka-darf-sperr-vertrage-nicht-umsetzen\",\"post_id\":3209,\"post_title_referrer_track\":\"BKA+darf+Sperr-Vertr%C3%A4ge+nicht+umsetzen\",\"display_infobox\":\"on\"});}});\n\/* ]]> *\/<\/script><\/div>","protected":false},"excerpt":{"rendered":"<p>Die bremer Firma Ready2host meldet auf ihrem Blog: &#8222;Am 10.07.2009 wurde vom Justiziar des BKAs zwar in einer eidesstaatliche Versicherung erkl\u00e4rt, dass bisher keine Sperrlisten herausgegeben wurden, doch stellt das Gericht hier fest: Es sei fraglich, wie weit ein Prozessreferat \u00fcberhaupt \u201cf\u00fcr das Handeln von Fachabteilungen verbindliche Erkl\u00e4rungen [&#8230;] abgeben kann\u201d. Das Gericht stellt weiterhin [&hellip;]<\/p>\n","protected":false},"author":1,"featured_media":0,"comment_status":"open","ping_status":"open","sticky":false,"template":"","format":"standard","meta":{"footnotes":""},"categories":[21,31],"tags":[130,580,571],"class_list":["post-3209","post","type-post","status-publish","format-standard","hentry","category-internet-and-computer","category-protect-your-privacy","tag-bka","tag-sperrlisten","tag-zensur"],"_links":{"self":[{"href":"https:\/\/www.burks.de\/burksblog\/wp-json\/wp\/v2\/posts\/3209","targetHints":{"allow":["GET"]}}],"collection":[{"href":"https:\/\/www.burks.de\/burksblog\/wp-json\/wp\/v2\/posts"}],"about":[{"href":"https:\/\/www.burks.de\/burksblog\/wp-json\/wp\/v2\/types\/post"}],"author":[{"embeddable":true,"href":"https:\/\/www.burks.de\/burksblog\/wp-json\/wp\/v2\/users\/1"}],"replies":[{"embeddable":true,"href":"https:\/\/www.burks.de\/burksblog\/wp-json\/wp\/v2\/comments?post=3209"}],"version-history":[{"count":5,"href":"https:\/\/www.burks.de\/burksblog\/wp-json\/wp\/v2\/posts\/3209\/revisions"}],"predecessor-version":[{"id":3217,"href":"https:\/\/www.burks.de\/burksblog\/wp-json\/wp\/v2\/posts\/3209\/revisions\/3217"}],"wp:attachment":[{"href":"https:\/\/www.burks.de\/burksblog\/wp-json\/wp\/v2\/media?parent=3209"}],"wp:term":[{"taxonomy":"category","embeddable":true,"href":"https:\/\/www.burks.de\/burksblog\/wp-json\/wp\/v2\/categories?post=3209"},{"taxonomy":"post_tag","embeddable":true,"href":"https:\/\/www.burks.de\/burksblog\/wp-json\/wp\/v2\/tags?post=3209"}],"curies":[{"name":"wp","href":"https:\/\/api.w.org\/{rel}","templated":true}]}}