{"id":32028,"date":"2017-04-17T23:14:10","date_gmt":"2017-04-17T21:14:10","guid":{"rendered":"https:\/\/www.burks.de\/burksblog\/?p=32028"},"modified":"2017-04-17T23:14:27","modified_gmt":"2017-04-17T21:14:27","slug":"krawatten-islamisten-und-kopftuch-muslimas","status":"publish","type":"post","link":"https:\/\/www.burks.de\/burksblog\/2017\/04\/17\/krawatten-islamisten-und-kopftuch-muslimas","title":{"rendered":"Krawatten-Islamisten und Kopftuch-Muslimas"},"content":{"rendered":"<p>&#8222;Wenn man wei\u00df dass 25% der hier lebenden T\u00fcrken eigentlich Kurden\/Aleviten sind, die so ein Gesetz aus existentiellen Gr\u00fcnden ablehnen und weitere christliche Assyrer und Aram\u00e4er, die auch gegen diese Verfassungs\u00e4nderung sind, dann liegt die Zustimmungsquote f\u00fcr die Einf\u00fchrung der Diktatur bei den muslimischen nichtkurdischen T\u00fcrken schon bei \u00fcber 90%. Also sind die T\u00fcrken in Deutschland gar nicht gespalten, was Erdogan angeht, wie es in der T\u00fcrkei der Fall ist, sondern stehen geschlossen hinter dem Islamismus, dem Chauvinismus und der Todesstrafe.<br \/>\nKein Mensch kann mir danach erz\u00e4hlen, dass die Integration nicht gescheitert ist. Propaganda f\u00fcr das &#8222;Ja&#8220; in Deutschland haben nicht etwa die benachteiligten oder arbeitslosen T\u00fcrken gemacht, sondern jene Krawatten-Islamisten, die gute Berufe haben und perfekt Deutsch sprechen. Es waren jene grinsende Kopftuch-Muslimas, die uns verkaufen wollen, dass das Kopftuch ein Zeichen ihrer Emanzipation sei.&#8220; (<a href=\"https:\/\/www.facebook.com\/hamed.abdelsamad\">Hamed Abdel-Samad<\/a> | Facebook)<\/p>\n<div class=\"pdfprnt-buttons pdfprnt-buttons-post pdfprnt-bottom-right\"><a href=\"https:\/\/www.burks.de\/burksblog\/wp-json\/wp\/v2\/posts\/32028?print=pdf\" class=\"pdfprnt-button pdfprnt-button-pdf\" target=\"_blank\" ><img decoding=\"async\" src=\"https:\/\/www.burks.de\/burksblog\/wp-content\/plugins\/pdf-print\/images\/pdf.png\" alt=\"image_pdf\" title=\"PDF anzeigen\" \/><\/a><a href=\"https:\/\/www.burks.de\/burksblog\/wp-json\/wp\/v2\/posts\/32028?print=print\" class=\"pdfprnt-button pdfprnt-button-print\" target=\"_blank\" ><img decoding=\"async\" src=\"https:\/\/www.burks.de\/burksblog\/wp-content\/plugins\/pdf-print\/images\/print.png\" alt=\"image_print\" title=\"Inhalt drucken\" \/><\/a><\/div><div class=\"twoclick_social_bookmarks_post_32028 social_share_privacy clearfix 1.6.4 locale-de_DE sprite-de_DE\"><\/div><div class=\"twoclick-js\"><script type=\"text\/javascript\">\/* <![CDATA[ *\/\njQuery(document).ready(function($){if($('.twoclick_social_bookmarks_post_32028')){$('.twoclick_social_bookmarks_post_32028').socialSharePrivacy({\"services\":{\"facebook\":{\"status\":\"on\",\"txt_info\":\"2 Klicks f\\u00fcr mehr Datenschutz: Erst wenn Sie hier klicken, wird der Button aktiv und Sie k\\u00f6nnen Ihre Empfehlung an Facebook senden. Schon beim Aktivieren werden Daten an Dritte \\u00fcbertragen - siehe <em>i<\\\/em>.\",\"perma_option\":\"off\",\"action\":\"recommend\",\"language\":\"de_DE\"},\"twitter\":{\"reply_to\":\"\",\"tweet_text\":\"%20Krawatten-Islamisten%20und%20Kopftuch-Muslimas%20%C2%BB%20Burks%27%20Blog%20-%20in%20dubio%20pro%20contra.%20...\",\"status\":\"on\",\"txt_info\":\"2 Klicks f\\u00fcr mehr Datenschutz: Erst wenn Sie hier klicken, wird der Button aktiv und Sie k\\u00f6nnen Ihre Empfehlung an Twitter senden. Schon beim Aktivieren werden Daten an Dritte \\u00fcbertragen - siehe <em>i<\\\/em>.\",\"perma_option\":\"off\",\"language\":\"de\",\"referrer_track\":\"\"}},\"txt_help\":\"Wenn Sie diese Felder durch einen Klick aktivieren, werden Informationen an Facebook, Twitter, Flattr, Xing, t3n, LinkedIn, Pinterest oder Google eventuell ins Ausland \\u00fcbertragen und unter Umst\\u00e4nden auch dort gespeichert. N\\u00e4heres erfahren Sie durch einen Klick auf das <em>i<\\\/em>.\",\"settings_perma\":\"Dauerhaft aktivieren und Daten\\u00fcber-tragung zustimmen:\",\"info_link\":\"http:\\\/\\\/www.heise.de\\\/ct\\\/artikel\\\/2-Klicks-fuer-mehr-Datenschutz-1333879.html\",\"uri\":\"https:\\\/\\\/www.burks.de\\\/burksblog\\\/2017\\\/04\\\/17\\\/krawatten-islamisten-und-kopftuch-muslimas\",\"post_id\":32028,\"post_title_referrer_track\":\"Krawatten-Islamisten+und+Kopftuch-Muslimas\",\"display_infobox\":\"on\"});}});\n\/* ]]> *\/<\/script><\/div>","protected":false},"excerpt":{"rendered":"<p>&#8222;Wenn man wei\u00df dass 25% der hier lebenden T\u00fcrken eigentlich Kurden\/Aleviten sind, die so ein Gesetz aus existentiellen Gr\u00fcnden ablehnen und weitere christliche Assyrer und Aram\u00e4er, die auch gegen diese Verfassungs\u00e4nderung sind, dann liegt die Zustimmungsquote f\u00fcr die Einf\u00fchrung der Diktatur bei den muslimischen nichtkurdischen T\u00fcrken schon bei \u00fcber 90%. Also sind die T\u00fcrken in [&hellip;]<\/p>\n","protected":false},"author":1,"featured_media":0,"comment_status":"open","ping_status":"open","sticky":false,"template":"","format":"standard","meta":{"footnotes":""},"categories":[15],"tags":[],"class_list":["post-32028","post","type-post","status-publish","format-standard","hentry","category-politics"],"_links":{"self":[{"href":"https:\/\/www.burks.de\/burksblog\/wp-json\/wp\/v2\/posts\/32028","targetHints":{"allow":["GET"]}}],"collection":[{"href":"https:\/\/www.burks.de\/burksblog\/wp-json\/wp\/v2\/posts"}],"about":[{"href":"https:\/\/www.burks.de\/burksblog\/wp-json\/wp\/v2\/types\/post"}],"author":[{"embeddable":true,"href":"https:\/\/www.burks.de\/burksblog\/wp-json\/wp\/v2\/users\/1"}],"replies":[{"embeddable":true,"href":"https:\/\/www.burks.de\/burksblog\/wp-json\/wp\/v2\/comments?post=32028"}],"version-history":[{"count":2,"href":"https:\/\/www.burks.de\/burksblog\/wp-json\/wp\/v2\/posts\/32028\/revisions"}],"predecessor-version":[{"id":32030,"href":"https:\/\/www.burks.de\/burksblog\/wp-json\/wp\/v2\/posts\/32028\/revisions\/32030"}],"wp:attachment":[{"href":"https:\/\/www.burks.de\/burksblog\/wp-json\/wp\/v2\/media?parent=32028"}],"wp:term":[{"taxonomy":"category","embeddable":true,"href":"https:\/\/www.burks.de\/burksblog\/wp-json\/wp\/v2\/categories?post=32028"},{"taxonomy":"post_tag","embeddable":true,"href":"https:\/\/www.burks.de\/burksblog\/wp-json\/wp\/v2\/tags?post=32028"}],"curies":[{"name":"wp","href":"https:\/\/api.w.org\/{rel}","templated":true}]}}