{"id":31724,"date":"2017-03-03T14:13:16","date_gmt":"2017-03-03T13:13:16","guid":{"rendered":"https:\/\/www.burks.de\/burksblog\/?p=31724"},"modified":"2017-03-03T14:13:16","modified_gmt":"2017-03-03T13:13:16","slug":"ritterinnen-der-politischen-korrektheit","status":"publish","type":"post","link":"https:\/\/www.burks.de\/burksblog\/2017\/03\/03\/ritterinnen-der-politischen-korrektheit","title":{"rendered":"Ritterinnen der politischen Korrektheit"},"content":{"rendered":"<p><a href=\"http:\/\/www.moz.de\/themen\/weihnachten\/artikelansicht\/dg\/0\/1\/1556325\/\">M\u00e4rkische Oderzeitung<\/a>: &#8222;In Berlin-Friedrichshain gehen die Kinder zum &#8222;Verkleidefest&#8220;. Eltern, die mit dem Wort nichts anfangen k\u00f6nnen, werden belehrt: &#8218;Fasching&#8216; und &#8218;Karneval&#8216; bezeichnen aus dem Christentum stammende Br\u00e4uche. Aus R\u00fccksicht auf andere Kulturen und Religionen sollen sie nun nicht mehr benutzt werden.&#8220;<\/p>\n<p>Wenn ich das schon h\u00f6re. &#8222;Kulturen&#8220;, wom\u00f6glich lebende! Jetzt r\u00e4cht sich der unpolitische bzw. entpolitisierende Begriff von &#8222;Kultur&#8220;, den das gr\u00fcne Milieu zusammen mit &#8222;Multikulti&#8220; in den Diskurs eingef\u00fchrt hat. Falsch ist es sowieso. &#8222;Kultur&#8220; und &#8222;Paternalismus&#8220; sind auch zwei Seiten einer Medaille. Es ist hoffnunglos &#8211; jetzt ist auch schon die &#8222;Linke&#8220; infiziert.<\/p>\n<p>Vgl. <a href=\"https:\/\/de.wikipedia.org\/wiki\/Karneval,_Fastnacht_und_Fasching#Altertum\">Wikipedia<\/a>:<br \/>\n<i>Vorl\u00e4ufer des Karnevals wurden bereits vor 5000 Jahren in Mesopotamien gefeiert, im Land mit den ersten urbanen Kulturen. Eine altbabylonische Inschrift aus dem 3. Jahrtausend v. Chr. gibt Kunde davon, dass unter dem Priesterk\u00f6nig Gudea ein siebent\u00e4giges Fest gefeiert wurde und zwar nach Neujahr als symbolische Hochzeit eines Gottes. Die Inschrift besagt: \u201eKein Getreide wird an diesen Tagen gemahlen. Die Sklavin ist der Herrin gleichgestellt und der Sklave an seines Herrn Seite. Die M\u00e4chtige und der Niedere sind gleichgeachtet.\u201c Hier wird zum ersten Mal das Gleichheitsprinzip bei ausgelassenen Festen praktiziert und dies ist bis heute ein charakteristisches Merkmal des Karnevals.<\/p>\n<p>In allen Kulturen des Mittelmeerraumes lassen sich \u00e4hnliche Feste, die meist mit dem Erwachen der Natur im Fr\u00fchling in Zusammenhang stehen, nachweisen: In \u00c4gypten feierte man das ausgelassene Fest zu Ehren der G\u00f6ttin Isis und die Griechen veranstalteten es f\u00fcr ihren Gott Dionysos und nannten es Apokries.<\/i><\/p>\n<p>Die MOZ fragt ganz richtig: &#8222;Besonders traurig ist, dass die Amadeu Antonio Stiftung ihren Namen f\u00fcr diese alberne Kampagne hergibt. (&#8230;) Weitergedacht stellt sich die Frage, ob das islamische &#8222;Zuckerfest&#8220; nicht eigentlich viel zu ungesund klingt? Und warum sollten sich beim Karneval nur Scheichs und Indianer diskriminiert f\u00fchlen? Was ist mit den verniedlichten Prinzessinnen? Mit verh\u00f6hnten Hexen, veralberten Dickw\u00e4nsten und der Amtsanma\u00dfung in Polizei- oder Feuerwehruniform aufzutreten?&#8220;<\/p>\n<div class=\"pdfprnt-buttons pdfprnt-buttons-post pdfprnt-bottom-right\"><a href=\"https:\/\/www.burks.de\/burksblog\/wp-json\/wp\/v2\/posts\/31724?print=pdf\" class=\"pdfprnt-button pdfprnt-button-pdf\" target=\"_blank\" ><img decoding=\"async\" src=\"https:\/\/www.burks.de\/burksblog\/wp-content\/plugins\/pdf-print\/images\/pdf.png\" alt=\"image_pdf\" title=\"PDF anzeigen\" \/><\/a><a href=\"https:\/\/www.burks.de\/burksblog\/wp-json\/wp\/v2\/posts\/31724?print=print\" class=\"pdfprnt-button pdfprnt-button-print\" target=\"_blank\" ><img decoding=\"async\" src=\"https:\/\/www.burks.de\/burksblog\/wp-content\/plugins\/pdf-print\/images\/print.png\" alt=\"image_print\" title=\"Inhalt drucken\" \/><\/a><\/div><div class=\"twoclick_social_bookmarks_post_31724 social_share_privacy clearfix 1.6.4 locale-de_DE sprite-de_DE\"><\/div><div class=\"twoclick-js\"><script type=\"text\/javascript\">\/* <![CDATA[ *\/\njQuery(document).ready(function($){if($('.twoclick_social_bookmarks_post_31724')){$('.twoclick_social_bookmarks_post_31724').socialSharePrivacy({\"services\":{\"facebook\":{\"status\":\"on\",\"txt_info\":\"2 Klicks f\\u00fcr mehr Datenschutz: Erst wenn Sie hier klicken, wird der Button aktiv und Sie k\\u00f6nnen Ihre Empfehlung an Facebook senden. Schon beim Aktivieren werden Daten an Dritte \\u00fcbertragen - siehe <em>i<\\\/em>.\",\"perma_option\":\"off\",\"action\":\"recommend\",\"language\":\"de_DE\"},\"twitter\":{\"reply_to\":\"\",\"tweet_text\":\"%20Ritterinnen%20der%20politischen%20Korrektheit%20%C2%BB%20Burks%27%20Blog%20-%20in%20dubio%20pro%20contra.%20...\",\"status\":\"on\",\"txt_info\":\"2 Klicks f\\u00fcr mehr Datenschutz: Erst wenn Sie hier klicken, wird der Button aktiv und Sie k\\u00f6nnen Ihre Empfehlung an Twitter senden. Schon beim Aktivieren werden Daten an Dritte \\u00fcbertragen - siehe <em>i<\\\/em>.\",\"perma_option\":\"off\",\"language\":\"de\",\"referrer_track\":\"\"}},\"txt_help\":\"Wenn Sie diese Felder durch einen Klick aktivieren, werden Informationen an Facebook, Twitter, Flattr, Xing, t3n, LinkedIn, Pinterest oder Google eventuell ins Ausland \\u00fcbertragen und unter Umst\\u00e4nden auch dort gespeichert. N\\u00e4heres erfahren Sie durch einen Klick auf das <em>i<\\\/em>.\",\"settings_perma\":\"Dauerhaft aktivieren und Daten\\u00fcber-tragung zustimmen:\",\"info_link\":\"http:\\\/\\\/www.heise.de\\\/ct\\\/artikel\\\/2-Klicks-fuer-mehr-Datenschutz-1333879.html\",\"uri\":\"https:\\\/\\\/www.burks.de\\\/burksblog\\\/2017\\\/03\\\/03\\\/ritterinnen-der-politischen-korrektheit\",\"post_id\":31724,\"post_title_referrer_track\":\"Ritterinnen+der+politischen+Korrektheit\",\"display_infobox\":\"on\"});}});\n\/* ]]> *\/<\/script><\/div>","protected":false},"excerpt":{"rendered":"<p>M\u00e4rkische Oderzeitung: &#8222;In Berlin-Friedrichshain gehen die Kinder zum &#8222;Verkleidefest&#8220;. Eltern, die mit dem Wort nichts anfangen k\u00f6nnen, werden belehrt: &#8218;Fasching&#8216; und &#8218;Karneval&#8216; bezeichnen aus dem Christentum stammende Br\u00e4uche. Aus R\u00fccksicht auf andere Kulturen und Religionen sollen sie nun nicht mehr benutzt werden.&#8220; Wenn ich das schon h\u00f6re. &#8222;Kulturen&#8220;, wom\u00f6glich lebende! Jetzt r\u00e4cht sich der unpolitische [&hellip;]<\/p>\n","protected":false},"author":1,"featured_media":0,"comment_status":"open","ping_status":"open","sticky":false,"template":"","format":"standard","meta":{"footnotes":""},"categories":[16],"tags":[],"class_list":["post-31724","post","type-post","status-publish","format-standard","hentry","category-panorama"],"_links":{"self":[{"href":"https:\/\/www.burks.de\/burksblog\/wp-json\/wp\/v2\/posts\/31724","targetHints":{"allow":["GET"]}}],"collection":[{"href":"https:\/\/www.burks.de\/burksblog\/wp-json\/wp\/v2\/posts"}],"about":[{"href":"https:\/\/www.burks.de\/burksblog\/wp-json\/wp\/v2\/types\/post"}],"author":[{"embeddable":true,"href":"https:\/\/www.burks.de\/burksblog\/wp-json\/wp\/v2\/users\/1"}],"replies":[{"embeddable":true,"href":"https:\/\/www.burks.de\/burksblog\/wp-json\/wp\/v2\/comments?post=31724"}],"version-history":[{"count":1,"href":"https:\/\/www.burks.de\/burksblog\/wp-json\/wp\/v2\/posts\/31724\/revisions"}],"predecessor-version":[{"id":31725,"href":"https:\/\/www.burks.de\/burksblog\/wp-json\/wp\/v2\/posts\/31724\/revisions\/31725"}],"wp:attachment":[{"href":"https:\/\/www.burks.de\/burksblog\/wp-json\/wp\/v2\/media?parent=31724"}],"wp:term":[{"taxonomy":"category","embeddable":true,"href":"https:\/\/www.burks.de\/burksblog\/wp-json\/wp\/v2\/categories?post=31724"},{"taxonomy":"post_tag","embeddable":true,"href":"https:\/\/www.burks.de\/burksblog\/wp-json\/wp\/v2\/tags?post=31724"}],"curies":[{"name":"wp","href":"https:\/\/api.w.org\/{rel}","templated":true}]}}