{"id":3149,"date":"2009-10-04T13:08:28","date_gmt":"2009-10-04T12:08:28","guid":{"rendered":"http:\/\/www.burks.de\/burksblog\/?p=3149"},"modified":"2009-10-04T13:27:08","modified_gmt":"2009-10-04T12:27:08","slug":"mercedes-sosa-ist-tot","status":"publish","type":"post","link":"https:\/\/www.burks.de\/burksblog\/2009\/10\/04\/mercedes-sosa-ist-tot","title":{"rendered":"Mercedes Sosa ist tot"},"content":{"rendered":"<p><object width=\"480\" height=\"401\"><param name=\"movie\" value=\"http:\/\/www.youtube.com\/v\/SIrot1Flczg&#038;hl=de&#038;fs=1&#038;\"><\/param><param name=\"allowFullScreen\" value=\"true\"><\/param><param name=\"allowscriptaccess\" value=\"always\"><\/param><embed src=\"http:\/\/www.youtube.com\/v\/SIrot1Flczg&#038;hl=de&#038;fs=1&#038;\" type=\"application\/x-shockwave-flash\" allowscriptaccess=\"always\" allowfullscreen=\"true\" width=\"480\" height=\"401\"><\/embed><\/object><\/p>\n<p align=left>Die <a href=\"http:\/\/www.mercedessosa.com.ar\/\">Stimme Lateinamerikas<\/a> ist tot. Muere <a href=\"http:\/\/es.wikipedia.org\/wiki\/Mercedes_Sosa\">Mercedes Sosa<\/a>, la Voz de Am\u00e9rica Latina. Ihre Lieder brachten mich zum Weinen, ich konnte sie deshalb nicht so oft anh\u00f6ren. Ich wurde immer wehm\u00fctig. Sie hat auch dem Kampf gegen die Milit\u00e4rdiktaturen in Lateinamerika eine Stimme gegeben. &#8222;La Negra&#8220; war <i>das<\/i> musikalische Symbol meiner zweiten Heimat Lateinamerika, in der ich oft lieber w\u00e4re als hier.<\/p>\n<p>Ich hatte <a href=\"http:\/\/www.burks.de\/forum\/phpBB2\/viewtopic.php?t=6585\">Weihnachten 2006<\/a> schon etwas \u00fcber Mercedes Sosa gebloggt (mit \u00dcbersetzung des Liedes): &#8222;Solo le pide a Dios (1978) wurde unter anderem von Mercedes Sosa gesungen und war der Protestsong des demokratischen Argentiniens.&#8220; Deshalb heute und hier noch einmal ihr zu Ehren. (Ich singe immer laut mit..)<\/p>\n<p>Auch h\u00f6ren (nicht ansehen): <a href=\"http:\/\/www.youtube.com\/watch?v=GFajqCb1Vww\">Se\u00f1or ten piedad de nosotros<\/a>, <a href=\"http:\/\/www.youtube.com\/watch?v=JBw2H4hcJbw\">La Misa Criolla<\/a>, <a href=\"http:\/\/www.youtube.com\/watch?v=eC6X1-w-LTc\">Duerme Negrito<\/a>.<\/p>\n<p>\u201c\u2026Mercedes, salmo en los labios<br \/>\namorosa madre amada<br \/>\nmujer de Am\u00e9rica herida<br \/>\ntu canci\u00f3n nos pone alas y hace que la patria toda<br \/>\nmenudita y desolada no se muera todav\u00eda,<br \/>\nno se muera porque siempre cantar\u00e1s en nuestras almas\u2026\u201d<\/p>\n<p>Ausnahmsweise kann man sogar einer etwas sehr verkitschten Version der Missa Criolla von <a href=\"http:\/\/www.youtube.com\/watch?v=8AfWgDW9z_Y\">Jos\u00e9 Carreras<\/a> lauschen. <a href=\"http:\/\/www.youtube.com\/watch?v=YjeE2qFAw0o\">Diese Version<\/a> (ohne Sosa) gef\u00e4llt mir aber viel mehr.<\/p>\n<p>Ich bin traurig.<\/p>\n<div class=\"pdfprnt-buttons pdfprnt-buttons-post pdfprnt-bottom-right\"><a href=\"https:\/\/www.burks.de\/burksblog\/wp-json\/wp\/v2\/posts\/3149?print=pdf\" class=\"pdfprnt-button pdfprnt-button-pdf\" target=\"_blank\" ><img decoding=\"async\" src=\"https:\/\/www.burks.de\/burksblog\/wp-content\/plugins\/pdf-print\/images\/pdf.png\" alt=\"image_pdf\" title=\"PDF anzeigen\" \/><\/a><a href=\"https:\/\/www.burks.de\/burksblog\/wp-json\/wp\/v2\/posts\/3149?print=print\" class=\"pdfprnt-button pdfprnt-button-print\" target=\"_blank\" ><img decoding=\"async\" src=\"https:\/\/www.burks.de\/burksblog\/wp-content\/plugins\/pdf-print\/images\/print.png\" alt=\"image_print\" title=\"Inhalt drucken\" \/><\/a><\/div><div class=\"twoclick_social_bookmarks_post_3149 social_share_privacy clearfix 1.6.4 locale-de_DE sprite-de_DE\"><\/div><div class=\"twoclick-js\"><script type=\"text\/javascript\">\/* <![CDATA[ *\/\njQuery(document).ready(function($){if($('.twoclick_social_bookmarks_post_3149')){$('.twoclick_social_bookmarks_post_3149').socialSharePrivacy({\"services\":{\"facebook\":{\"status\":\"on\",\"txt_info\":\"2 Klicks f\\u00fcr mehr Datenschutz: Erst wenn Sie hier klicken, wird der Button aktiv und Sie k\\u00f6nnen Ihre Empfehlung an Facebook senden. Schon beim Aktivieren werden Daten an Dritte \\u00fcbertragen - siehe <em>i<\\\/em>.\",\"perma_option\":\"off\",\"action\":\"recommend\",\"language\":\"de_DE\"},\"twitter\":{\"reply_to\":\"\",\"tweet_text\":\"%20Mercedes%20Sosa%20ist%20tot%20%C2%BB%20Burks%27%20Blog%20-%20in%20dubio%20pro%20contra.%20De%20omnibus%20...\",\"status\":\"on\",\"txt_info\":\"2 Klicks f\\u00fcr mehr Datenschutz: Erst wenn Sie hier klicken, wird der Button aktiv und Sie k\\u00f6nnen Ihre Empfehlung an Twitter senden. Schon beim Aktivieren werden Daten an Dritte \\u00fcbertragen - siehe <em>i<\\\/em>.\",\"perma_option\":\"off\",\"language\":\"de\",\"referrer_track\":\"\"}},\"txt_help\":\"Wenn Sie diese Felder durch einen Klick aktivieren, werden Informationen an Facebook, Twitter, Flattr, Xing, t3n, LinkedIn, Pinterest oder Google eventuell ins Ausland \\u00fcbertragen und unter Umst\\u00e4nden auch dort gespeichert. N\\u00e4heres erfahren Sie durch einen Klick auf das <em>i<\\\/em>.\",\"settings_perma\":\"Dauerhaft aktivieren und Daten\\u00fcber-tragung zustimmen:\",\"info_link\":\"http:\\\/\\\/www.heise.de\\\/ct\\\/artikel\\\/2-Klicks-fuer-mehr-Datenschutz-1333879.html\",\"uri\":\"https:\\\/\\\/www.burks.de\\\/burksblog\\\/2009\\\/10\\\/04\\\/mercedes-sosa-ist-tot\",\"post_id\":3149,\"post_title_referrer_track\":\"Mercedes+Sosa+ist+tot\",\"display_infobox\":\"on\"});}});\n\/* ]]> *\/<\/script><\/div>","protected":false},"excerpt":{"rendered":"<p>Die Stimme Lateinamerikas ist tot. Muere Mercedes Sosa, la Voz de Am\u00e9rica Latina. Ihre Lieder brachten mich zum Weinen, ich konnte sie deshalb nicht so oft anh\u00f6ren. Ich wurde immer wehm\u00fctig. Sie hat auch dem Kampf gegen die Milit\u00e4rdiktaturen in Lateinamerika eine Stimme gegeben. &#8222;La Negra&#8220; war das musikalische Symbol meiner zweiten Heimat Lateinamerika, in [&hellip;]<\/p>\n","protected":false},"author":1,"featured_media":0,"comment_status":"open","ping_status":"open","sticky":false,"template":"","format":"standard","meta":{"footnotes":""},"categories":[1,16],"tags":[],"class_list":["post-3149","post","type-post","status-publish","format-standard","hentry","category-feuilleton","category-panorama"],"_links":{"self":[{"href":"https:\/\/www.burks.de\/burksblog\/wp-json\/wp\/v2\/posts\/3149","targetHints":{"allow":["GET"]}}],"collection":[{"href":"https:\/\/www.burks.de\/burksblog\/wp-json\/wp\/v2\/posts"}],"about":[{"href":"https:\/\/www.burks.de\/burksblog\/wp-json\/wp\/v2\/types\/post"}],"author":[{"embeddable":true,"href":"https:\/\/www.burks.de\/burksblog\/wp-json\/wp\/v2\/users\/1"}],"replies":[{"embeddable":true,"href":"https:\/\/www.burks.de\/burksblog\/wp-json\/wp\/v2\/comments?post=3149"}],"version-history":[{"count":7,"href":"https:\/\/www.burks.de\/burksblog\/wp-json\/wp\/v2\/posts\/3149\/revisions"}],"predecessor-version":[{"id":3156,"href":"https:\/\/www.burks.de\/burksblog\/wp-json\/wp\/v2\/posts\/3149\/revisions\/3156"}],"wp:attachment":[{"href":"https:\/\/www.burks.de\/burksblog\/wp-json\/wp\/v2\/media?parent=3149"}],"wp:term":[{"taxonomy":"category","embeddable":true,"href":"https:\/\/www.burks.de\/burksblog\/wp-json\/wp\/v2\/categories?post=3149"},{"taxonomy":"post_tag","embeddable":true,"href":"https:\/\/www.burks.de\/burksblog\/wp-json\/wp\/v2\/tags?post=3149"}],"curies":[{"name":"wp","href":"https:\/\/api.w.org\/{rel}","templated":true}]}}