{"id":31045,"date":"2016-11-19T19:38:54","date_gmt":"2016-11-19T18:38:54","guid":{"rendered":"https:\/\/www.burks.de\/burksblog\/?p=31045"},"modified":"2016-11-19T19:52:56","modified_gmt":"2016-11-19T18:52:56","slug":"gilt-als-lumpenjournalismus","status":"publish","type":"post","link":"https:\/\/www.burks.de\/burksblog\/2016\/11\/19\/gilt-als-lumpenjournalismus","title":{"rendered":"Gilt als Lumpenjournalismus oder: Operieren am journalistischen Rand"},"content":{"rendered":"<p><a href=\"http:\/\/www.achgut.com\/artikel\/eine_stern_stunde_des_investigativen_journalismus\">Henryk M. Broder<\/a> \u00fcber &#8222;investigativen Journalismus&#8220; und Verdachtsberichterstattung. Lest selbst. Er hat Recht. &#8222;Gilt als&#8220; gilt in Deutschland als &#8222;Recherche&#8220; &#8211; der Bezug auf die eigene Meinungsblase reicht offenbar, um gleich aus einer vagen Vermutung ein Faktum zu konstruieren.<\/p>\n<p><i>Sehr geehrter Herr Broder, wie Sie ja selbst schreiben, hei\u00dft es im Text nicht, er IST Antisemit, sondern &#8222;er GILT als Antisemit&#8220; bzw. &#8222;operiert am antisemitischen Rand&#8220;.<\/i><\/p>\n<p>Broder: &#8222;Immerhin gibt <a href=\"http:\/\/www.stern.de\/patrick-roesing-3005692.html\">R\u00f6sing<\/a> zu, dass er aus US-Medien abschreibt. Er hat kein w\u00f6rtliches Zitat zur Hand, seine Kronzeugin ist Bannons Ex-Frau, die vor zehn Jahren etwas &#8218;zu Protokoll&#8216; gab, das Bannon bestreitet. Nach meiner Auffassung rechtfertigt so eine Arbeitsweise die Bezeichnung &#8218;Lumpenjournalismus&#8216;. R\u00f6sing mag das anders sehen. Dann steht es eben Aussage gegen Aussage.&#8220;<\/p>\n<p>Habe ich schon gesagt, dass ich die gegenw\u00e4rtige Situation in den USA \u00e4u\u00dferst spannend finde? Recht unterhaltsam ist auch die Attitude vieler Journalisten hierzulande, verschiedenen Politikern im Umfeld Trumps so schnell wie m\u00f6glich Etikette wie &#8222;Rassist&#8220;, &#8222;Antisemit&#8220; usw. ankleben zu wollen. So einfach ist das nicht.<\/p>\n<p>Trump selbst ist <a href=\"http:\/\/time.com\/4507432\/donald-trump-israel-jerusalem-capital-netanyahu\/\">kein Antisemit<\/a>, auch wenn zum Beispiel der <a href=\"http:\/\/www.spiegel.de\/politik\/ausland\/davidstern-donald-trump-hat-ein-israel-problem-a-1101302.html\">Spiegel<\/a> offenbar garn das Gegenteil s\u00e4he und die <a href=\"https:\/\/www.washingtonpost.com\/opinions\/anti-semitism-is-no-longer-an-undertone-of-trumps-campaign-its-the-melody\/2016\/11\/07\/b1ad6e22-a50a-11e6-8042-f4d111c862d1_story.html\">Washington Post<\/a> beim Thema zur\u00fcckrudert und von &#8222;Untert\u00f6nen&#8220; spricht. Jedenfalls <a href=\"http:\/\/ijr.com\/2016\/11\/737617-why-donald-trump-will-be-the-most-pro-israel-president-in-a-generation\/\">n\u00fctzt er Israel vermutlich weit mehr<\/a> als es eine Pr\u00e4sidentin Clinton getan h\u00e4tte.<\/p>\n<p>Trumps <a href=\"http:\/\/www.ivankatrump.com\/\">Tochter<\/a> ist <a href=\"http:\/\/www.ibtimes.com\/ivanka-trumps-jewish-faith-11-things-know-about-donald-trumps-daughter-judaism-2393299\">bekanntlich zum Judentum konvertiert<\/a>, was aber nat\u00fcrlich <a href=\"http:\/\/www.haaretz.com\/world-news\/u-s-election-2016\/1.752064\">noch nichts hei\u00dft<\/a>. <\/p>\n<p>Jedenfalls haben sich die Koordinaten, mit Hilfe derer deutsche Medien Personen eint\u00fcten, so verheddert, dass man sich k\u00f6stlich am\u00fcsieren kann.<\/p>\n<div class=\"pdfprnt-buttons pdfprnt-buttons-post pdfprnt-bottom-right\"><a href=\"https:\/\/www.burks.de\/burksblog\/wp-json\/wp\/v2\/posts\/31045?print=pdf\" class=\"pdfprnt-button pdfprnt-button-pdf\" target=\"_blank\" ><img decoding=\"async\" src=\"https:\/\/www.burks.de\/burksblog\/wp-content\/plugins\/pdf-print\/images\/pdf.png\" alt=\"image_pdf\" title=\"PDF anzeigen\" \/><\/a><a href=\"https:\/\/www.burks.de\/burksblog\/wp-json\/wp\/v2\/posts\/31045?print=print\" class=\"pdfprnt-button pdfprnt-button-print\" target=\"_blank\" ><img decoding=\"async\" src=\"https:\/\/www.burks.de\/burksblog\/wp-content\/plugins\/pdf-print\/images\/print.png\" alt=\"image_print\" title=\"Inhalt drucken\" \/><\/a><\/div><div class=\"twoclick_social_bookmarks_post_31045 social_share_privacy clearfix 1.6.4 locale-de_DE sprite-de_DE\"><\/div><div class=\"twoclick-js\"><script type=\"text\/javascript\">\/* <![CDATA[ *\/\njQuery(document).ready(function($){if($('.twoclick_social_bookmarks_post_31045')){$('.twoclick_social_bookmarks_post_31045').socialSharePrivacy({\"services\":{\"facebook\":{\"status\":\"on\",\"txt_info\":\"2 Klicks f\\u00fcr mehr Datenschutz: Erst wenn Sie hier klicken, wird der Button aktiv und Sie k\\u00f6nnen Ihre Empfehlung an Facebook senden. Schon beim Aktivieren werden Daten an Dritte \\u00fcbertragen - siehe <em>i<\\\/em>.\",\"perma_option\":\"off\",\"action\":\"recommend\",\"language\":\"de_DE\"},\"twitter\":{\"reply_to\":\"\",\"tweet_text\":\"%20Gilt%20als%20Lumpenjournalismus%20oder%3A%20Operieren%20am%20journalistischen%20Rand%20%C2%BB%20Burks%27%20...\",\"status\":\"on\",\"txt_info\":\"2 Klicks f\\u00fcr mehr Datenschutz: Erst wenn Sie hier klicken, wird der Button aktiv und Sie k\\u00f6nnen Ihre Empfehlung an Twitter senden. Schon beim Aktivieren werden Daten an Dritte \\u00fcbertragen - siehe <em>i<\\\/em>.\",\"perma_option\":\"off\",\"language\":\"de\",\"referrer_track\":\"\"}},\"txt_help\":\"Wenn Sie diese Felder durch einen Klick aktivieren, werden Informationen an Facebook, Twitter, Flattr, Xing, t3n, LinkedIn, Pinterest oder Google eventuell ins Ausland \\u00fcbertragen und unter Umst\\u00e4nden auch dort gespeichert. N\\u00e4heres erfahren Sie durch einen Klick auf das <em>i<\\\/em>.\",\"settings_perma\":\"Dauerhaft aktivieren und Daten\\u00fcber-tragung zustimmen:\",\"info_link\":\"http:\\\/\\\/www.heise.de\\\/ct\\\/artikel\\\/2-Klicks-fuer-mehr-Datenschutz-1333879.html\",\"uri\":\"https:\\\/\\\/www.burks.de\\\/burksblog\\\/2016\\\/11\\\/19\\\/gilt-als-lumpenjournalismus\",\"post_id\":31045,\"post_title_referrer_track\":\"Gilt+als+Lumpenjournalismus+oder%3A+Operieren+am+journalistischen+Rand\",\"display_infobox\":\"on\"});}});\n\/* ]]> *\/<\/script><\/div>","protected":false},"excerpt":{"rendered":"<p>Henryk M. Broder \u00fcber &#8222;investigativen Journalismus&#8220; und Verdachtsberichterstattung. Lest selbst. Er hat Recht. &#8222;Gilt als&#8220; gilt in Deutschland als &#8222;Recherche&#8220; &#8211; der Bezug auf die eigene Meinungsblase reicht offenbar, um gleich aus einer vagen Vermutung ein Faktum zu konstruieren. Sehr geehrter Herr Broder, wie Sie ja selbst schreiben, hei\u00dft es im Text nicht, er IST [&hellip;]<\/p>\n","protected":false},"author":1,"featured_media":0,"comment_status":"open","ping_status":"open","sticky":false,"template":"","format":"standard","meta":{"footnotes":""},"categories":[23,15],"tags":[],"class_list":["post-31045","post","type-post","status-publish","format-standard","hentry","category-media","category-politics"],"_links":{"self":[{"href":"https:\/\/www.burks.de\/burksblog\/wp-json\/wp\/v2\/posts\/31045","targetHints":{"allow":["GET"]}}],"collection":[{"href":"https:\/\/www.burks.de\/burksblog\/wp-json\/wp\/v2\/posts"}],"about":[{"href":"https:\/\/www.burks.de\/burksblog\/wp-json\/wp\/v2\/types\/post"}],"author":[{"embeddable":true,"href":"https:\/\/www.burks.de\/burksblog\/wp-json\/wp\/v2\/users\/1"}],"replies":[{"embeddable":true,"href":"https:\/\/www.burks.de\/burksblog\/wp-json\/wp\/v2\/comments?post=31045"}],"version-history":[{"count":4,"href":"https:\/\/www.burks.de\/burksblog\/wp-json\/wp\/v2\/posts\/31045\/revisions"}],"predecessor-version":[{"id":31051,"href":"https:\/\/www.burks.de\/burksblog\/wp-json\/wp\/v2\/posts\/31045\/revisions\/31051"}],"wp:attachment":[{"href":"https:\/\/www.burks.de\/burksblog\/wp-json\/wp\/v2\/media?parent=31045"}],"wp:term":[{"taxonomy":"category","embeddable":true,"href":"https:\/\/www.burks.de\/burksblog\/wp-json\/wp\/v2\/categories?post=31045"},{"taxonomy":"post_tag","embeddable":true,"href":"https:\/\/www.burks.de\/burksblog\/wp-json\/wp\/v2\/tags?post=31045"}],"curies":[{"name":"wp","href":"https:\/\/api.w.org\/{rel}","templated":true}]}}