{"id":30683,"date":"2016-10-12T11:23:04","date_gmt":"2016-10-12T09:23:04","guid":{"rendered":"https:\/\/www.burks.de\/burksblog\/?p=30683"},"modified":"2016-10-12T11:25:05","modified_gmt":"2016-10-12T09:25:05","slug":"wolfs-geheul","status":"publish","type":"post","link":"https:\/\/www.burks.de\/burksblog\/2016\/10\/12\/wolfs-geheul","title":{"rendered":"Wolfs Geheul"},"content":{"rendered":"<p>Barbara Kalender und J\u00f6rg Schr\u00f6der <a href=\"http:\/\/blogs.taz.de\/schroederkalender\/2007\/01\/18\/zuviel-der-ehre-fuer-wolf-biermann\/\">schrieben 2007 in der taz<\/a> \u00fcber Wolf Biermans Biografie: &#8222;Zuviel der Ehre f\u00fcr Wolf Biermann&#8220;. Aktuell hat <a href=\"https:\/\/www.facebook.com\/christian.y.schmidt?fref=nf&#038;pnref=story\">Christian Y. Schmidt<\/a> (Vorsicht! Facebook!) Biermanns erb\u00e4rmliches Gequatsche \u00fcber Edward Snowden kommentiert.<\/p>\n<p>Kalender\/Schr\u00f6der zitieren Rayk Wieland in der &#8222;Konkret&#8220; (Oktober 1996):<br \/>\n<i>Bekanntlich kam Biermann erst 1953 in die DDR. Margot Honecker, geborene Feist, die gemeinsam mit Biermann aufgewachsen war, holte den Siebzehnj\u00e4hrigen aus seinen bescheidenen Hamburger Verh\u00e4ltnissen und brachte ihn in einem Internat unter. Ihr und Biermanns Vater waren w\u00e4hrend der Nazizeit in einer Widerstandsgruppe, und nachdem die Gruppe aufgeflogen, beide V\u00e4ter verhaftet und ins KZ gebracht worden waren, nahm Biermanns Mutter das M\u00e4dchen bei sich in Hamburg auf. Nach dem Krieg holte sie der Vater, der \u00fcberlebte, wieder nach Halle, wo Margot in der FDJ arbeitete und deren Chef Erich Honecker kennenlernte, den sie sp\u00e4ter heiratete. Biermann machte, in der DDR angekommen, zun\u00e4chst das Abitur und durfte sich danach ein Studium, nein, sogar zwei Studieng\u00e4nge aussuchen \u2013 er belegte Politische \u00d6konomie, sp\u00e4ter Mathematik und Philosophie. Nat\u00fcrlich war er Mitglied der FDJ und der SED, und nat\u00fcrlich konnte er auch nach 1961 ungehindert in den Westen reisen, er gab dort Konzerte und lie\u00df seine B\u00fccher verlegen. Sein enger pers\u00f6nlicher Kontakt zur Familie Honecker, insbesondere zu Margot Honecker, ri\u00df nie ab. Sie ging zu ihm in die Chausseestra\u00dfe, wo sie ihm eine Wohnetage besorgt hatte, er kam zu ihr ins Ministerium, wozu er weder Termine noch Passierscheine ben\u00f6tigte. Noch unmittelbar vor dem Verlassen der DDR hatte er Besuch von ihr, sie werden die Modalit\u00e4ten des als Ausb\u00fcrgerung bekannt gewordenen Umzugs und PR-Gags beredet haben. Dar\u00fcber spricht und singt der Dauerwiderst\u00e4ndler Biermann nicht nur ungern, sondern \u00fcberhaupt nicht. Seine Popularit\u00e4t und moralische Glaubw\u00fcrdigkeit, mit welcher er gegen \u203adie Genossen im Schmalztopf der privilegierten Kaste\u2039 ansang, h\u00e4tte Schaden nehmen k\u00f6nnen, wenn herausgekommen w\u00e4re, da\u00df er nicht nur im \u203aNeuen Deutschland\u2039 tagt\u00e4glich die bekannten \u203aFressen\u2039 fand, sondern auch bei sich zu Hause.<\/i><\/p>\n<div class=\"pdfprnt-buttons pdfprnt-buttons-post pdfprnt-bottom-right\"><a href=\"https:\/\/www.burks.de\/burksblog\/wp-json\/wp\/v2\/posts\/30683?print=pdf\" class=\"pdfprnt-button pdfprnt-button-pdf\" target=\"_blank\" ><img decoding=\"async\" src=\"https:\/\/www.burks.de\/burksblog\/wp-content\/plugins\/pdf-print\/images\/pdf.png\" alt=\"image_pdf\" title=\"PDF anzeigen\" \/><\/a><a href=\"https:\/\/www.burks.de\/burksblog\/wp-json\/wp\/v2\/posts\/30683?print=print\" class=\"pdfprnt-button pdfprnt-button-print\" target=\"_blank\" ><img decoding=\"async\" src=\"https:\/\/www.burks.de\/burksblog\/wp-content\/plugins\/pdf-print\/images\/print.png\" alt=\"image_print\" title=\"Inhalt drucken\" \/><\/a><\/div><div class=\"twoclick_social_bookmarks_post_30683 social_share_privacy clearfix 1.6.4 locale-de_DE sprite-de_DE\"><\/div><div class=\"twoclick-js\"><script type=\"text\/javascript\">\/* <![CDATA[ *\/\njQuery(document).ready(function($){if($('.twoclick_social_bookmarks_post_30683')){$('.twoclick_social_bookmarks_post_30683').socialSharePrivacy({\"services\":{\"facebook\":{\"status\":\"on\",\"txt_info\":\"2 Klicks f\\u00fcr mehr Datenschutz: Erst wenn Sie hier klicken, wird der Button aktiv und Sie k\\u00f6nnen Ihre Empfehlung an Facebook senden. Schon beim Aktivieren werden Daten an Dritte \\u00fcbertragen - siehe <em>i<\\\/em>.\",\"perma_option\":\"off\",\"action\":\"recommend\",\"language\":\"de_DE\"},\"twitter\":{\"reply_to\":\"\",\"tweet_text\":\"Wolfs%20Geheul%20%C2%BB%20Burks%27%20Blog%20-%20in%20dubio%20pro%20contra.%20De%20omnibus%20dubitandum.\",\"status\":\"on\",\"txt_info\":\"2 Klicks f\\u00fcr mehr Datenschutz: Erst wenn Sie hier klicken, wird der Button aktiv und Sie k\\u00f6nnen Ihre Empfehlung an Twitter senden. Schon beim Aktivieren werden Daten an Dritte \\u00fcbertragen - siehe <em>i<\\\/em>.\",\"perma_option\":\"off\",\"language\":\"de\",\"referrer_track\":\"\"}},\"txt_help\":\"Wenn Sie diese Felder durch einen Klick aktivieren, werden Informationen an Facebook, Twitter, Flattr, Xing, t3n, LinkedIn, Pinterest oder Google eventuell ins Ausland \\u00fcbertragen und unter Umst\\u00e4nden auch dort gespeichert. N\\u00e4heres erfahren Sie durch einen Klick auf das <em>i<\\\/em>.\",\"settings_perma\":\"Dauerhaft aktivieren und Daten\\u00fcber-tragung zustimmen:\",\"info_link\":\"http:\\\/\\\/www.heise.de\\\/ct\\\/artikel\\\/2-Klicks-fuer-mehr-Datenschutz-1333879.html\",\"uri\":\"https:\\\/\\\/www.burks.de\\\/burksblog\\\/2016\\\/10\\\/12\\\/wolfs-geheul\",\"post_id\":30683,\"post_title_referrer_track\":\"Wolfs+Geheul\",\"display_infobox\":\"on\"});}});\n\/* ]]> *\/<\/script><\/div>","protected":false},"excerpt":{"rendered":"<p>Barbara Kalender und J\u00f6rg Schr\u00f6der schrieben 2007 in der taz \u00fcber Wolf Biermans Biografie: &#8222;Zuviel der Ehre f\u00fcr Wolf Biermann&#8220;. Aktuell hat Christian Y. Schmidt (Vorsicht! Facebook!) Biermanns erb\u00e4rmliches Gequatsche \u00fcber Edward Snowden kommentiert. Kalender\/Schr\u00f6der zitieren Rayk Wieland in der &#8222;Konkret&#8220; (Oktober 1996): Bekanntlich kam Biermann erst 1953 in die DDR. Margot Honecker, geborene Feist, [&hellip;]<\/p>\n","protected":false},"author":1,"featured_media":0,"comment_status":"open","ping_status":"open","sticky":false,"template":"","format":"standard","meta":{"footnotes":""},"categories":[15],"tags":[],"class_list":["post-30683","post","type-post","status-publish","format-standard","hentry","category-politics"],"_links":{"self":[{"href":"https:\/\/www.burks.de\/burksblog\/wp-json\/wp\/v2\/posts\/30683","targetHints":{"allow":["GET"]}}],"collection":[{"href":"https:\/\/www.burks.de\/burksblog\/wp-json\/wp\/v2\/posts"}],"about":[{"href":"https:\/\/www.burks.de\/burksblog\/wp-json\/wp\/v2\/types\/post"}],"author":[{"embeddable":true,"href":"https:\/\/www.burks.de\/burksblog\/wp-json\/wp\/v2\/users\/1"}],"replies":[{"embeddable":true,"href":"https:\/\/www.burks.de\/burksblog\/wp-json\/wp\/v2\/comments?post=30683"}],"version-history":[{"count":3,"href":"https:\/\/www.burks.de\/burksblog\/wp-json\/wp\/v2\/posts\/30683\/revisions"}],"predecessor-version":[{"id":30686,"href":"https:\/\/www.burks.de\/burksblog\/wp-json\/wp\/v2\/posts\/30683\/revisions\/30686"}],"wp:attachment":[{"href":"https:\/\/www.burks.de\/burksblog\/wp-json\/wp\/v2\/media?parent=30683"}],"wp:term":[{"taxonomy":"category","embeddable":true,"href":"https:\/\/www.burks.de\/burksblog\/wp-json\/wp\/v2\/categories?post=30683"},{"taxonomy":"post_tag","embeddable":true,"href":"https:\/\/www.burks.de\/burksblog\/wp-json\/wp\/v2\/tags?post=30683"}],"curies":[{"name":"wp","href":"https:\/\/api.w.org\/{rel}","templated":true}]}}