{"id":30679,"date":"2016-10-12T09:43:48","date_gmt":"2016-10-12T07:43:48","guid":{"rendered":"https:\/\/www.burks.de\/burksblog\/?p=30679"},"modified":"2016-10-12T09:44:22","modified_gmt":"2016-10-12T07:44:22","slug":"schreckgespenst-transparenz","status":"publish","type":"post","link":"https:\/\/www.burks.de\/burksblog\/2016\/10\/12\/schreckgespenst-transparenz","title":{"rendered":"Schreckgespenst Transparenz"},"content":{"rendered":"<p>Ein <a href=\"http:\/\/www.faz.net\/aktuell\/finanzen\/meine-finanzen\/versichern-und-schuetzen\/interview-mit-jens-baas-chef-der-techniker-krankenkasse-14472241.html?printPagedArticle=true#pageIndex_2\">Interview in der FAS<\/a> mit Jens Baas, dem &#8222;Chef&#8220; der Techniker-Krankenkasse. Man kommt aus dme Staunen nicht heraus. Das profitorientierte Gesundheitssystem ist der reine Irrsinn, und alle wissen das. <\/p>\n<p><i>Langfristig ist kein Platz f\u00fcr die kr\u00e4nkelnde private Krankenversicherung. Es ist einfach ungerecht, das Gesundheitssystem in zwei Klassen zu unterteilen. Aber die Privaten werden ohnehin langfristig verschwinden. (&#8230;) Es kann auch nicht l\u00e4nger sein, dass der Preis neuer Medikamente, die keinen Zusatznutzen gegen\u00fcber vorhandenen Wirkstoffen haben, im ersten Jahr vom Hersteller nach eigenem Gusto festgelegt wird. (&#8230;) Die Kassen bezahlen zum Beispiel Pr\u00e4mien von zehn Euro je Fall f\u00fcr \u00c4rzte, wenn sie den Patienten auf dem Papier kr\u00e4nker machen. (&#8230;) [Frage: Und warum stellt die Aufsicht diese Praxis nicht ab?] Weil es die eine Aufsicht nicht gibt. (&#8230;) Transparenz ist ein Schreckgespenst im Gesundheitswesen.<\/i><\/p>\n<div class=\"pdfprnt-buttons pdfprnt-buttons-post pdfprnt-bottom-right\"><a href=\"https:\/\/www.burks.de\/burksblog\/wp-json\/wp\/v2\/posts\/30679?print=pdf\" class=\"pdfprnt-button pdfprnt-button-pdf\" target=\"_blank\" ><img decoding=\"async\" src=\"https:\/\/www.burks.de\/burksblog\/wp-content\/plugins\/pdf-print\/images\/pdf.png\" alt=\"image_pdf\" title=\"PDF anzeigen\" \/><\/a><a href=\"https:\/\/www.burks.de\/burksblog\/wp-json\/wp\/v2\/posts\/30679?print=print\" class=\"pdfprnt-button pdfprnt-button-print\" target=\"_blank\" ><img decoding=\"async\" src=\"https:\/\/www.burks.de\/burksblog\/wp-content\/plugins\/pdf-print\/images\/print.png\" alt=\"image_print\" title=\"Inhalt drucken\" \/><\/a><\/div><div class=\"twoclick_social_bookmarks_post_30679 social_share_privacy clearfix 1.6.4 locale-de_DE sprite-de_DE\"><\/div><div class=\"twoclick-js\"><script type=\"text\/javascript\">\/* <![CDATA[ *\/\njQuery(document).ready(function($){if($('.twoclick_social_bookmarks_post_30679')){$('.twoclick_social_bookmarks_post_30679').socialSharePrivacy({\"services\":{\"facebook\":{\"status\":\"on\",\"txt_info\":\"2 Klicks f\\u00fcr mehr Datenschutz: Erst wenn Sie hier klicken, wird der Button aktiv und Sie k\\u00f6nnen Ihre Empfehlung an Facebook senden. Schon beim Aktivieren werden Daten an Dritte \\u00fcbertragen - siehe <em>i<\\\/em>.\",\"perma_option\":\"off\",\"action\":\"recommend\",\"language\":\"de_DE\"},\"twitter\":{\"reply_to\":\"\",\"tweet_text\":\"%20Schreckgespenst%20Transparenz%20%C2%BB%20Burks%27%20Blog%20-%20in%20dubio%20pro%20contra.%20De%20omnibus%20...\",\"status\":\"on\",\"txt_info\":\"2 Klicks f\\u00fcr mehr Datenschutz: Erst wenn Sie hier klicken, wird der Button aktiv und Sie k\\u00f6nnen Ihre Empfehlung an Twitter senden. Schon beim Aktivieren werden Daten an Dritte \\u00fcbertragen - siehe <em>i<\\\/em>.\",\"perma_option\":\"off\",\"language\":\"de\",\"referrer_track\":\"\"}},\"txt_help\":\"Wenn Sie diese Felder durch einen Klick aktivieren, werden Informationen an Facebook, Twitter, Flattr, Xing, t3n, LinkedIn, Pinterest oder Google eventuell ins Ausland \\u00fcbertragen und unter Umst\\u00e4nden auch dort gespeichert. N\\u00e4heres erfahren Sie durch einen Klick auf das <em>i<\\\/em>.\",\"settings_perma\":\"Dauerhaft aktivieren und Daten\\u00fcber-tragung zustimmen:\",\"info_link\":\"http:\\\/\\\/www.heise.de\\\/ct\\\/artikel\\\/2-Klicks-fuer-mehr-Datenschutz-1333879.html\",\"uri\":\"https:\\\/\\\/www.burks.de\\\/burksblog\\\/2016\\\/10\\\/12\\\/schreckgespenst-transparenz\",\"post_id\":30679,\"post_title_referrer_track\":\"Schreckgespenst+Transparenz\",\"display_infobox\":\"on\"});}});\n\/* ]]> *\/<\/script><\/div>","protected":false},"excerpt":{"rendered":"<p>Ein Interview in der FAS mit Jens Baas, dem &#8222;Chef&#8220; der Techniker-Krankenkasse. Man kommt aus dme Staunen nicht heraus. Das profitorientierte Gesundheitssystem ist der reine Irrsinn, und alle wissen das. Langfristig ist kein Platz f\u00fcr die kr\u00e4nkelnde private Krankenversicherung. Es ist einfach ungerecht, das Gesundheitssystem in zwei Klassen zu unterteilen. Aber die Privaten werden ohnehin [&hellip;]<\/p>\n","protected":false},"author":1,"featured_media":0,"comment_status":"open","ping_status":"open","sticky":false,"template":"","format":"standard","meta":{"footnotes":""},"categories":[16],"tags":[],"class_list":["post-30679","post","type-post","status-publish","format-standard","hentry","category-panorama"],"_links":{"self":[{"href":"https:\/\/www.burks.de\/burksblog\/wp-json\/wp\/v2\/posts\/30679","targetHints":{"allow":["GET"]}}],"collection":[{"href":"https:\/\/www.burks.de\/burksblog\/wp-json\/wp\/v2\/posts"}],"about":[{"href":"https:\/\/www.burks.de\/burksblog\/wp-json\/wp\/v2\/types\/post"}],"author":[{"embeddable":true,"href":"https:\/\/www.burks.de\/burksblog\/wp-json\/wp\/v2\/users\/1"}],"replies":[{"embeddable":true,"href":"https:\/\/www.burks.de\/burksblog\/wp-json\/wp\/v2\/comments?post=30679"}],"version-history":[{"count":3,"href":"https:\/\/www.burks.de\/burksblog\/wp-json\/wp\/v2\/posts\/30679\/revisions"}],"predecessor-version":[{"id":30682,"href":"https:\/\/www.burks.de\/burksblog\/wp-json\/wp\/v2\/posts\/30679\/revisions\/30682"}],"wp:attachment":[{"href":"https:\/\/www.burks.de\/burksblog\/wp-json\/wp\/v2\/media?parent=30679"}],"wp:term":[{"taxonomy":"category","embeddable":true,"href":"https:\/\/www.burks.de\/burksblog\/wp-json\/wp\/v2\/categories?post=30679"},{"taxonomy":"post_tag","embeddable":true,"href":"https:\/\/www.burks.de\/burksblog\/wp-json\/wp\/v2\/tags?post=30679"}],"curies":[{"name":"wp","href":"https:\/\/api.w.org\/{rel}","templated":true}]}}