{"id":30647,"date":"2016-10-08T15:04:03","date_gmt":"2016-10-08T13:04:03","guid":{"rendered":"https:\/\/www.burks.de\/burksblog\/?p=30647"},"modified":"2016-10-08T15:06:41","modified_gmt":"2016-10-08T13:06:41","slug":"die-luemmel-oder-strong-language","status":"publish","type":"post","link":"https:\/\/www.burks.de\/burksblog\/2016\/10\/08\/die-luemmel-oder-strong-language","title":{"rendered":"Die L\u00fcmmel oder: Strong language"},"content":{"rendered":"<p><i>Sie sang das alte Entsagungslied,<br \/>\nDas Eiapopeia vom Himmel,<br \/>\nWomit man einlullt, wenn es greint,<br \/>\nDas Volk, den gro\u00dfen L\u00fcmmel.<\/p>\n<p>Ich kenne die Weise, ich kenne den Text,<br \/>\nIch kenn auch die Herren Verfasser;<br \/>\nIch wei\u00df, sie tranken heimlich Wein<br \/>\nUnd predigten \u00f6ffentlich Wasser.<br \/>\n(Heinrich heine: Deutschland. Ein Winterm\u00e4rchen)<\/i><\/p>\n<p>Ich wei\u00df nicht, was die Medien eigentlich haben: Warum werden W\u00f6rter, die das Volk ausspricht, mit Sternchen ersetzt oder weggepiept? Ficken und &#8222;fuck&#8220; &#8211; das geht nicht? Pussy oder &#8222;M\u00f6se&#8220; sind unanst\u00e4ndige W\u00f6rter oder &#8222;strong language&#8220;? Das sagt man nicht? Wo? Wer? Wer behauptet das?<\/p>\n<p><a href=\"http:\/\/www.telegraph.co.uk\/news\/2016\/10\/07\/donald-trump-on-groping-and-kissing-women-when-youre-a-star-they\/?WTmcid=tmgoff_soc_spf_fb&#038;WT.mc_id=sf38225152\">Trump redet eben auch so<\/a>, wie seine W\u00e4hler sind. Nur Journalisten aus der Mittelschicht regen sich auf: Bei den Spie\u00df- und Kleinb\u00fcrgern kommt es eben darauf an, wie man sich &#8222;benimmt&#8220; und nicht, wer man ist. Gutes Benehmen sichert gef\u00fchlt den sozialen Status. Ach ja, ist das so?<\/p>\n<p>By the way: Hat Trump behauptet, wenn man ein &#8222;Star&#8220; sei, k\u00f6nne man viele Frauen haben und sie angrapschen? Ist das nicht so? Man m\u00fcsste mal Bill Wyman fragen. Oder bei <a href=\"https:\/\/en.wikipedia.org\/wiki\/Groupie\">Wikipedia<\/a> nachlesen, was ein Groupie ist.<\/p>\n<p>Ja, man(n) muss der &#8222;strong language&#8220; entsagen, man muss sich benehmen, man muss darauf achten, was man sagt. Aber, wie <a href=\"https:\/\/www.welt.de\/politik\/video158539814\/Das-Volk-darf-grob-sein-und-sich-unangemessen-aeussern.html\">Henryk M. Broder <\/a> richtig einwendet: &#8222;Das Volk darf grob sein und sich unangemessen \u00e4u\u00dfern&#8220;. Ja, man darf zur Regierung und deren Charaktermasken ganz enthemmt sagen: &#8222;Pack, verpiss dich!&#8220; oder diese w\u00fcst beschimpfen. Das Volk ist der Regierung keinerlei Rechenschaft schuldig, wohl aber umgekehrt.<\/p>\n<p>Ich wette, liebe Leserinnen und Leser: Den W\u00e4hlern von Trump geht die Diskussion am Arsch vorbei. Mir \u00fcbrigens auch, aber aus anderen Gr\u00fcnden.<\/p>\n<div class=\"pdfprnt-buttons pdfprnt-buttons-post pdfprnt-bottom-right\"><a href=\"https:\/\/www.burks.de\/burksblog\/wp-json\/wp\/v2\/posts\/30647?print=pdf\" class=\"pdfprnt-button pdfprnt-button-pdf\" target=\"_blank\" ><img decoding=\"async\" src=\"https:\/\/www.burks.de\/burksblog\/wp-content\/plugins\/pdf-print\/images\/pdf.png\" alt=\"image_pdf\" title=\"PDF anzeigen\" \/><\/a><a href=\"https:\/\/www.burks.de\/burksblog\/wp-json\/wp\/v2\/posts\/30647?print=print\" class=\"pdfprnt-button pdfprnt-button-print\" target=\"_blank\" ><img decoding=\"async\" src=\"https:\/\/www.burks.de\/burksblog\/wp-content\/plugins\/pdf-print\/images\/print.png\" alt=\"image_print\" title=\"Inhalt drucken\" \/><\/a><\/div><div class=\"twoclick_social_bookmarks_post_30647 social_share_privacy clearfix 1.6.4 locale-de_DE sprite-de_DE\"><\/div><div class=\"twoclick-js\"><script type=\"text\/javascript\">\/* <![CDATA[ *\/\njQuery(document).ready(function($){if($('.twoclick_social_bookmarks_post_30647')){$('.twoclick_social_bookmarks_post_30647').socialSharePrivacy({\"services\":{\"facebook\":{\"status\":\"on\",\"txt_info\":\"2 Klicks f\\u00fcr mehr Datenschutz: Erst wenn Sie hier klicken, wird der Button aktiv und Sie k\\u00f6nnen Ihre Empfehlung an Facebook senden. Schon beim Aktivieren werden Daten an Dritte \\u00fcbertragen - siehe <em>i<\\\/em>.\",\"perma_option\":\"off\",\"action\":\"recommend\",\"language\":\"de_DE\"},\"twitter\":{\"reply_to\":\"\",\"tweet_text\":\"%20Die%20L%C3%BCmmel%20oder%3A%20Strong%20language%20%C2%BB%20Burks%27%20Blog%20-%20in%20dubio%20pro%20contra.%20...\",\"status\":\"on\",\"txt_info\":\"2 Klicks f\\u00fcr mehr Datenschutz: Erst wenn Sie hier klicken, wird der Button aktiv und Sie k\\u00f6nnen Ihre Empfehlung an Twitter senden. Schon beim Aktivieren werden Daten an Dritte \\u00fcbertragen - siehe <em>i<\\\/em>.\",\"perma_option\":\"off\",\"language\":\"de\",\"referrer_track\":\"\"}},\"txt_help\":\"Wenn Sie diese Felder durch einen Klick aktivieren, werden Informationen an Facebook, Twitter, Flattr, Xing, t3n, LinkedIn, Pinterest oder Google eventuell ins Ausland \\u00fcbertragen und unter Umst\\u00e4nden auch dort gespeichert. N\\u00e4heres erfahren Sie durch einen Klick auf das <em>i<\\\/em>.\",\"settings_perma\":\"Dauerhaft aktivieren und Daten\\u00fcber-tragung zustimmen:\",\"info_link\":\"http:\\\/\\\/www.heise.de\\\/ct\\\/artikel\\\/2-Klicks-fuer-mehr-Datenschutz-1333879.html\",\"uri\":\"https:\\\/\\\/www.burks.de\\\/burksblog\\\/2016\\\/10\\\/08\\\/die-luemmel-oder-strong-language\",\"post_id\":30647,\"post_title_referrer_track\":\"Die+L%C3%BCmmel+oder%3A+Strong+language\",\"display_infobox\":\"on\"});}});\n\/* ]]> *\/<\/script><\/div>","protected":false},"excerpt":{"rendered":"<p>Sie sang das alte Entsagungslied, Das Eiapopeia vom Himmel, Womit man einlullt, wenn es greint, Das Volk, den gro\u00dfen L\u00fcmmel. Ich kenne die Weise, ich kenne den Text, Ich kenn auch die Herren Verfasser; Ich wei\u00df, sie tranken heimlich Wein Und predigten \u00f6ffentlich Wasser. (Heinrich heine: Deutschland. Ein Winterm\u00e4rchen) Ich wei\u00df nicht, was die Medien [&hellip;]<\/p>\n","protected":false},"author":1,"featured_media":0,"comment_status":"open","ping_status":"open","sticky":false,"template":"","format":"standard","meta":{"footnotes":""},"categories":[16],"tags":[],"class_list":["post-30647","post","type-post","status-publish","format-standard","hentry","category-panorama"],"_links":{"self":[{"href":"https:\/\/www.burks.de\/burksblog\/wp-json\/wp\/v2\/posts\/30647","targetHints":{"allow":["GET"]}}],"collection":[{"href":"https:\/\/www.burks.de\/burksblog\/wp-json\/wp\/v2\/posts"}],"about":[{"href":"https:\/\/www.burks.de\/burksblog\/wp-json\/wp\/v2\/types\/post"}],"author":[{"embeddable":true,"href":"https:\/\/www.burks.de\/burksblog\/wp-json\/wp\/v2\/users\/1"}],"replies":[{"embeddable":true,"href":"https:\/\/www.burks.de\/burksblog\/wp-json\/wp\/v2\/comments?post=30647"}],"version-history":[{"count":3,"href":"https:\/\/www.burks.de\/burksblog\/wp-json\/wp\/v2\/posts\/30647\/revisions"}],"predecessor-version":[{"id":30650,"href":"https:\/\/www.burks.de\/burksblog\/wp-json\/wp\/v2\/posts\/30647\/revisions\/30650"}],"wp:attachment":[{"href":"https:\/\/www.burks.de\/burksblog\/wp-json\/wp\/v2\/media?parent=30647"}],"wp:term":[{"taxonomy":"category","embeddable":true,"href":"https:\/\/www.burks.de\/burksblog\/wp-json\/wp\/v2\/categories?post=30647"},{"taxonomy":"post_tag","embeddable":true,"href":"https:\/\/www.burks.de\/burksblog\/wp-json\/wp\/v2\/tags?post=30647"}],"curies":[{"name":"wp","href":"https:\/\/api.w.org\/{rel}","templated":true}]}}