{"id":30500,"date":"2016-09-12T19:45:48","date_gmt":"2016-09-12T17:45:48","guid":{"rendered":"https:\/\/www.burks.de\/burksblog\/?p=30500"},"modified":"2016-09-12T19:49:04","modified_gmt":"2016-09-12T17:49:04","slug":"futbol-democratico","status":"publish","type":"post","link":"https:\/\/www.burks.de\/burksblog\/2016\/09\/12\/futbol-democratico","title":{"rendered":"F\u00fatbol Democr\u00e1tico"},"content":{"rendered":"<p><a href=\"https:\/\/www.burks.de\/grafik\/latino_america\/colombia\/leticia82_10gr.jpg\"><img decoding=\"async\" src=\"https:\/\/www.burks.de\/grafik\/latino_america\/colombia\/leticia82_10kl.jpg\" alt=\"solimoes\" border=\"0\" hspace=\"0\" vspace=\"0\" width=\"480\" \/><\/a><\/p>\n<p><a href=\"http:\/\/maps.google.com\/maps?f=q&#038;source=s_q&#038;hl=de&#038;geocode=&#038;q=colombia+leticia&#038;sll=-3.217302,-42.970276&#038;sspn=1.18052,2.113495&#038;ie=UTF8&#038;hq=&#038;hnear=Leticia,+Amazonas,+Kolumbien&#038;ll=-4.278626,-69.791336&#038;spn=0.589552,1.056747&#038;t=h&#038;z=11\">Leticia<\/a> am Amazonas im S\u00fcden Kolumbiens. Das Foto habe ich 1982 gemacht. Wem f\u00e4llt etwas \u00dcberraschendes auf?<\/p>\n<div class=\"pdfprnt-buttons pdfprnt-buttons-post pdfprnt-bottom-right\"><a href=\"https:\/\/www.burks.de\/burksblog\/wp-json\/wp\/v2\/posts\/30500?print=pdf\" class=\"pdfprnt-button pdfprnt-button-pdf\" target=\"_blank\" ><img decoding=\"async\" src=\"https:\/\/www.burks.de\/burksblog\/wp-content\/plugins\/pdf-print\/images\/pdf.png\" alt=\"image_pdf\" title=\"PDF anzeigen\" \/><\/a><a href=\"https:\/\/www.burks.de\/burksblog\/wp-json\/wp\/v2\/posts\/30500?print=print\" class=\"pdfprnt-button pdfprnt-button-print\" target=\"_blank\" ><img decoding=\"async\" src=\"https:\/\/www.burks.de\/burksblog\/wp-content\/plugins\/pdf-print\/images\/print.png\" alt=\"image_print\" title=\"Inhalt drucken\" \/><\/a><\/div><div class=\"twoclick_social_bookmarks_post_30500 social_share_privacy clearfix 1.6.4 locale-de_DE sprite-de_DE\"><\/div><div class=\"twoclick-js\"><script type=\"text\/javascript\">\/* <![CDATA[ *\/\njQuery(document).ready(function($){if($('.twoclick_social_bookmarks_post_30500')){$('.twoclick_social_bookmarks_post_30500').socialSharePrivacy({\"services\":{\"facebook\":{\"status\":\"on\",\"txt_info\":\"2 Klicks f\\u00fcr mehr Datenschutz: Erst wenn Sie hier klicken, wird der Button aktiv und Sie k\\u00f6nnen Ihre Empfehlung an Facebook senden. Schon beim Aktivieren werden Daten an Dritte \\u00fcbertragen - siehe <em>i<\\\/em>.\",\"perma_option\":\"off\",\"action\":\"recommend\",\"language\":\"de_DE\"},\"twitter\":{\"reply_to\":\"\",\"tweet_text\":\"%20F%C3%BAtbol%20Democr%C3%A1tico%20%C2%BB%20Burks%27%20Blog%20-%20in%20dubio%20pro%20contra.%20De%20omnibus%20...\",\"status\":\"on\",\"txt_info\":\"2 Klicks f\\u00fcr mehr Datenschutz: Erst wenn Sie hier klicken, wird der Button aktiv und Sie k\\u00f6nnen Ihre Empfehlung an Twitter senden. Schon beim Aktivieren werden Daten an Dritte \\u00fcbertragen - siehe <em>i<\\\/em>.\",\"perma_option\":\"off\",\"language\":\"de\",\"referrer_track\":\"\"}},\"txt_help\":\"Wenn Sie diese Felder durch einen Klick aktivieren, werden Informationen an Facebook, Twitter, Flattr, Xing, t3n, LinkedIn, Pinterest oder Google eventuell ins Ausland \\u00fcbertragen und unter Umst\\u00e4nden auch dort gespeichert. N\\u00e4heres erfahren Sie durch einen Klick auf das <em>i<\\\/em>.\",\"settings_perma\":\"Dauerhaft aktivieren und Daten\\u00fcber-tragung zustimmen:\",\"info_link\":\"http:\\\/\\\/www.heise.de\\\/ct\\\/artikel\\\/2-Klicks-fuer-mehr-Datenschutz-1333879.html\",\"uri\":\"https:\\\/\\\/www.burks.de\\\/burksblog\\\/2016\\\/09\\\/12\\\/futbol-democratico\",\"post_id\":30500,\"post_title_referrer_track\":\"F%C3%BAtbol+Democr%C3%A1tico\",\"display_infobox\":\"on\"});}});\n\/* ]]> *\/<\/script><\/div>","protected":false},"excerpt":{"rendered":"<p>Leticia am Amazonas im S\u00fcden Kolumbiens. Das Foto habe ich 1982 gemacht. Wem f\u00e4llt etwas \u00dcberraschendes auf?<\/p>\n","protected":false},"author":1,"featured_media":0,"comment_status":"open","ping_status":"open","sticky":false,"template":"","format":"standard","meta":{"footnotes":""},"categories":[586,584],"tags":[],"class_list":["post-30500","post","type-post","status-publish","format-standard","hentry","category-colombia","category-lateinamerika"],"_links":{"self":[{"href":"https:\/\/www.burks.de\/burksblog\/wp-json\/wp\/v2\/posts\/30500","targetHints":{"allow":["GET"]}}],"collection":[{"href":"https:\/\/www.burks.de\/burksblog\/wp-json\/wp\/v2\/posts"}],"about":[{"href":"https:\/\/www.burks.de\/burksblog\/wp-json\/wp\/v2\/types\/post"}],"author":[{"embeddable":true,"href":"https:\/\/www.burks.de\/burksblog\/wp-json\/wp\/v2\/users\/1"}],"replies":[{"embeddable":true,"href":"https:\/\/www.burks.de\/burksblog\/wp-json\/wp\/v2\/comments?post=30500"}],"version-history":[{"count":5,"href":"https:\/\/www.burks.de\/burksblog\/wp-json\/wp\/v2\/posts\/30500\/revisions"}],"predecessor-version":[{"id":30505,"href":"https:\/\/www.burks.de\/burksblog\/wp-json\/wp\/v2\/posts\/30500\/revisions\/30505"}],"wp:attachment":[{"href":"https:\/\/www.burks.de\/burksblog\/wp-json\/wp\/v2\/media?parent=30500"}],"wp:term":[{"taxonomy":"category","embeddable":true,"href":"https:\/\/www.burks.de\/burksblog\/wp-json\/wp\/v2\/categories?post=30500"},{"taxonomy":"post_tag","embeddable":true,"href":"https:\/\/www.burks.de\/burksblog\/wp-json\/wp\/v2\/tags?post=30500"}],"curies":[{"name":"wp","href":"https:\/\/api.w.org\/{rel}","templated":true}]}}