{"id":28976,"date":"2016-01-14T06:44:20","date_gmt":"2016-01-14T05:44:20","guid":{"rendered":"https:\/\/www.burks.de\/burksblog\/?p=28976"},"modified":"2016-01-14T06:44:20","modified_gmt":"2016-01-14T05:44:20","slug":"politisch-ganz-korrekt","status":"publish","type":"post","link":"https:\/\/www.burks.de\/burksblog\/2016\/01\/14\/politisch-ganz-korrekt","title":{"rendered":"Politisch ganz korrekt"},"content":{"rendered":"<p>Ein <a href=\"http:\/\/www.faz.net\/aktuell\/politik\/ausland\/europa\/politische-korrektheit-bedroht-die-freie-rede-13994595.html?printPagedArticle=true#pageIndex_2\">Artikel der FAZ<\/a>, dem ich vollends beipflichte. So wird es hier auch kommen. Mit dem Zwang zum Gendersprech f\u00e4ngt es an.<br \/>\n<i>An britischen Universit\u00e4ten l\u00e4uft die &#8222;neue politische Korrektheit&#8220; aus dem Ruder. Sie verbindet Feministinnen mit politisierten Muslimen und macht nicht einmal vor Dichtern halt. Professoren sehen das Grundrecht auf freie Rede bedroht.<\/i><\/p>\n<div class=\"pdfprnt-buttons pdfprnt-buttons-post pdfprnt-bottom-right\"><a href=\"https:\/\/www.burks.de\/burksblog\/wp-json\/wp\/v2\/posts\/28976?print=pdf\" class=\"pdfprnt-button pdfprnt-button-pdf\" target=\"_blank\" ><img decoding=\"async\" src=\"https:\/\/www.burks.de\/burksblog\/wp-content\/plugins\/pdf-print\/images\/pdf.png\" alt=\"image_pdf\" title=\"PDF anzeigen\" \/><\/a><a href=\"https:\/\/www.burks.de\/burksblog\/wp-json\/wp\/v2\/posts\/28976?print=print\" class=\"pdfprnt-button pdfprnt-button-print\" target=\"_blank\" ><img decoding=\"async\" src=\"https:\/\/www.burks.de\/burksblog\/wp-content\/plugins\/pdf-print\/images\/print.png\" alt=\"image_print\" title=\"Inhalt drucken\" \/><\/a><\/div><div class=\"twoclick_social_bookmarks_post_28976 social_share_privacy clearfix 1.6.4 locale-de_DE sprite-de_DE\"><\/div><div class=\"twoclick-js\"><script type=\"text\/javascript\">\/* <![CDATA[ *\/\njQuery(document).ready(function($){if($('.twoclick_social_bookmarks_post_28976')){$('.twoclick_social_bookmarks_post_28976').socialSharePrivacy({\"services\":{\"facebook\":{\"status\":\"on\",\"txt_info\":\"2 Klicks f\\u00fcr mehr Datenschutz: Erst wenn Sie hier klicken, wird der Button aktiv und Sie k\\u00f6nnen Ihre Empfehlung an Facebook senden. Schon beim Aktivieren werden Daten an Dritte \\u00fcbertragen - siehe <em>i<\\\/em>.\",\"perma_option\":\"off\",\"action\":\"recommend\",\"language\":\"de_DE\"},\"twitter\":{\"reply_to\":\"\",\"tweet_text\":\"%20Politisch%20ganz%20korrekt%20%C2%BB%20Burks%27%20Blog%20-%20in%20dubio%20pro%20contra.%20De%20omnibus%20...\",\"status\":\"on\",\"txt_info\":\"2 Klicks f\\u00fcr mehr Datenschutz: Erst wenn Sie hier klicken, wird der Button aktiv und Sie k\\u00f6nnen Ihre Empfehlung an Twitter senden. Schon beim Aktivieren werden Daten an Dritte \\u00fcbertragen - siehe <em>i<\\\/em>.\",\"perma_option\":\"off\",\"language\":\"de\",\"referrer_track\":\"\"}},\"txt_help\":\"Wenn Sie diese Felder durch einen Klick aktivieren, werden Informationen an Facebook, Twitter, Flattr, Xing, t3n, LinkedIn, Pinterest oder Google eventuell ins Ausland \\u00fcbertragen und unter Umst\\u00e4nden auch dort gespeichert. N\\u00e4heres erfahren Sie durch einen Klick auf das <em>i<\\\/em>.\",\"settings_perma\":\"Dauerhaft aktivieren und Daten\\u00fcber-tragung zustimmen:\",\"info_link\":\"http:\\\/\\\/www.heise.de\\\/ct\\\/artikel\\\/2-Klicks-fuer-mehr-Datenschutz-1333879.html\",\"uri\":\"https:\\\/\\\/www.burks.de\\\/burksblog\\\/2016\\\/01\\\/14\\\/politisch-ganz-korrekt\",\"post_id\":28976,\"post_title_referrer_track\":\"Politisch+ganz+korrekt\",\"display_infobox\":\"on\"});}});\n\/* ]]> *\/<\/script><\/div>","protected":false},"excerpt":{"rendered":"<p>Ein Artikel der FAZ, dem ich vollends beipflichte. So wird es hier auch kommen. Mit dem Zwang zum Gendersprech f\u00e4ngt es an. An britischen Universit\u00e4ten l\u00e4uft die &#8222;neue politische Korrektheit&#8220; aus dem Ruder. Sie verbindet Feministinnen mit politisierten Muslimen und macht nicht einmal vor Dichtern halt. Professoren sehen das Grundrecht auf freie Rede bedroht.<\/p>\n","protected":false},"author":1,"featured_media":0,"comment_status":"open","ping_status":"open","sticky":false,"template":"","format":"standard","meta":{"footnotes":""},"categories":[20,15],"tags":[],"class_list":["post-28976","post","type-post","status-publish","format-standard","hentry","category-lifestyle","category-politics"],"_links":{"self":[{"href":"https:\/\/www.burks.de\/burksblog\/wp-json\/wp\/v2\/posts\/28976","targetHints":{"allow":["GET"]}}],"collection":[{"href":"https:\/\/www.burks.de\/burksblog\/wp-json\/wp\/v2\/posts"}],"about":[{"href":"https:\/\/www.burks.de\/burksblog\/wp-json\/wp\/v2\/types\/post"}],"author":[{"embeddable":true,"href":"https:\/\/www.burks.de\/burksblog\/wp-json\/wp\/v2\/users\/1"}],"replies":[{"embeddable":true,"href":"https:\/\/www.burks.de\/burksblog\/wp-json\/wp\/v2\/comments?post=28976"}],"version-history":[{"count":1,"href":"https:\/\/www.burks.de\/burksblog\/wp-json\/wp\/v2\/posts\/28976\/revisions"}],"predecessor-version":[{"id":28977,"href":"https:\/\/www.burks.de\/burksblog\/wp-json\/wp\/v2\/posts\/28976\/revisions\/28977"}],"wp:attachment":[{"href":"https:\/\/www.burks.de\/burksblog\/wp-json\/wp\/v2\/media?parent=28976"}],"wp:term":[{"taxonomy":"category","embeddable":true,"href":"https:\/\/www.burks.de\/burksblog\/wp-json\/wp\/v2\/categories?post=28976"},{"taxonomy":"post_tag","embeddable":true,"href":"https:\/\/www.burks.de\/burksblog\/wp-json\/wp\/v2\/tags?post=28976"}],"curies":[{"name":"wp","href":"https:\/\/api.w.org\/{rel}","templated":true}]}}