{"id":26082,"date":"2015-01-05T19:43:26","date_gmt":"2015-01-05T18:43:26","guid":{"rendered":"https:\/\/www.burks.de\/burksblog\/?p=26082"},"modified":"2016-11-05T01:01:40","modified_gmt":"2016-11-05T00:01:40","slug":"schwankende-gestalten","status":"publish","type":"post","link":"https:\/\/www.burks.de\/burksblog\/2015\/01\/05\/schwankende-gestalten","title":{"rendered":"Schwankende Gestalten"},"content":{"rendered":"<p><a href=\"http:\/\/www.burks.de\/grafik\/latino_america\/colombia\/col050115_1gr.jpg\"><img decoding=\"async\" src=\"http:\/\/www.burks.de\/grafik\/latino_america\/colombia\/col050115_1kl.jpg\" alt=\"bridge\" border=\"0\" hspace=\"0\" vspace=\"0\" width=\"480\" \/><\/a><\/p>\n<p>Hier gehe ich \u00fcber eine Br\u00fccke <a href=\"http:\/\/tinyurl.com\/m9u4q92\">im Tal des Rio Magdalena<\/a> in Kolumbien (1979). (Der Fluss kommt auch in meinem Roman &#8222;<a href=\"https:\/\/www.burks.de\/burksblog\/die-konquistadoren\">Die Konquistadoren<\/a>&#8220; vor.)<\/p>\n<p>Und an wen erinnert uns das jetzt?<\/p>\n<p><i>Ihr naht euch wieder, schwankende Gestalten,<br \/>\nDie fr\u00fch sich einst dem tr\u00fcben Blick gezeigt.<br \/>\nVersuch ich wohl, euch diesmal festzuhalten?<br \/>\nF\u00fchl ich mein Herz noch jenem Wahn geneigt?<br \/>\nIhr dr\u00e4ngt euch zu! nun gut, so m\u00f6gt ihr walten,<br \/>\nWie ihr aus Dunst und Nebel um mich steigt;<br \/>\nMein Busen f\u00fchlt sich jugendlich ersch\u00fcttert<br \/>\nVom Zauberhauch, der euren Zug umwittert.<\/i><\/p>\n<p>Muss man kennen.<\/p>\n<div class=\"pdfprnt-buttons pdfprnt-buttons-post pdfprnt-bottom-right\"><a href=\"https:\/\/www.burks.de\/burksblog\/wp-json\/wp\/v2\/posts\/26082?print=pdf\" class=\"pdfprnt-button pdfprnt-button-pdf\" target=\"_blank\" ><img decoding=\"async\" src=\"https:\/\/www.burks.de\/burksblog\/wp-content\/plugins\/pdf-print\/images\/pdf.png\" alt=\"image_pdf\" title=\"PDF anzeigen\" \/><\/a><a href=\"https:\/\/www.burks.de\/burksblog\/wp-json\/wp\/v2\/posts\/26082?print=print\" class=\"pdfprnt-button pdfprnt-button-print\" target=\"_blank\" ><img decoding=\"async\" src=\"https:\/\/www.burks.de\/burksblog\/wp-content\/plugins\/pdf-print\/images\/print.png\" alt=\"image_print\" title=\"Inhalt drucken\" \/><\/a><\/div><div class=\"twoclick_social_bookmarks_post_26082 social_share_privacy clearfix 1.6.4 locale-de_DE sprite-de_DE\"><\/div><div class=\"twoclick-js\"><script type=\"text\/javascript\">\/* <![CDATA[ *\/\njQuery(document).ready(function($){if($('.twoclick_social_bookmarks_post_26082')){$('.twoclick_social_bookmarks_post_26082').socialSharePrivacy({\"services\":{\"facebook\":{\"status\":\"on\",\"txt_info\":\"2 Klicks f\\u00fcr mehr Datenschutz: Erst wenn Sie hier klicken, wird der Button aktiv und Sie k\\u00f6nnen Ihre Empfehlung an Facebook senden. Schon beim Aktivieren werden Daten an Dritte \\u00fcbertragen - siehe <em>i<\\\/em>.\",\"perma_option\":\"off\",\"action\":\"recommend\",\"language\":\"de_DE\"},\"twitter\":{\"reply_to\":\"\",\"tweet_text\":\"Schwankende%20Gestalten%20%C2%BB%20Burks%27%20Blog%20-%20in%20dubio%20pro%20contra.%20De%20omnibus%20dubitandum.\",\"status\":\"on\",\"txt_info\":\"2 Klicks f\\u00fcr mehr Datenschutz: Erst wenn Sie hier klicken, wird der Button aktiv und Sie k\\u00f6nnen Ihre Empfehlung an Twitter senden. Schon beim Aktivieren werden Daten an Dritte \\u00fcbertragen - siehe <em>i<\\\/em>.\",\"perma_option\":\"off\",\"language\":\"de\",\"referrer_track\":\"\"}},\"txt_help\":\"Wenn Sie diese Felder durch einen Klick aktivieren, werden Informationen an Facebook, Twitter, Flattr, Xing, t3n, LinkedIn, Pinterest oder Google eventuell ins Ausland \\u00fcbertragen und unter Umst\\u00e4nden auch dort gespeichert. N\\u00e4heres erfahren Sie durch einen Klick auf das <em>i<\\\/em>.\",\"settings_perma\":\"Dauerhaft aktivieren und Daten\\u00fcber-tragung zustimmen:\",\"info_link\":\"http:\\\/\\\/www.heise.de\\\/ct\\\/artikel\\\/2-Klicks-fuer-mehr-Datenschutz-1333879.html\",\"uri\":\"https:\\\/\\\/www.burks.de\\\/burksblog\\\/2015\\\/01\\\/05\\\/schwankende-gestalten\",\"post_id\":26082,\"post_title_referrer_track\":\"Schwankende+Gestalten\",\"display_infobox\":\"on\"});}});\n\/* ]]> *\/<\/script><\/div>","protected":false},"excerpt":{"rendered":"<p>Hier gehe ich \u00fcber eine Br\u00fccke im Tal des Rio Magdalena in Kolumbien (1979). (Der Fluss kommt auch in meinem Roman &#8222;Die Konquistadoren&#8220; vor.) Und an wen erinnert uns das jetzt? Ihr naht euch wieder, schwankende Gestalten, Die fr\u00fch sich einst dem tr\u00fcben Blick gezeigt. Versuch ich wohl, euch diesmal festzuhalten? F\u00fchl ich mein Herz [&hellip;]<\/p>\n","protected":false},"author":1,"featured_media":0,"comment_status":"open","ping_status":"open","sticky":false,"template":"","format":"standard","meta":{"footnotes":""},"categories":[586,1,584],"tags":[],"class_list":["post-26082","post","type-post","status-publish","format-standard","hentry","category-colombia","category-feuilleton","category-lateinamerika"],"_links":{"self":[{"href":"https:\/\/www.burks.de\/burksblog\/wp-json\/wp\/v2\/posts\/26082","targetHints":{"allow":["GET"]}}],"collection":[{"href":"https:\/\/www.burks.de\/burksblog\/wp-json\/wp\/v2\/posts"}],"about":[{"href":"https:\/\/www.burks.de\/burksblog\/wp-json\/wp\/v2\/types\/post"}],"author":[{"embeddable":true,"href":"https:\/\/www.burks.de\/burksblog\/wp-json\/wp\/v2\/users\/1"}],"replies":[{"embeddable":true,"href":"https:\/\/www.burks.de\/burksblog\/wp-json\/wp\/v2\/comments?post=26082"}],"version-history":[{"count":4,"href":"https:\/\/www.burks.de\/burksblog\/wp-json\/wp\/v2\/posts\/26082\/revisions"}],"predecessor-version":[{"id":30917,"href":"https:\/\/www.burks.de\/burksblog\/wp-json\/wp\/v2\/posts\/26082\/revisions\/30917"}],"wp:attachment":[{"href":"https:\/\/www.burks.de\/burksblog\/wp-json\/wp\/v2\/media?parent=26082"}],"wp:term":[{"taxonomy":"category","embeddable":true,"href":"https:\/\/www.burks.de\/burksblog\/wp-json\/wp\/v2\/categories?post=26082"},{"taxonomy":"post_tag","embeddable":true,"href":"https:\/\/www.burks.de\/burksblog\/wp-json\/wp\/v2\/tags?post=26082"}],"curies":[{"name":"wp","href":"https:\/\/api.w.org\/{rel}","templated":true}]}}