{"id":2604,"date":"2009-08-29T12:09:52","date_gmt":"2009-08-29T11:09:52","guid":{"rendered":"http:\/\/www.burks.de\/burksblog\/?p=2604"},"modified":"2009-08-30T18:45:16","modified_gmt":"2009-08-30T17:45:16","slug":"schaubles-abhorzentrale-bei-der-taz","status":"publish","type":"post","link":"https:\/\/www.burks.de\/burksblog\/2009\/08\/29\/schaubles-abhorzentrale-bei-der-taz","title":{"rendered":"Sch\u00e4ubles Abh\u00f6rzentrale bei der taz [Update]"},"content":{"rendered":"<p>Leider kam ich f\u00fcr diesen h\u00fcbschen Anlass zu sp\u00e4t, hatte das Thema schlicht \u00fcberlesen, weil die taz bei allen Themen, das Internet betreffend, nicht mehr ernst nehme. Nicht nur ein <a href=\"http:\/\/www.hartz4abzocke.com\/gesellschaft\/schaubles-abhorzentrale-der-zeitliche-ablauf-der-zensur-bei-der-taz-inkl-screenshots\/\">Blogger<\/a> hat das Thema dokumentiert: &#8222;Am 23.08.2009 ver\u00f6ffentlichte die taz den Artikel <a href=\"http:\/\/www.taz.de\/1\/politik\/schwerpunkt-ueberwachung\/artikel\/1\/schaeubles-abhoerzentrale\/\">Sch\u00e4ubles Abh\u00f6rzentrale<\/a> von Meike Naber, mit pikanten Details \u00fcber die neugeschaffene Bundesabh\u00f6rzentrale in K\u00f6ln. Bereits am Nachmittag lie\u00df sich der Artikel nicht mehr abrufen, zun\u00e4chst mit dem Hinweis auf rechtliche Gr\u00fcnde.&#8220; Der taz-Artikel enthielt totaken Bl\u00f6dsinn wie &#8222;Bei E-Mails und SMS werden die Inhalte erfasst, beim Mobilfunk kommt die Funkposition hinzu.&#8220; Typisch taz, die schreiben dort nur elektronscihe Postkartne, niemand, aber auch niemand verschl\u00fcsselt seine E-Mails und zum Thema Sicherheit im Internet hat die Redaktion ein Verh\u00e4ltnis wie Klaus St\u00f6rtebeker zum Handelsrecht. (Auf <a href=\"http:\/\/wikileaks.org\/wiki\/TAZ:_Schaeubles_Abhoerzentrale%2C_23_Aug_2009\">Wikileaks<\/a> ist eine Kopie des Original-Artikels und auch anderswo)<\/p>\n<p>Der <a href=\"http:\/\/www.hartz4abzocke.com\/gesellschaft\/schaubles-abhorzentrale-der-zeitliche-ablauf-der-zensur-bei-der-taz-inkl-screenshots\/\">Blooger<\/a> schreibt weiter: &#8222;Bereits am Abend des 23.08. verschwindet der Hinweis auf die \u201crechtlichen Gr\u00fcnde\u201d von der taz-Webseite. Nunmehr ist davon die Rede, dass der Artikel von der \u201cRedaktion aktualisiert\u201d wird.&#8220;<\/p>\n<p>Auch sonst gl\u00e4nzt der Artikel durch unjournalistische Propaganda: &#8222;Kriminelle und Terroristen tarnen sich, indem sie ausl\u00e4ndische Telefon- und Internetanbieter benutzen, ihre IP-Adressen durch Anonymisierung unkenntlich machen und den Internetverkehr verschl\u00fcsseln. Das Bundesinnenministerium res\u00fcmiert in dem Dokument, das der taz vorliegt: die Sicherheitsdienste verf\u00fcgen \u00fcber zu wenig neue Technik und Fachleute, um diesen Herausforderungen gerecht werden zu k\u00f6nnen.&#8220; Das ist erstens nicht richtig, weil Anonymisierungsdienste genau dsa tun, was ihr Namen sagt und das legal ist und Sch\u00e4uble auch dann ncihts mitbek\u00e4me, wenn er eine Million Bemate einstellte. Und zweitens sind Formulierungen sie &#8222;um diesen neuen Gefahren zu begegnen&#8220; schlicht PR, weil sie suggestiv die Begriffe \u00fcbernehmen, die die Sch\u00e4uble-Lobby gern h\u00e4tte. Die angeblichen Gefahren sind so &#8222;neu&#8220; wie das Internet selbst. Man merkt, dass sich kein Redakteursgehirn selbst\u00e4ndig in Bewegung gesetzt hatte. <a href=\"http:\/\/netzpolitik.org\/2009\/taz-de-und-die-abhoerzentrale\/\">Netzpolik.org<\/a> dokumentiert weitere Fehler.<\/p>\n<p>Ich kann mich der Meinung des Bloggers nur anschlie\u00dfen: &#8222;Es stellt sich nicht nur die Frage, warum gegen den Artikel rechtliche Schritte eingeleitet oder angedroht wurden, sondern auch, warum die taz sich derart verschlossen zeigt. W\u00e4re der Text in einem Blog statt einer Tageszeitung erschienen, h\u00e4tte die Autorin ihre Leser auf die Sperrung aus rechtlichen Gr\u00fcnden hinweisen k\u00f6nnen und damit zu seiner Verbreitung (<a href=\"http:\/\/de.wikipedia.org\/wiki\/Streisand-Effekt\">Streisand-Effekt<\/a>) beigetragen. Dies h\u00e4tte sicherlich zu heftigen Gegenreaktionen gef\u00fchrt und das BMI (oder wer auch immer hinter dieser Aktion steckt) zum Umdenken gezwungen oder der L\u00e4cherlichkeit preisgegeben.&#8220;<\/p>\n<p>Nachtrag 30.09.: Der <a href=\"http:\/\/www.taz.de\/1\/archiv\/print-archiv\/printressorts\/digi-artikel\/?ressort=sw&#038;dig=2009%2F08%2F29%2Fa0175\">Artikel<\/a> erschien jetzt in der Print-Ausgabe, hat sich aber nicht verbessert: &#8222;Kriminelle und Terroristen tarnen sich, indem sie ausl\u00e4ndische Telefon- und Internetanbieter benutzen, ihre IP-Adressen durch Anonymisierung unkenntlich machen und den Internetverkehr verschl\u00fcsseln.&#8220;<\/p>\n<div class=\"pdfprnt-buttons pdfprnt-buttons-post pdfprnt-bottom-right\"><a href=\"https:\/\/www.burks.de\/burksblog\/wp-json\/wp\/v2\/posts\/2604?print=pdf\" class=\"pdfprnt-button pdfprnt-button-pdf\" target=\"_blank\" ><img decoding=\"async\" src=\"https:\/\/www.burks.de\/burksblog\/wp-content\/plugins\/pdf-print\/images\/pdf.png\" alt=\"image_pdf\" title=\"PDF anzeigen\" \/><\/a><a href=\"https:\/\/www.burks.de\/burksblog\/wp-json\/wp\/v2\/posts\/2604?print=print\" class=\"pdfprnt-button pdfprnt-button-print\" target=\"_blank\" ><img decoding=\"async\" src=\"https:\/\/www.burks.de\/burksblog\/wp-content\/plugins\/pdf-print\/images\/print.png\" alt=\"image_print\" title=\"Inhalt drucken\" \/><\/a><\/div><div class=\"twoclick_social_bookmarks_post_2604 social_share_privacy clearfix 1.6.4 locale-de_DE sprite-de_DE\"><\/div><div class=\"twoclick-js\"><script type=\"text\/javascript\">\/* <![CDATA[ *\/\njQuery(document).ready(function($){if($('.twoclick_social_bookmarks_post_2604')){$('.twoclick_social_bookmarks_post_2604').socialSharePrivacy({\"services\":{\"facebook\":{\"status\":\"on\",\"txt_info\":\"2 Klicks f\\u00fcr mehr Datenschutz: Erst wenn Sie hier klicken, wird der Button aktiv und Sie k\\u00f6nnen Ihre Empfehlung an Facebook senden. Schon beim Aktivieren werden Daten an Dritte \\u00fcbertragen - siehe <em>i<\\\/em>.\",\"perma_option\":\"off\",\"action\":\"recommend\",\"language\":\"de_DE\"},\"twitter\":{\"reply_to\":\"\",\"tweet_text\":\"%20Sch%C3%A4ubles%20Abh%C3%B6rzentrale%20bei%20der%20taz%20%5BUpdate%5D%20%C2%BB%20Burks%27%20Blog%20-%20in%20...\",\"status\":\"on\",\"txt_info\":\"2 Klicks f\\u00fcr mehr Datenschutz: Erst wenn Sie hier klicken, wird der Button aktiv und Sie k\\u00f6nnen Ihre Empfehlung an Twitter senden. Schon beim Aktivieren werden Daten an Dritte \\u00fcbertragen - siehe <em>i<\\\/em>.\",\"perma_option\":\"off\",\"language\":\"de\",\"referrer_track\":\"\"}},\"txt_help\":\"Wenn Sie diese Felder durch einen Klick aktivieren, werden Informationen an Facebook, Twitter, Flattr, Xing, t3n, LinkedIn, Pinterest oder Google eventuell ins Ausland \\u00fcbertragen und unter Umst\\u00e4nden auch dort gespeichert. N\\u00e4heres erfahren Sie durch einen Klick auf das <em>i<\\\/em>.\",\"settings_perma\":\"Dauerhaft aktivieren und Daten\\u00fcber-tragung zustimmen:\",\"info_link\":\"http:\\\/\\\/www.heise.de\\\/ct\\\/artikel\\\/2-Klicks-fuer-mehr-Datenschutz-1333879.html\",\"uri\":\"https:\\\/\\\/www.burks.de\\\/burksblog\\\/2009\\\/08\\\/29\\\/schaubles-abhorzentrale-bei-der-taz\",\"post_id\":2604,\"post_title_referrer_track\":\"Sch%C3%A4ubles+Abh%C3%B6rzentrale+bei+der+taz+%5BUpdate%5D\",\"display_infobox\":\"on\"});}});\n\/* ]]> *\/<\/script><\/div>","protected":false},"excerpt":{"rendered":"<p>Leider kam ich f\u00fcr diesen h\u00fcbschen Anlass zu sp\u00e4t, hatte das Thema schlicht \u00fcberlesen, weil die taz bei allen Themen, das Internet betreffend, nicht mehr ernst nehme. Nicht nur ein Blogger hat das Thema dokumentiert: &#8222;Am 23.08.2009 ver\u00f6ffentlichte die taz den Artikel Sch\u00e4ubles Abh\u00f6rzentrale von Meike Naber, mit pikanten Details \u00fcber die neugeschaffene Bundesabh\u00f6rzentrale in [&hellip;]<\/p>\n","protected":false},"author":1,"featured_media":0,"comment_status":"open","ping_status":"open","sticky":false,"template":"","format":"standard","meta":{"footnotes":""},"categories":[21,185,23,200,15],"tags":[],"class_list":["post-2604","post","type-post","status-publish","format-standard","hentry","category-internet-and-computer","category-links-i-like","category-media","category-meine-artikel","category-politics"],"_links":{"self":[{"href":"https:\/\/www.burks.de\/burksblog\/wp-json\/wp\/v2\/posts\/2604","targetHints":{"allow":["GET"]}}],"collection":[{"href":"https:\/\/www.burks.de\/burksblog\/wp-json\/wp\/v2\/posts"}],"about":[{"href":"https:\/\/www.burks.de\/burksblog\/wp-json\/wp\/v2\/types\/post"}],"author":[{"embeddable":true,"href":"https:\/\/www.burks.de\/burksblog\/wp-json\/wp\/v2\/users\/1"}],"replies":[{"embeddable":true,"href":"https:\/\/www.burks.de\/burksblog\/wp-json\/wp\/v2\/comments?post=2604"}],"version-history":[{"count":13,"href":"https:\/\/www.burks.de\/burksblog\/wp-json\/wp\/v2\/posts\/2604\/revisions"}],"predecessor-version":[{"id":2628,"href":"https:\/\/www.burks.de\/burksblog\/wp-json\/wp\/v2\/posts\/2604\/revisions\/2628"}],"wp:attachment":[{"href":"https:\/\/www.burks.de\/burksblog\/wp-json\/wp\/v2\/media?parent=2604"}],"wp:term":[{"taxonomy":"category","embeddable":true,"href":"https:\/\/www.burks.de\/burksblog\/wp-json\/wp\/v2\/categories?post=2604"},{"taxonomy":"post_tag","embeddable":true,"href":"https:\/\/www.burks.de\/burksblog\/wp-json\/wp\/v2\/tags?post=2604"}],"curies":[{"name":"wp","href":"https:\/\/api.w.org\/{rel}","templated":true}]}}