{"id":25877,"date":"2014-12-16T11:32:14","date_gmt":"2014-12-16T10:32:14","guid":{"rendered":"https:\/\/www.burks.de\/burksblog\/?p=25877"},"modified":"2014-12-16T12:52:04","modified_gmt":"2014-12-16T11:52:04","slug":"was-machen-eigentlich-die-maerkte","status":"publish","type":"post","link":"https:\/\/www.burks.de\/burksblog\/2014\/12\/16\/was-machen-eigentlich-die-maerkte","title":{"rendered":"Was machen eigentlich die M\u00e4rkte?"},"content":{"rendered":"<p><a href=\"https:\/\/www.destatis.de\/DE\/PresseService\/Presse\/Pressemitteilungen\/2014\/12\/PD14_454_634.html\">Statistisches Bundesamt<\/a>: Jeder f\u00fcnfte Deutsche (16,2 Millionen Menschen) sei arm oder werde sozial ausgegrenzt (um es gleich in deutscher Sprache zu sagen). Warum lassen das &#8222;die M\u00e4rkte&#8220; nur zu?<\/p>\n<p>Nur mal so zwischendurch: Wenn auf den &#8222;<a href=\"http:\/\/www.nachdenkseiten.de\/?p=5186\">Nachdenkseiten<\/a>&#8220; die &#8222;Finanzm\u00e4rkte&#8220; kritisiert werden, die etwas anderes t\u00e4ten als &#8222;richtige Unternehmer&#8220;, ist das grober Unfug und reaktion\u00e4r, keine zureichende Kritik des Kapitalismus, und nichts anderes als der sattsam bekannte Textbaustein vom <a href=\"http:\/\/de.wikipedia.org\/wiki\/Kapitalismuskritik\">schaffenden und raffenden Kapital<\/a>. Man kriegt das eine nicht ohne das andere. Kritik an &#8222;Finanzm\u00e4rkten&#8220; ist feministische Theologie &#8211; es soll etwas reformiert werden, was nicht reformiert werden kann.<\/p>\n<p>Was macht \u00fcbrigens der Deutsche, wenn er f\u00fcrchtet, gef\u00fchlt nach unten abzurutschen? Richtig, er buckelt nach oben und tritt nach unten. Dazu ruft er nach &#8222;Ordnung&#8220; und appelliert an die Volksgemeinschaft: &#8222;<a href=\"http:\/\/www.spiegel.de\/politik\/deutschland\/pegida-proteste-in-dresden-bei-den-frustbuergern-a-1008651.html\">Jeder ist Ordner hier<\/a>, achtet auf den Nachbarn.&#8220; O mein h\u00f6heres Wesen! Das ist keine &#8222;Solidarit\u00e4t&#8220;, sondern das Blockwart-Syndrom.<\/p>\n<p>Wenn wir eine linke Partei h\u00e4tten, die <i>nicht<\/i> mit &#8222;dem System&#8220; gleichgesetzt w\u00fcrde und die <i>nicht<\/i> als systemtreu g\u00e4lte, w\u00e4re das etwas anders. Aber dort, wo die Linke politisch hingeh\u00f6rte, tummeln sich nur <a href=\"http:\/\/www.mlpd.de\/2014\/kw46\/stalin-bot-bereits-1952-die-wiedervereinigung-deutschlands-an\">gruselige<\/a> <a href=\"http:\/\/www.mlpd.de\/\">Sektierer<\/a>. Vielleicht ist das auch typisch deutsch.<\/p>\n<div class=\"pdfprnt-buttons pdfprnt-buttons-post pdfprnt-bottom-right\"><a href=\"https:\/\/www.burks.de\/burksblog\/wp-json\/wp\/v2\/posts\/25877?print=pdf\" class=\"pdfprnt-button pdfprnt-button-pdf\" target=\"_blank\" ><img decoding=\"async\" src=\"https:\/\/www.burks.de\/burksblog\/wp-content\/plugins\/pdf-print\/images\/pdf.png\" alt=\"image_pdf\" title=\"PDF anzeigen\" \/><\/a><a href=\"https:\/\/www.burks.de\/burksblog\/wp-json\/wp\/v2\/posts\/25877?print=print\" class=\"pdfprnt-button pdfprnt-button-print\" target=\"_blank\" ><img decoding=\"async\" src=\"https:\/\/www.burks.de\/burksblog\/wp-content\/plugins\/pdf-print\/images\/print.png\" alt=\"image_print\" title=\"Inhalt drucken\" \/><\/a><\/div><div class=\"twoclick_social_bookmarks_post_25877 social_share_privacy clearfix 1.6.4 locale-de_DE sprite-de_DE\"><\/div><div class=\"twoclick-js\"><script type=\"text\/javascript\">\/* <![CDATA[ *\/\njQuery(document).ready(function($){if($('.twoclick_social_bookmarks_post_25877')){$('.twoclick_social_bookmarks_post_25877').socialSharePrivacy({\"services\":{\"facebook\":{\"status\":\"on\",\"txt_info\":\"2 Klicks f\\u00fcr mehr Datenschutz: Erst wenn Sie hier klicken, wird der Button aktiv und Sie k\\u00f6nnen Ihre Empfehlung an Facebook senden. Schon beim Aktivieren werden Daten an Dritte \\u00fcbertragen - siehe <em>i<\\\/em>.\",\"perma_option\":\"off\",\"action\":\"recommend\",\"language\":\"de_DE\"},\"twitter\":{\"reply_to\":\"\",\"tweet_text\":\"%20Was%20machen%20eigentlich%20die%20M%C3%A4rkte%3F%20%C2%BB%20Burks%27%20Blog%20-%20in%20dubio%20pro%20contra.%20...\",\"status\":\"on\",\"txt_info\":\"2 Klicks f\\u00fcr mehr Datenschutz: Erst wenn Sie hier klicken, wird der Button aktiv und Sie k\\u00f6nnen Ihre Empfehlung an Twitter senden. Schon beim Aktivieren werden Daten an Dritte \\u00fcbertragen - siehe <em>i<\\\/em>.\",\"perma_option\":\"off\",\"language\":\"de\",\"referrer_track\":\"\"}},\"txt_help\":\"Wenn Sie diese Felder durch einen Klick aktivieren, werden Informationen an Facebook, Twitter, Flattr, Xing, t3n, LinkedIn, Pinterest oder Google eventuell ins Ausland \\u00fcbertragen und unter Umst\\u00e4nden auch dort gespeichert. N\\u00e4heres erfahren Sie durch einen Klick auf das <em>i<\\\/em>.\",\"settings_perma\":\"Dauerhaft aktivieren und Daten\\u00fcber-tragung zustimmen:\",\"info_link\":\"http:\\\/\\\/www.heise.de\\\/ct\\\/artikel\\\/2-Klicks-fuer-mehr-Datenschutz-1333879.html\",\"uri\":\"https:\\\/\\\/www.burks.de\\\/burksblog\\\/2014\\\/12\\\/16\\\/was-machen-eigentlich-die-maerkte\",\"post_id\":25877,\"post_title_referrer_track\":\"Was+machen+eigentlich+die+M%C3%A4rkte%3F\",\"display_infobox\":\"on\"});}});\n\/* ]]> *\/<\/script><\/div>","protected":false},"excerpt":{"rendered":"<p>Statistisches Bundesamt: Jeder f\u00fcnfte Deutsche (16,2 Millionen Menschen) sei arm oder werde sozial ausgegrenzt (um es gleich in deutscher Sprache zu sagen). Warum lassen das &#8222;die M\u00e4rkte&#8220; nur zu? Nur mal so zwischendurch: Wenn auf den &#8222;Nachdenkseiten&#8220; die &#8222;Finanzm\u00e4rkte&#8220; kritisiert werden, die etwas anderes t\u00e4ten als &#8222;richtige Unternehmer&#8220;, ist das grober Unfug und reaktion\u00e4r, keine [&hellip;]<\/p>\n","protected":false},"author":1,"featured_media":0,"comment_status":"open","ping_status":"open","sticky":false,"template":"","format":"standard","meta":{"footnotes":""},"categories":[15],"tags":[],"class_list":["post-25877","post","type-post","status-publish","format-standard","hentry","category-politics"],"_links":{"self":[{"href":"https:\/\/www.burks.de\/burksblog\/wp-json\/wp\/v2\/posts\/25877","targetHints":{"allow":["GET"]}}],"collection":[{"href":"https:\/\/www.burks.de\/burksblog\/wp-json\/wp\/v2\/posts"}],"about":[{"href":"https:\/\/www.burks.de\/burksblog\/wp-json\/wp\/v2\/types\/post"}],"author":[{"embeddable":true,"href":"https:\/\/www.burks.de\/burksblog\/wp-json\/wp\/v2\/users\/1"}],"replies":[{"embeddable":true,"href":"https:\/\/www.burks.de\/burksblog\/wp-json\/wp\/v2\/comments?post=25877"}],"version-history":[{"count":5,"href":"https:\/\/www.burks.de\/burksblog\/wp-json\/wp\/v2\/posts\/25877\/revisions"}],"predecessor-version":[{"id":25883,"href":"https:\/\/www.burks.de\/burksblog\/wp-json\/wp\/v2\/posts\/25877\/revisions\/25883"}],"wp:attachment":[{"href":"https:\/\/www.burks.de\/burksblog\/wp-json\/wp\/v2\/media?parent=25877"}],"wp:term":[{"taxonomy":"category","embeddable":true,"href":"https:\/\/www.burks.de\/burksblog\/wp-json\/wp\/v2\/categories?post=25877"},{"taxonomy":"post_tag","embeddable":true,"href":"https:\/\/www.burks.de\/burksblog\/wp-json\/wp\/v2\/tags?post=25877"}],"curies":[{"name":"wp","href":"https:\/\/api.w.org\/{rel}","templated":true}]}}