{"id":25753,"date":"2014-12-02T21:38:46","date_gmt":"2014-12-02T20:38:46","guid":{"rendered":"https:\/\/www.burks.de\/burksblog\/?p=25753"},"modified":"2014-12-02T21:38:46","modified_gmt":"2014-12-02T20:38:46","slug":"und-wir-rufen-den-deutschen-zu","status":"publish","type":"post","link":"https:\/\/www.burks.de\/burksblog\/2014\/12\/02\/und-wir-rufen-den-deutschen-zu","title":{"rendered":"Und wir rufen den Deutschen zu:"},"content":{"rendered":"<p>Die <a href=\"http:\/\/www.stuttgarter-zeitung.de\/inhalt.managertreffen-in-isny-datenschutz-als-wettbewerbsnachteil.50a32619-2769-496a-b206-0e1af626091f.html\">Stuttgarter Zeitung<\/a> (via <a href=\"http:\/\/blog.fefe.de\/?ts=aa8379f5\">Fefe<\/a>) zitiert G\u00fcnther Oettinger. &#8222;&#8218;\u00dcbertreibt es nicht mit dem Datenschutz&#8216;, rief er den Deutschen zu. Wer Daten perfekt sch\u00fctze, der k\u00f6nne sie nicht mehr nutzen.&#8220;<\/p>\n<p>Das kann man mal so unkommentiert hier stehen lassen.<\/p>\n<div class=\"pdfprnt-buttons pdfprnt-buttons-post pdfprnt-bottom-right\"><a href=\"https:\/\/www.burks.de\/burksblog\/wp-json\/wp\/v2\/posts\/25753?print=pdf\" class=\"pdfprnt-button pdfprnt-button-pdf\" target=\"_blank\" ><img decoding=\"async\" src=\"https:\/\/www.burks.de\/burksblog\/wp-content\/plugins\/pdf-print\/images\/pdf.png\" alt=\"image_pdf\" title=\"PDF anzeigen\" \/><\/a><a href=\"https:\/\/www.burks.de\/burksblog\/wp-json\/wp\/v2\/posts\/25753?print=print\" class=\"pdfprnt-button pdfprnt-button-print\" target=\"_blank\" ><img decoding=\"async\" src=\"https:\/\/www.burks.de\/burksblog\/wp-content\/plugins\/pdf-print\/images\/print.png\" alt=\"image_print\" title=\"Inhalt drucken\" \/><\/a><\/div><div class=\"twoclick_social_bookmarks_post_25753 social_share_privacy clearfix 1.6.4 locale-de_DE sprite-de_DE\"><\/div><div class=\"twoclick-js\"><script type=\"text\/javascript\">\/* <![CDATA[ *\/\njQuery(document).ready(function($){if($('.twoclick_social_bookmarks_post_25753')){$('.twoclick_social_bookmarks_post_25753').socialSharePrivacy({\"services\":{\"facebook\":{\"status\":\"on\",\"txt_info\":\"2 Klicks f\\u00fcr mehr Datenschutz: Erst wenn Sie hier klicken, wird der Button aktiv und Sie k\\u00f6nnen Ihre Empfehlung an Facebook senden. Schon beim Aktivieren werden Daten an Dritte \\u00fcbertragen - siehe <em>i<\\\/em>.\",\"perma_option\":\"off\",\"action\":\"recommend\",\"language\":\"de_DE\"},\"twitter\":{\"reply_to\":\"\",\"tweet_text\":\"%20Und%20wir%20rufen%20den%20Deutschen%20zu%3A%20%C2%BB%20Burks%27%20Blog%20-%20in%20dubio%20pro%20contra.%20De%20...\",\"status\":\"on\",\"txt_info\":\"2 Klicks f\\u00fcr mehr Datenschutz: Erst wenn Sie hier klicken, wird der Button aktiv und Sie k\\u00f6nnen Ihre Empfehlung an Twitter senden. Schon beim Aktivieren werden Daten an Dritte \\u00fcbertragen - siehe <em>i<\\\/em>.\",\"perma_option\":\"off\",\"language\":\"de\",\"referrer_track\":\"\"}},\"txt_help\":\"Wenn Sie diese Felder durch einen Klick aktivieren, werden Informationen an Facebook, Twitter, Flattr, Xing, t3n, LinkedIn, Pinterest oder Google eventuell ins Ausland \\u00fcbertragen und unter Umst\\u00e4nden auch dort gespeichert. N\\u00e4heres erfahren Sie durch einen Klick auf das <em>i<\\\/em>.\",\"settings_perma\":\"Dauerhaft aktivieren und Daten\\u00fcber-tragung zustimmen:\",\"info_link\":\"http:\\\/\\\/www.heise.de\\\/ct\\\/artikel\\\/2-Klicks-fuer-mehr-Datenschutz-1333879.html\",\"uri\":\"https:\\\/\\\/www.burks.de\\\/burksblog\\\/2014\\\/12\\\/02\\\/und-wir-rufen-den-deutschen-zu\",\"post_id\":25753,\"post_title_referrer_track\":\"Und+wir+rufen+den+Deutschen+zu%3A\",\"display_infobox\":\"on\"});}});\n\/* ]]> *\/<\/script><\/div>","protected":false},"excerpt":{"rendered":"<p>Die Stuttgarter Zeitung (via Fefe) zitiert G\u00fcnther Oettinger. &#8222;&#8218;\u00dcbertreibt es nicht mit dem Datenschutz&#8216;, rief er den Deutschen zu. Wer Daten perfekt sch\u00fctze, der k\u00f6nne sie nicht mehr nutzen.&#8220; Das kann man mal so unkommentiert hier stehen lassen.<\/p>\n","protected":false},"author":1,"featured_media":0,"comment_status":"open","ping_status":"open","sticky":false,"template":"","format":"standard","meta":{"footnotes":""},"categories":[31,292],"tags":[],"class_list":["post-25753","post","type-post","status-publish","format-standard","hentry","category-protect-your-privacy","category-zitate-die-man-sich-merken-sollte"],"_links":{"self":[{"href":"https:\/\/www.burks.de\/burksblog\/wp-json\/wp\/v2\/posts\/25753","targetHints":{"allow":["GET"]}}],"collection":[{"href":"https:\/\/www.burks.de\/burksblog\/wp-json\/wp\/v2\/posts"}],"about":[{"href":"https:\/\/www.burks.de\/burksblog\/wp-json\/wp\/v2\/types\/post"}],"author":[{"embeddable":true,"href":"https:\/\/www.burks.de\/burksblog\/wp-json\/wp\/v2\/users\/1"}],"replies":[{"embeddable":true,"href":"https:\/\/www.burks.de\/burksblog\/wp-json\/wp\/v2\/comments?post=25753"}],"version-history":[{"count":1,"href":"https:\/\/www.burks.de\/burksblog\/wp-json\/wp\/v2\/posts\/25753\/revisions"}],"predecessor-version":[{"id":25754,"href":"https:\/\/www.burks.de\/burksblog\/wp-json\/wp\/v2\/posts\/25753\/revisions\/25754"}],"wp:attachment":[{"href":"https:\/\/www.burks.de\/burksblog\/wp-json\/wp\/v2\/media?parent=25753"}],"wp:term":[{"taxonomy":"category","embeddable":true,"href":"https:\/\/www.burks.de\/burksblog\/wp-json\/wp\/v2\/categories?post=25753"},{"taxonomy":"post_tag","embeddable":true,"href":"https:\/\/www.burks.de\/burksblog\/wp-json\/wp\/v2\/tags?post=25753"}],"curies":[{"name":"wp","href":"https:\/\/api.w.org\/{rel}","templated":true}]}}