{"id":24089,"date":"2014-07-16T05:27:15","date_gmt":"2014-07-16T03:27:15","guid":{"rendered":"http:\/\/www.burks.de\/burksblog\/?p=24089"},"modified":"2014-07-16T05:27:15","modified_gmt":"2014-07-16T03:27:15","slug":"die-armenambulanz","status":"publish","type":"post","link":"https:\/\/www.burks.de\/burksblog\/2014\/07\/16\/die-armenambulanz","title":{"rendered":"Die Armenambulanz"},"content":{"rendered":"<p>&#8222;Jeder Mensch hat eine ad\u00e4quate medizinische Versorgung verdient.&#8220; Eine <a href=\"http:\/\/www.spiegel.tv\/filme\/swr-exclusiv-armenambulanz\/\">sehenswerte Reportage<\/a> \u00fcber &#8222;Armut macht krank und Krankheit macht arm &#8211; dessen ist sich Gerhard Trabert sicher. Der Arzt k\u00fcmmert sich um Obdachlose und Menschen, die von keiner Versicherung mehr aufgenommen werden&#8220;.<\/p>\n<div class=\"pdfprnt-buttons pdfprnt-buttons-post pdfprnt-bottom-right\"><a href=\"https:\/\/www.burks.de\/burksblog\/wp-json\/wp\/v2\/posts\/24089?print=pdf\" class=\"pdfprnt-button pdfprnt-button-pdf\" target=\"_blank\" ><img decoding=\"async\" src=\"https:\/\/www.burks.de\/burksblog\/wp-content\/plugins\/pdf-print\/images\/pdf.png\" alt=\"image_pdf\" title=\"PDF anzeigen\" \/><\/a><a href=\"https:\/\/www.burks.de\/burksblog\/wp-json\/wp\/v2\/posts\/24089?print=print\" class=\"pdfprnt-button pdfprnt-button-print\" target=\"_blank\" ><img decoding=\"async\" src=\"https:\/\/www.burks.de\/burksblog\/wp-content\/plugins\/pdf-print\/images\/print.png\" alt=\"image_print\" title=\"Inhalt drucken\" \/><\/a><\/div><div class=\"twoclick_social_bookmarks_post_24089 social_share_privacy clearfix 1.6.4 locale-de_DE sprite-de_DE\"><\/div><div class=\"twoclick-js\"><script type=\"text\/javascript\">\/* <![CDATA[ *\/\njQuery(document).ready(function($){if($('.twoclick_social_bookmarks_post_24089')){$('.twoclick_social_bookmarks_post_24089').socialSharePrivacy({\"services\":{\"facebook\":{\"status\":\"on\",\"txt_info\":\"2 Klicks f\\u00fcr mehr Datenschutz: Erst wenn Sie hier klicken, wird der Button aktiv und Sie k\\u00f6nnen Ihre Empfehlung an Facebook senden. Schon beim Aktivieren werden Daten an Dritte \\u00fcbertragen - siehe <em>i<\\\/em>.\",\"perma_option\":\"off\",\"action\":\"recommend\",\"language\":\"de_DE\"},\"twitter\":{\"reply_to\":\"\",\"tweet_text\":\"Die%20Armenambulanz%20%C2%BB%20Burks%27%20Blog%20-%20in%20dubio%20pro%20contra.%20De%20omnibus%20dubitandum.\",\"status\":\"on\",\"txt_info\":\"2 Klicks f\\u00fcr mehr Datenschutz: Erst wenn Sie hier klicken, wird der Button aktiv und Sie k\\u00f6nnen Ihre Empfehlung an Twitter senden. Schon beim Aktivieren werden Daten an Dritte \\u00fcbertragen - siehe <em>i<\\\/em>.\",\"perma_option\":\"off\",\"language\":\"de\",\"referrer_track\":\"\"}},\"txt_help\":\"Wenn Sie diese Felder durch einen Klick aktivieren, werden Informationen an Facebook, Twitter, Flattr, Xing, t3n, LinkedIn, Pinterest oder Google eventuell ins Ausland \\u00fcbertragen und unter Umst\\u00e4nden auch dort gespeichert. N\\u00e4heres erfahren Sie durch einen Klick auf das <em>i<\\\/em>.\",\"settings_perma\":\"Dauerhaft aktivieren und Daten\\u00fcber-tragung zustimmen:\",\"info_link\":\"http:\\\/\\\/www.heise.de\\\/ct\\\/artikel\\\/2-Klicks-fuer-mehr-Datenschutz-1333879.html\",\"uri\":\"https:\\\/\\\/www.burks.de\\\/burksblog\\\/2014\\\/07\\\/16\\\/die-armenambulanz\",\"post_id\":24089,\"post_title_referrer_track\":\"Die+Armenambulanz\",\"display_infobox\":\"on\"});}});\n\/* ]]> *\/<\/script><\/div>","protected":false},"excerpt":{"rendered":"<p>&#8222;Jeder Mensch hat eine ad\u00e4quate medizinische Versorgung verdient.&#8220; Eine sehenswerte Reportage \u00fcber &#8222;Armut macht krank und Krankheit macht arm &#8211; dessen ist sich Gerhard Trabert sicher. Der Arzt k\u00fcmmert sich um Obdachlose und Menschen, die von keiner Versicherung mehr aufgenommen werden&#8220;.<\/p>\n","protected":false},"author":1,"featured_media":0,"comment_status":"open","ping_status":"open","sticky":false,"template":"","format":"standard","meta":{"footnotes":""},"categories":[185,16],"tags":[],"class_list":["post-24089","post","type-post","status-publish","format-standard","hentry","category-links-i-like","category-panorama"],"_links":{"self":[{"href":"https:\/\/www.burks.de\/burksblog\/wp-json\/wp\/v2\/posts\/24089","targetHints":{"allow":["GET"]}}],"collection":[{"href":"https:\/\/www.burks.de\/burksblog\/wp-json\/wp\/v2\/posts"}],"about":[{"href":"https:\/\/www.burks.de\/burksblog\/wp-json\/wp\/v2\/types\/post"}],"author":[{"embeddable":true,"href":"https:\/\/www.burks.de\/burksblog\/wp-json\/wp\/v2\/users\/1"}],"replies":[{"embeddable":true,"href":"https:\/\/www.burks.de\/burksblog\/wp-json\/wp\/v2\/comments?post=24089"}],"version-history":[{"count":1,"href":"https:\/\/www.burks.de\/burksblog\/wp-json\/wp\/v2\/posts\/24089\/revisions"}],"predecessor-version":[{"id":24090,"href":"https:\/\/www.burks.de\/burksblog\/wp-json\/wp\/v2\/posts\/24089\/revisions\/24090"}],"wp:attachment":[{"href":"https:\/\/www.burks.de\/burksblog\/wp-json\/wp\/v2\/media?parent=24089"}],"wp:term":[{"taxonomy":"category","embeddable":true,"href":"https:\/\/www.burks.de\/burksblog\/wp-json\/wp\/v2\/categories?post=24089"},{"taxonomy":"post_tag","embeddable":true,"href":"https:\/\/www.burks.de\/burksblog\/wp-json\/wp\/v2\/tags?post=24089"}],"curies":[{"name":"wp","href":"https:\/\/api.w.org\/{rel}","templated":true}]}}