{"id":237,"date":"2008-02-13T09:32:19","date_gmt":"2008-02-13T08:32:19","guid":{"rendered":"http:\/\/www.burks.de\/burksblog\/2008\/02\/13\/online-datenerhebung\/"},"modified":"2008-02-13T09:32:19","modified_gmt":"2008-02-13T08:32:19","slug":"online-datenerhebung","status":"publish","type":"post","link":"https:\/\/www.burks.de\/burksblog\/2008\/02\/13\/online-datenerhebung","title":{"rendered":"Online-Datenerhebung"},"content":{"rendered":"<p>Ein Hoax wird zum Gesetzentwurf &#8211; sehr lustig. Das <a href=\"http:\/\/www.bayern.de\/Presse-Info\/PM\/2008MRat\/080212-Ministerrat.html#1\">bayerische Kabinett<\/a> radebrecht, dass es nur so kracht: &#8222;Unter engen Voraussetzungen brauchen wir deshalb k\u00fcnftig eine Online-Datenerhebung durch das Landesamt f\u00fcr Verfassungsschutz. Die Verfassungsschutzbeh\u00f6rden d\u00fcrfen von der technischen Entwicklung nicht abgeh\u00e4ngt werden.&#8220; Halleluja. Nun programmiert mal schon. Das erinnert mich an einen legend\u00e4ren Satz <a href=\"http:\/\/www.heinrichluebke.de\/spiegel.html\">Heinrich L\u00fcbkes<\/a>, als er eine Wirtschaftsdelegation aus Afrika verabschiedete: &#8222;Nun entwickelt euch mal sch\u00f6n da unten.&#8220;<\/p>\n<div class=\"pdfprnt-buttons pdfprnt-buttons-post pdfprnt-bottom-right\"><a href=\"https:\/\/www.burks.de\/burksblog\/wp-json\/wp\/v2\/posts\/237?print=pdf\" class=\"pdfprnt-button pdfprnt-button-pdf\" target=\"_blank\" ><img decoding=\"async\" src=\"https:\/\/www.burks.de\/burksblog\/wp-content\/plugins\/pdf-print\/images\/pdf.png\" alt=\"image_pdf\" title=\"PDF anzeigen\" \/><\/a><a href=\"https:\/\/www.burks.de\/burksblog\/wp-json\/wp\/v2\/posts\/237?print=print\" class=\"pdfprnt-button pdfprnt-button-print\" target=\"_blank\" ><img decoding=\"async\" src=\"https:\/\/www.burks.de\/burksblog\/wp-content\/plugins\/pdf-print\/images\/print.png\" alt=\"image_print\" title=\"Inhalt drucken\" \/><\/a><\/div><div class=\"twoclick_social_bookmarks_post_237 social_share_privacy clearfix 1.6.4 locale-de_DE sprite-de_DE\"><\/div><div class=\"twoclick-js\"><script type=\"text\/javascript\">\/* <![CDATA[ *\/\njQuery(document).ready(function($){if($('.twoclick_social_bookmarks_post_237')){$('.twoclick_social_bookmarks_post_237').socialSharePrivacy({\"services\":{\"facebook\":{\"status\":\"on\",\"txt_info\":\"2 Klicks f\\u00fcr mehr Datenschutz: Erst wenn Sie hier klicken, wird der Button aktiv und Sie k\\u00f6nnen Ihre Empfehlung an Facebook senden. Schon beim Aktivieren werden Daten an Dritte \\u00fcbertragen - siehe <em>i<\\\/em>.\",\"perma_option\":\"off\",\"action\":\"recommend\",\"language\":\"de_DE\"},\"twitter\":{\"reply_to\":\"\",\"tweet_text\":\"Online-Datenerhebung%20%C2%BB%20Burks%27%20Blog%20-%20in%20dubio%20pro%20contra.%20De%20omnibus%20dubitandum.\",\"status\":\"on\",\"txt_info\":\"2 Klicks f\\u00fcr mehr Datenschutz: Erst wenn Sie hier klicken, wird der Button aktiv und Sie k\\u00f6nnen Ihre Empfehlung an Twitter senden. Schon beim Aktivieren werden Daten an Dritte \\u00fcbertragen - siehe <em>i<\\\/em>.\",\"perma_option\":\"off\",\"language\":\"de\",\"referrer_track\":\"\"}},\"txt_help\":\"Wenn Sie diese Felder durch einen Klick aktivieren, werden Informationen an Facebook, Twitter, Flattr, Xing, t3n, LinkedIn, Pinterest oder Google eventuell ins Ausland \\u00fcbertragen und unter Umst\\u00e4nden auch dort gespeichert. N\\u00e4heres erfahren Sie durch einen Klick auf das <em>i<\\\/em>.\",\"settings_perma\":\"Dauerhaft aktivieren und Daten\\u00fcber-tragung zustimmen:\",\"info_link\":\"http:\\\/\\\/www.heise.de\\\/ct\\\/artikel\\\/2-Klicks-fuer-mehr-Datenschutz-1333879.html\",\"uri\":\"https:\\\/\\\/www.burks.de\\\/burksblog\\\/2008\\\/02\\\/13\\\/online-datenerhebung\",\"post_id\":237,\"post_title_referrer_track\":\"Online-Datenerhebung\",\"display_infobox\":\"on\"});}});\n\/* ]]> *\/<\/script><\/div>","protected":false},"excerpt":{"rendered":"<p>Ein Hoax wird zum Gesetzentwurf &#8211; sehr lustig. Das bayerische Kabinett radebrecht, dass es nur so kracht: &#8222;Unter engen Voraussetzungen brauchen wir deshalb k\u00fcnftig eine Online-Datenerhebung durch das Landesamt f\u00fcr Verfassungsschutz. Die Verfassungsschutzbeh\u00f6rden d\u00fcrfen von der technischen Entwicklung nicht abgeh\u00e4ngt werden.&#8220; Halleluja. Nun programmiert mal schon. Das erinnert mich an einen legend\u00e4ren Satz Heinrich L\u00fcbkes, [&hellip;]<\/p>\n","protected":false},"author":1,"featured_media":0,"comment_status":"open","ping_status":"open","sticky":false,"template":"","format":"standard","meta":{"footnotes":""},"categories":[15,31],"tags":[],"class_list":["post-237","post","type-post","status-publish","format-standard","hentry","category-politics","category-protect-your-privacy"],"_links":{"self":[{"href":"https:\/\/www.burks.de\/burksblog\/wp-json\/wp\/v2\/posts\/237","targetHints":{"allow":["GET"]}}],"collection":[{"href":"https:\/\/www.burks.de\/burksblog\/wp-json\/wp\/v2\/posts"}],"about":[{"href":"https:\/\/www.burks.de\/burksblog\/wp-json\/wp\/v2\/types\/post"}],"author":[{"embeddable":true,"href":"https:\/\/www.burks.de\/burksblog\/wp-json\/wp\/v2\/users\/1"}],"replies":[{"embeddable":true,"href":"https:\/\/www.burks.de\/burksblog\/wp-json\/wp\/v2\/comments?post=237"}],"version-history":[{"count":0,"href":"https:\/\/www.burks.de\/burksblog\/wp-json\/wp\/v2\/posts\/237\/revisions"}],"wp:attachment":[{"href":"https:\/\/www.burks.de\/burksblog\/wp-json\/wp\/v2\/media?parent=237"}],"wp:term":[{"taxonomy":"category","embeddable":true,"href":"https:\/\/www.burks.de\/burksblog\/wp-json\/wp\/v2\/categories?post=237"},{"taxonomy":"post_tag","embeddable":true,"href":"https:\/\/www.burks.de\/burksblog\/wp-json\/wp\/v2\/tags?post=237"}],"curies":[{"name":"wp","href":"https:\/\/api.w.org\/{rel}","templated":true}]}}