{"id":23102,"date":"2014-05-03T13:21:23","date_gmt":"2014-05-03T11:21:23","guid":{"rendered":"http:\/\/www.burks.de\/burksblog\/?p=23102"},"modified":"2014-05-03T13:23:15","modified_gmt":"2014-05-03T11:23:15","slug":"gaestin","status":"publish","type":"post","link":"https:\/\/www.burks.de\/burksblog\/2014\/05\/03\/gaestin","title":{"rendered":"G\u00e4stin und das Sprachgendern"},"content":{"rendered":"<p><a href=\"https:\/\/www.rehmnetz.de\/Personal\/Gleichstellungsrecht\/Gleichstellung-BLOG\/Ist-Deutsch-eine-weibliche-Sprache-11109.html\">Kristin Rose-M\u00f6hring<\/a> &#8211; Gleichstellungsbeauftragte im Bundesministerium f\u00fcr Familie, Senioren, Frauen und Jugend (BMFSFJ):<br \/>\n<i>\u00dcbrigens ist Deutsch (&#8230;) \u00fcberwiegend weiblich gepr\u00e4gt, was sich daran zeigt, dass 46 % der Substantive ein grammatikalisch weibliches Geschlecht haben, 34% sind maskulin und 20 % neutral. Und Substantive machen immerhin 74,3% der W\u00f6rter im Duden aus. (&#8230;) Das von Gegnern des Sprachgenderns und der \u00fcbertriebenen sprachlichen Gleichstellerei vielgeschm\u00e4hte Wort &#8218;<a href=\"http:\/\/woerterbuchnetz.de\/DWB\/?lemma=gaestin\">G\u00e4stin<\/a>&#8218; ist keine Erfindung durchgeknallter Emanzen. Es stand bereits im W\u00f6rterbuch der Br\u00fcder Jacob und Wilhelm Grimm, die immerhin Ende des 18. bis Mitte des 19. Jahrhunderts lebten.<\/i><\/p>\n<div class=\"pdfprnt-buttons pdfprnt-buttons-post pdfprnt-bottom-right\"><a href=\"https:\/\/www.burks.de\/burksblog\/wp-json\/wp\/v2\/posts\/23102?print=pdf\" class=\"pdfprnt-button pdfprnt-button-pdf\" target=\"_blank\" ><img decoding=\"async\" src=\"https:\/\/www.burks.de\/burksblog\/wp-content\/plugins\/pdf-print\/images\/pdf.png\" alt=\"image_pdf\" title=\"PDF anzeigen\" \/><\/a><a href=\"https:\/\/www.burks.de\/burksblog\/wp-json\/wp\/v2\/posts\/23102?print=print\" class=\"pdfprnt-button pdfprnt-button-print\" target=\"_blank\" ><img decoding=\"async\" src=\"https:\/\/www.burks.de\/burksblog\/wp-content\/plugins\/pdf-print\/images\/print.png\" alt=\"image_print\" title=\"Inhalt drucken\" \/><\/a><\/div><div class=\"twoclick_social_bookmarks_post_23102 social_share_privacy clearfix 1.6.4 locale-de_DE sprite-de_DE\"><\/div><div class=\"twoclick-js\"><script type=\"text\/javascript\">\/* <![CDATA[ *\/\njQuery(document).ready(function($){if($('.twoclick_social_bookmarks_post_23102')){$('.twoclick_social_bookmarks_post_23102').socialSharePrivacy({\"services\":{\"facebook\":{\"status\":\"on\",\"txt_info\":\"2 Klicks f\\u00fcr mehr Datenschutz: Erst wenn Sie hier klicken, wird der Button aktiv und Sie k\\u00f6nnen Ihre Empfehlung an Facebook senden. Schon beim Aktivieren werden Daten an Dritte \\u00fcbertragen - siehe <em>i<\\\/em>.\",\"perma_option\":\"off\",\"action\":\"recommend\",\"language\":\"de_DE\"},\"twitter\":{\"reply_to\":\"\",\"tweet_text\":\"%20G%C3%A4stin%20und%20das%20Sprachgendern%20%C2%BB%20Burks%27%20Blog%20-%20in%20dubio%20pro%20contra.%20De%20...\",\"status\":\"on\",\"txt_info\":\"2 Klicks f\\u00fcr mehr Datenschutz: Erst wenn Sie hier klicken, wird der Button aktiv und Sie k\\u00f6nnen Ihre Empfehlung an Twitter senden. Schon beim Aktivieren werden Daten an Dritte \\u00fcbertragen - siehe <em>i<\\\/em>.\",\"perma_option\":\"off\",\"language\":\"de\",\"referrer_track\":\"\"}},\"txt_help\":\"Wenn Sie diese Felder durch einen Klick aktivieren, werden Informationen an Facebook, Twitter, Flattr, Xing, t3n, LinkedIn, Pinterest oder Google eventuell ins Ausland \\u00fcbertragen und unter Umst\\u00e4nden auch dort gespeichert. N\\u00e4heres erfahren Sie durch einen Klick auf das <em>i<\\\/em>.\",\"settings_perma\":\"Dauerhaft aktivieren und Daten\\u00fcber-tragung zustimmen:\",\"info_link\":\"http:\\\/\\\/www.heise.de\\\/ct\\\/artikel\\\/2-Klicks-fuer-mehr-Datenschutz-1333879.html\",\"uri\":\"https:\\\/\\\/www.burks.de\\\/burksblog\\\/2014\\\/05\\\/03\\\/gaestin\",\"post_id\":23102,\"post_title_referrer_track\":\"G%C3%A4stin+und+das+Sprachgendern\",\"display_infobox\":\"on\"});}});\n\/* ]]> *\/<\/script><\/div>","protected":false},"excerpt":{"rendered":"<p>Kristin Rose-M\u00f6hring &#8211; Gleichstellungsbeauftragte im Bundesministerium f\u00fcr Familie, Senioren, Frauen und Jugend (BMFSFJ): \u00dcbrigens ist Deutsch (&#8230;) \u00fcberwiegend weiblich gepr\u00e4gt, was sich daran zeigt, dass 46 % der Substantive ein grammatikalisch weibliches Geschlecht haben, 34% sind maskulin und 20 % neutral. Und Substantive machen immerhin 74,3% der W\u00f6rter im Duden aus. (&#8230;) Das von Gegnern [&hellip;]<\/p>\n","protected":false},"author":1,"featured_media":0,"comment_status":"open","ping_status":"open","sticky":false,"template":"","format":"standard","meta":{"footnotes":""},"categories":[582,1],"tags":[],"class_list":["post-23102","post","type-post","status-publish","format-standard","hentry","category-deutsch-des-grauens","category-feuilleton"],"_links":{"self":[{"href":"https:\/\/www.burks.de\/burksblog\/wp-json\/wp\/v2\/posts\/23102","targetHints":{"allow":["GET"]}}],"collection":[{"href":"https:\/\/www.burks.de\/burksblog\/wp-json\/wp\/v2\/posts"}],"about":[{"href":"https:\/\/www.burks.de\/burksblog\/wp-json\/wp\/v2\/types\/post"}],"author":[{"embeddable":true,"href":"https:\/\/www.burks.de\/burksblog\/wp-json\/wp\/v2\/users\/1"}],"replies":[{"embeddable":true,"href":"https:\/\/www.burks.de\/burksblog\/wp-json\/wp\/v2\/comments?post=23102"}],"version-history":[{"count":7,"href":"https:\/\/www.burks.de\/burksblog\/wp-json\/wp\/v2\/posts\/23102\/revisions"}],"predecessor-version":[{"id":23109,"href":"https:\/\/www.burks.de\/burksblog\/wp-json\/wp\/v2\/posts\/23102\/revisions\/23109"}],"wp:attachment":[{"href":"https:\/\/www.burks.de\/burksblog\/wp-json\/wp\/v2\/media?parent=23102"}],"wp:term":[{"taxonomy":"category","embeddable":true,"href":"https:\/\/www.burks.de\/burksblog\/wp-json\/wp\/v2\/categories?post=23102"},{"taxonomy":"post_tag","embeddable":true,"href":"https:\/\/www.burks.de\/burksblog\/wp-json\/wp\/v2\/tags?post=23102"}],"curies":[{"name":"wp","href":"https:\/\/api.w.org\/{rel}","templated":true}]}}