{"id":22513,"date":"2014-03-19T14:18:13","date_gmt":"2014-03-19T13:18:13","guid":{"rendered":"http:\/\/www.burks.de\/burksblog\/?p=22513"},"modified":"2014-03-20T13:24:44","modified_gmt":"2014-03-20T12:24:44","slug":"mit-faschisten-verhandeln-im-dienste-der-maerkte","status":"publish","type":"post","link":"https:\/\/www.burks.de\/burksblog\/2014\/03\/19\/mit-faschisten-verhandeln-im-dienste-der-maerkte","title":{"rendered":"Mit Faschisten verhandeln im Dienste der M\u00e4rkte"},"content":{"rendered":"<p><img decoding=\"async\" src=\"http:\/\/www.burks.de\/burksblog\/pix\/2014\/03\/190314_2.jpg\" alt=\"Sikraine\" border=\"1\" hspace=\"0\" vspace=\"0\" \/><\/p>\n<p align=left><i>Screenshot: <a href=\"http:\/\/www.kas.de\/wf\/doc\/kas_18488-544-1-30.pdf\">Wahlhandbuch Ukraine<\/a> 2010 (PDF; 701 kB) der CDU-nahen Konrad-Adenauer-Stiftung S.53<\/i><\/p>\n<p align=left><a href=\"http:\/\/www.taz.de\/Europaeische-Allianz-der-Ultrarechten\/!135112\/\">Taz<\/a>: &#8222;Das Europ\u00e4ische Parlament warnte bereits im Dezember 2012 in einer Resolution vor Swoboda: Die Partei stehe mit ihrer &#8218;rassistischen, antisemitischen und ausl\u00e4nderfeindlichen Auffassung im Widerspruch zu den Grundwerten und Grunds\u00e4tzen der EU&#8216;. (&#8230;) In Kiew verhandelt die EU derzeit wie selbstverst\u00e4ndlich mit Swoboda. (&#8230;) Und auch die deutsche Regierung scheut den Kontakt nicht. (&#8230;) Auch wurden Parteimitglieder seit 2012 zu drei Konferenzen der Konrad-Adenauer-Stiftung eingeladen, 2013 auch zu zwei &#8218;Studienreisen&#8216; nach Berlin.&#8220;<\/p>\n<p>Wenn die <i>taz<\/i> Online-Journalismus betriebe und Links setze, w\u00e4re der Artikel richtig gut gewesen. <a href=\"http:\/\/dip21.bundestag.de\/dip21\/btd\/17\/146\/1714603.pdf\">(BT) 17\/14603 &#8211; Deutscher Bundestag<\/a>: <i>Die Bundesregierung hatte in ihrer Antwort auf eine M\u00fcndliche Frage der Abgeordneten Ulla Jelpke vom 20. Februar 2013 ausgef\u00fchrt, sie habe weder Erkenntnisse \u00fcber rechtsextreme Tendenzen der Fraktion und Partei Swoboda, noch zu deren Kontakten zu Rechtsextremisten in Deutschland oder der EU (Plenarprotokoll 17\/221).<\/i><\/p>\n<p>Man k\u00f6nnte auch sagen: Die Bundesregierung l\u00fcgt wie gedruckt &#8211; im Sinne des Wortes. Aber es dient ja der \u00d6ffnung der Ukraine f\u00fcr die westlichen <del>Werte<\/del> M\u00e4rkte. Wenn es dem Kapital n\u00fctzt, ist alles erlaubt.<\/p>\n<div class=\"pdfprnt-buttons pdfprnt-buttons-post pdfprnt-bottom-right\"><a href=\"https:\/\/www.burks.de\/burksblog\/wp-json\/wp\/v2\/posts\/22513?print=pdf\" class=\"pdfprnt-button pdfprnt-button-pdf\" target=\"_blank\" ><img decoding=\"async\" src=\"https:\/\/www.burks.de\/burksblog\/wp-content\/plugins\/pdf-print\/images\/pdf.png\" alt=\"image_pdf\" title=\"PDF anzeigen\" \/><\/a><a href=\"https:\/\/www.burks.de\/burksblog\/wp-json\/wp\/v2\/posts\/22513?print=print\" class=\"pdfprnt-button pdfprnt-button-print\" target=\"_blank\" ><img decoding=\"async\" src=\"https:\/\/www.burks.de\/burksblog\/wp-content\/plugins\/pdf-print\/images\/print.png\" alt=\"image_print\" title=\"Inhalt drucken\" \/><\/a><\/div><div class=\"twoclick_social_bookmarks_post_22513 social_share_privacy clearfix 1.6.4 locale-de_DE sprite-de_DE\"><\/div><div class=\"twoclick-js\"><script type=\"text\/javascript\">\/* <![CDATA[ *\/\njQuery(document).ready(function($){if($('.twoclick_social_bookmarks_post_22513')){$('.twoclick_social_bookmarks_post_22513').socialSharePrivacy({\"services\":{\"facebook\":{\"status\":\"on\",\"txt_info\":\"2 Klicks f\\u00fcr mehr Datenschutz: Erst wenn Sie hier klicken, wird der Button aktiv und Sie k\\u00f6nnen Ihre Empfehlung an Facebook senden. Schon beim Aktivieren werden Daten an Dritte \\u00fcbertragen - siehe <em>i<\\\/em>.\",\"perma_option\":\"off\",\"action\":\"recommend\",\"language\":\"de_DE\"},\"twitter\":{\"reply_to\":\"\",\"tweet_text\":\"%20Mit%20Faschisten%20verhandeln%20im%20Dienste%20der%20M%C3%A4rkte%20%C2%BB%20Burks%27%20Blog%20-%20in%20dubio%20...\",\"status\":\"on\",\"txt_info\":\"2 Klicks f\\u00fcr mehr Datenschutz: Erst wenn Sie hier klicken, wird der Button aktiv und Sie k\\u00f6nnen Ihre Empfehlung an Twitter senden. Schon beim Aktivieren werden Daten an Dritte \\u00fcbertragen - siehe <em>i<\\\/em>.\",\"perma_option\":\"off\",\"language\":\"de\",\"referrer_track\":\"\"}},\"txt_help\":\"Wenn Sie diese Felder durch einen Klick aktivieren, werden Informationen an Facebook, Twitter, Flattr, Xing, t3n, LinkedIn, Pinterest oder Google eventuell ins Ausland \\u00fcbertragen und unter Umst\\u00e4nden auch dort gespeichert. N\\u00e4heres erfahren Sie durch einen Klick auf das <em>i<\\\/em>.\",\"settings_perma\":\"Dauerhaft aktivieren und Daten\\u00fcber-tragung zustimmen:\",\"info_link\":\"http:\\\/\\\/www.heise.de\\\/ct\\\/artikel\\\/2-Klicks-fuer-mehr-Datenschutz-1333879.html\",\"uri\":\"https:\\\/\\\/www.burks.de\\\/burksblog\\\/2014\\\/03\\\/19\\\/mit-faschisten-verhandeln-im-dienste-der-maerkte\",\"post_id\":22513,\"post_title_referrer_track\":\"Mit+Faschisten+verhandeln+im+Dienste+der+M%C3%A4rkte\",\"display_infobox\":\"on\"});}});\n\/* ]]> *\/<\/script><\/div>","protected":false},"excerpt":{"rendered":"<p>Screenshot: Wahlhandbuch Ukraine 2010 (PDF; 701 kB) der CDU-nahen Konrad-Adenauer-Stiftung S.53 Taz: &#8222;Das Europ\u00e4ische Parlament warnte bereits im Dezember 2012 in einer Resolution vor Swoboda: Die Partei stehe mit ihrer &#8218;rassistischen, antisemitischen und ausl\u00e4nderfeindlichen Auffassung im Widerspruch zu den Grundwerten und Grunds\u00e4tzen der EU&#8216;. (&#8230;) In Kiew verhandelt die EU derzeit wie selbstverst\u00e4ndlich mit Swoboda. [&hellip;]<\/p>\n","protected":false},"author":1,"featured_media":0,"comment_status":"open","ping_status":"open","sticky":false,"template":"","format":"standard","meta":{"footnotes":""},"categories":[23,15],"tags":[],"class_list":["post-22513","post","type-post","status-publish","format-standard","hentry","category-media","category-politics"],"_links":{"self":[{"href":"https:\/\/www.burks.de\/burksblog\/wp-json\/wp\/v2\/posts\/22513","targetHints":{"allow":["GET"]}}],"collection":[{"href":"https:\/\/www.burks.de\/burksblog\/wp-json\/wp\/v2\/posts"}],"about":[{"href":"https:\/\/www.burks.de\/burksblog\/wp-json\/wp\/v2\/types\/post"}],"author":[{"embeddable":true,"href":"https:\/\/www.burks.de\/burksblog\/wp-json\/wp\/v2\/users\/1"}],"replies":[{"embeddable":true,"href":"https:\/\/www.burks.de\/burksblog\/wp-json\/wp\/v2\/comments?post=22513"}],"version-history":[{"count":4,"href":"https:\/\/www.burks.de\/burksblog\/wp-json\/wp\/v2\/posts\/22513\/revisions"}],"predecessor-version":[{"id":22517,"href":"https:\/\/www.burks.de\/burksblog\/wp-json\/wp\/v2\/posts\/22513\/revisions\/22517"}],"wp:attachment":[{"href":"https:\/\/www.burks.de\/burksblog\/wp-json\/wp\/v2\/media?parent=22513"}],"wp:term":[{"taxonomy":"category","embeddable":true,"href":"https:\/\/www.burks.de\/burksblog\/wp-json\/wp\/v2\/categories?post=22513"},{"taxonomy":"post_tag","embeddable":true,"href":"https:\/\/www.burks.de\/burksblog\/wp-json\/wp\/v2\/tags?post=22513"}],"curies":[{"name":"wp","href":"https:\/\/api.w.org\/{rel}","templated":true}]}}