{"id":22390,"date":"2014-03-12T14:50:08","date_gmt":"2014-03-12T13:50:08","guid":{"rendered":"http:\/\/www.burks.de\/burksblog\/?p=22390"},"modified":"2014-03-12T14:51:42","modified_gmt":"2014-03-12T13:51:42","slug":"unangemessen-und-anstoessig","status":"publish","type":"post","link":"https:\/\/www.burks.de\/burksblog\/2014\/03\/12\/unangemessen-und-anstoessig","title":{"rendered":"Unangemessen und anst\u00f6ssig"},"content":{"rendered":"<p><img decoding=\"async\" src=\"http:\/\/www.burks.de\/burksblog\/pix\/2014\/03\/120314_3.jpg\" alt=\"anst\u00f6\u00dfig\" border=\"0\" hspace=\"0\" vspace=\"0\" \/><\/p>\n<p align=left>Gegen das gesunde Volksempfinden war ich schon immer allergisch, vor allem dann, wenn es von den gutmeinenden pseudolinken Lichterkettentr\u00e4gerInnen formuliert wird. Das sind diejenigen, die noch Anfang des vorigen Jahrhunderts &#8222;Heime f\u00fcr gefallene M\u00e4dchen&#8220; gegr\u00fcndet h\u00e4tte.<\/p>\n<p>Wer Bilder verbietet, glaubt an die Macht derselben. Der <a href=\"http:\/\/de.wikipedia.org\/wiki\/Reformatorischer_Bildersturm\">reformatorische Bildersturm<\/a> im 16. Jahrhundert war die Gro\u00dfmutter aller Verbote, die heute seitens der Political Correctness gefordert werden. Man verkennt, dass Bilder an sich \u00fcberhaupt nichts bewirken, weil mediale Rezeption nicht auf antropologischen Konstanten beruht, sondern auf einem a priori hergestellten kulturellen Konsens, der aber nicht bewusst sein muss. <\/p>\n<p>Das Verbot &#8222;sexistischer&#8220; Werbung ist nicht anderes als primitive <a href=\"http:\/\/de.wikipedia.org\/wiki\/Magie\">Magie<\/a>: &#8222;die Zuordnung von bestimmten Kr\u00e4ften an Gegenst\u00e4nde Ereignisse oder Lebewesen, die diese normalerweise nicht besitzen. Durch Rituale, Beschw\u00f6rungen (etwa mittels Zauberspr\u00fcchen), Gebete, oder Invokationen sollen diese Kr\u00e4fte wirksam auf die Umwelt \u00fcbertragen werden, um das Tun, Wollen und Schicksal anderer Menschen willentlich zu beeinflussen.&#8220; <\/p>\n<p>Durch Bilderverbote wird die Welt besser? Das stimmt schon seit dem Neolithikum nicht.<\/p>\n<p>Auf der <a href=\"http:\/\/www.berlin.de\/ba-friedrichshain-kreuzberg\/bvv-online\/vo020.asp?VOLFDNR=5835&#038;options=4\">Website<\/a> des Berliner Bezirksamts Friedrichshain-Kreuzberg (via <a href=\"http:\/\/www.werbewatchgroup-wien.at\/\">Werbewatch Wien<\/a>) erfahren wir, was die Kriterien f\u00fcr &#8222;sexistische, diskriminierende oder frauenfeindliche Werbung&#8220; seien: Wenn<\/p>\n<p><sup>a) Frauen oder M\u00e4nner auf abwertende Weise dargestellt werden;<br \/>\nb) die Gleichwertigkeit der Geschlechter in Frage gestellt wird;<img decoding=\"async\" src=\"http:\/\/www.burks.de\/burksblog\/pix\/2014\/03\/120314_2.jpg\" align=\"right\" alt=\"anst\u00f6\u00dfig\" border=\"0\" hspace=\"10\" vspace=\"10\" \/><br \/>\nc) Unterwerfung oder Ausbeutung [nicht kritisch] dargestellt oder zu verstehen gegeben wird, dass Gewalt oder Dominanzgebaren tolerierbar seien;<br \/>\nd) die Person in rein sexualisierter Funktion als Blickfang dargestellt wird, insbesondere d\u00fcrfen keine bildlichen Darstellungen von nackten weiblichen oder m\u00e4nnlichen K\u00f6rpern ohne direkten inhaltlichen Zusammenhang zum beworbenen Produkt verwendet werden.<br \/>\ne) eine entw\u00fcrdigende Darstellung von Sexualit\u00e4t vorliegt oder die Person auf ihre Sexualit\u00e4t reduziert wird;<br \/>\nf) Personen abgewertet werden, die nicht den vorherrschenden Vorstellungen \u00fcber Zugeh\u00f6rigkeit zu einem Geschlecht entsprechen (z.B. intersexuelle, transgender Menschen).<br \/>\ng) Werbung f\u00fcr sexuelle Dienstleistungen darf, soweit sie rechtlich zul\u00e4ssig ist, die W\u00fcrde von Menschen, insbesondere von SexdienstleisterInnen, KonsumentInnen oder PassantInnen, nicht verletzen. K\u00f6rper und insbesondere weibliche oder m\u00e4nnliche Sexualit\u00e4t d\u00fcrfen nicht unangemessen dargestellt werden. Dabei ist auch besonders auf die Platzierung und das jeweilige Umfeld des Werbesujets zu achten.<\/sup><\/p>\n<p>Man muss hier gar nicht erst beginnen, nach der <a href=\"http:\/\/de.wikipedia.org\/wiki\/Normenklarheit\">Normenklarheit<\/a> im juristischen Sinn zu suchen. Man muss nur die Begriffe aneinanderreihen: &#8222;in Frage stellen&#8220;, &#8222;tolerierbar&#8220;, &#8222;vorherrschenden Vorstellungen&#8220;, &#8222;unangemessen.&#8220; Das ist der Appell an das gesunde Volksempfinden; in den USA w\u00fcrde man schlicht &#8222;anst\u00f6\u00dfig&#8220; sagen. BEEP. Die &#8222;Kritierien&#8220; sind reine Willk\u00fcr.<\/p>\n<p>Erotik oder was man daf\u00fcr h\u00e4lt findet immer im Kopf des Betrachters statt. Der eine denkt bei Bananen an S\u00fcdfr\u00fcchte, die andere an Oralsex. Nicht zuf\u00e4llig sind Fesselspiele beim Sex, werden sie auf Bildern dargestellt (vgl. Fotos oben und unten), f\u00fcr deutsche Jugendschutzwarte anst\u00f6\u00dfig und jugendgef\u00e4hrdend (ja, ich habe hier ein entsprechendes &#8222;Gutachten&#8220;), weil diese angeblich den &#8222;vorherrschenden Vorstellungen&#8220; (aka dem gesunden Volksempfunden), wie Sex abzulaufen habe, widerspr\u00e4chen.<\/p>\n<p>Sex und Moral kommen bei den aufstiegsorientierten Mittelschichten, die den \u00f6ffentlichen Diskurs pr\u00e4gen (Alice Schwarzer ist ein Beispiel) immer dann vor, wenn es darum geht, die eigene soziale Position nach oben und unten zu verteidigen. In Zeiten der Krise und der verst\u00e4rkten Klassenkampfs, wer wieviel vom gesellschaftlichen Reichtum bekommt, propagieren die Mittelschichten Anpassung, Opportunismus und P\u00e4dagogik, also Verhaltensdressur.<\/p>\n<p><img decoding=\"async\" src=\"http:\/\/www.burks.de\/burksblog\/pix\/2014\/03\/120314_1.jpg\" alt=\"anst\u00f6\u00dfig\" border=\"0\" hspace=\"0\" vspace=\"0\" \/><\/p>\n<p>Ich zitiere mich selbst aus der <a href=\"http:\/\/jungle-world.com\/artikel\/1998\/27\/35584.html\">Jungle World<\/a> vom 01.07.1998 (!): &#8222;Die Experten in hochkomplexen Systemen sind daf\u00fcr da, einem Milieu einleuchtend zu erkl\u00e4ren, da\u00df das B\u00f6se aus dem jeweils anderen Milieu stammt. Die Experten weisen Schuld zu und aktivieren und entlasten das Milieu, das jeweils bezahlt. <\/p>\n<p>Oder (<a href=\"http:\/\/www.burks.de\/forum\/phpBB2\/viewtopic.php?t=6682\">25.02.2007)<\/a>: &#8222;Man will, dass die, die den eigenen sozialen Status potentiell bedrohen, sich an Regeln halten, die man selbst aufgestellt hat. Nur die Mittelschichten fordern von allen anderen, sich an Regeln zu halten, weil sie &#8218;Angst vor dem Absturz&#8216; (<a href=\"http:\/\/de.wikipedia.org\/wiki\/Barbara_Ehrenreich\">Barbara Ehrenreich<\/a>) haben. Wer aufsteigen will, mu\u00df die Werte der Gesellschaft verinnerlichen und sich selbst kontrollieren. Beherrsche dich, und nicht etwa andere! Der klassische Radfahrer tritt nach unten, aber fordert gleichzeitig, da\u00df die da oben das nicht tun. Sie sollen ihn daf\u00fcr belohnen, da\u00df er sich an die Regeln h\u00e4lt.&#8220;<\/p>\n<p>Der Diskurs gegen &#8222;sexistische&#8220; Werbung und der gegen &#8222;Gewalt&#8220; sind zwei Seiten derselben (protestantischen) Medaille.<\/p>\n<div class=\"pdfprnt-buttons pdfprnt-buttons-post pdfprnt-bottom-right\"><a href=\"https:\/\/www.burks.de\/burksblog\/wp-json\/wp\/v2\/posts\/22390?print=pdf\" class=\"pdfprnt-button pdfprnt-button-pdf\" target=\"_blank\" ><img decoding=\"async\" src=\"https:\/\/www.burks.de\/burksblog\/wp-content\/plugins\/pdf-print\/images\/pdf.png\" alt=\"image_pdf\" title=\"PDF anzeigen\" \/><\/a><a href=\"https:\/\/www.burks.de\/burksblog\/wp-json\/wp\/v2\/posts\/22390?print=print\" class=\"pdfprnt-button pdfprnt-button-print\" target=\"_blank\" ><img decoding=\"async\" src=\"https:\/\/www.burks.de\/burksblog\/wp-content\/plugins\/pdf-print\/images\/print.png\" alt=\"image_print\" title=\"Inhalt drucken\" \/><\/a><\/div><div class=\"twoclick_social_bookmarks_post_22390 social_share_privacy clearfix 1.6.4 locale-de_DE sprite-de_DE\"><\/div><div class=\"twoclick-js\"><script type=\"text\/javascript\">\/* <![CDATA[ *\/\njQuery(document).ready(function($){if($('.twoclick_social_bookmarks_post_22390')){$('.twoclick_social_bookmarks_post_22390').socialSharePrivacy({\"services\":{\"facebook\":{\"status\":\"on\",\"txt_info\":\"2 Klicks f\\u00fcr mehr Datenschutz: Erst wenn Sie hier klicken, wird der Button aktiv und Sie k\\u00f6nnen Ihre Empfehlung an Facebook senden. Schon beim Aktivieren werden Daten an Dritte \\u00fcbertragen - siehe <em>i<\\\/em>.\",\"perma_option\":\"off\",\"action\":\"recommend\",\"language\":\"de_DE\"},\"twitter\":{\"reply_to\":\"\",\"tweet_text\":\"%20Unangemessen%20und%20anst%C3%B6ssig%20%C2%BB%20Burks%27%20Blog%20-%20in%20dubio%20pro%20contra.%20De%20...\",\"status\":\"on\",\"txt_info\":\"2 Klicks f\\u00fcr mehr Datenschutz: Erst wenn Sie hier klicken, wird der Button aktiv und Sie k\\u00f6nnen Ihre Empfehlung an Twitter senden. Schon beim Aktivieren werden Daten an Dritte \\u00fcbertragen - siehe <em>i<\\\/em>.\",\"perma_option\":\"off\",\"language\":\"de\",\"referrer_track\":\"\"}},\"txt_help\":\"Wenn Sie diese Felder durch einen Klick aktivieren, werden Informationen an Facebook, Twitter, Flattr, Xing, t3n, LinkedIn, Pinterest oder Google eventuell ins Ausland \\u00fcbertragen und unter Umst\\u00e4nden auch dort gespeichert. N\\u00e4heres erfahren Sie durch einen Klick auf das <em>i<\\\/em>.\",\"settings_perma\":\"Dauerhaft aktivieren und Daten\\u00fcber-tragung zustimmen:\",\"info_link\":\"http:\\\/\\\/www.heise.de\\\/ct\\\/artikel\\\/2-Klicks-fuer-mehr-Datenschutz-1333879.html\",\"uri\":\"https:\\\/\\\/www.burks.de\\\/burksblog\\\/2014\\\/03\\\/12\\\/unangemessen-und-anstoessig\",\"post_id\":22390,\"post_title_referrer_track\":\"Unangemessen+und+anst%C3%B6ssig\",\"display_infobox\":\"on\"});}});\n\/* ]]> *\/<\/script><\/div>","protected":false},"excerpt":{"rendered":"<p>Gegen das gesunde Volksempfinden war ich schon immer allergisch, vor allem dann, wenn es von den gutmeinenden pseudolinken Lichterkettentr\u00e4gerInnen formuliert wird. Das sind diejenigen, die noch Anfang des vorigen Jahrhunderts &#8222;Heime f\u00fcr gefallene M\u00e4dchen&#8220; gegr\u00fcndet h\u00e4tte. Wer Bilder verbietet, glaubt an die Macht derselben. Der reformatorische Bildersturm im 16. Jahrhundert war die Gro\u00dfmutter aller Verbote, [&hellip;]<\/p>\n","protected":false},"author":1,"featured_media":0,"comment_status":"open","ping_status":"open","sticky":false,"template":"","format":"standard","meta":{"footnotes":""},"categories":[16],"tags":[],"class_list":["post-22390","post","type-post","status-publish","format-standard","hentry","category-panorama"],"_links":{"self":[{"href":"https:\/\/www.burks.de\/burksblog\/wp-json\/wp\/v2\/posts\/22390","targetHints":{"allow":["GET"]}}],"collection":[{"href":"https:\/\/www.burks.de\/burksblog\/wp-json\/wp\/v2\/posts"}],"about":[{"href":"https:\/\/www.burks.de\/burksblog\/wp-json\/wp\/v2\/types\/post"}],"author":[{"embeddable":true,"href":"https:\/\/www.burks.de\/burksblog\/wp-json\/wp\/v2\/users\/1"}],"replies":[{"embeddable":true,"href":"https:\/\/www.burks.de\/burksblog\/wp-json\/wp\/v2\/comments?post=22390"}],"version-history":[{"count":8,"href":"https:\/\/www.burks.de\/burksblog\/wp-json\/wp\/v2\/posts\/22390\/revisions"}],"predecessor-version":[{"id":22399,"href":"https:\/\/www.burks.de\/burksblog\/wp-json\/wp\/v2\/posts\/22390\/revisions\/22399"}],"wp:attachment":[{"href":"https:\/\/www.burks.de\/burksblog\/wp-json\/wp\/v2\/media?parent=22390"}],"wp:term":[{"taxonomy":"category","embeddable":true,"href":"https:\/\/www.burks.de\/burksblog\/wp-json\/wp\/v2\/categories?post=22390"},{"taxonomy":"post_tag","embeddable":true,"href":"https:\/\/www.burks.de\/burksblog\/wp-json\/wp\/v2\/tags?post=22390"}],"curies":[{"name":"wp","href":"https:\/\/api.w.org\/{rel}","templated":true}]}}