{"id":20595,"date":"2013-10-04T16:23:59","date_gmt":"2013-10-04T14:23:59","guid":{"rendered":"http:\/\/www.burks.de\/burksblog\/?p=20595"},"modified":"2013-10-04T16:46:18","modified_gmt":"2013-10-04T14:46:18","slug":"kapp-putsch","status":"publish","type":"post","link":"https:\/\/www.burks.de\/burksblog\/2013\/10\/04\/kapp-putsch","title":{"rendered":"Kapp-Putsch"},"content":{"rendered":"<p><a href=\"http:\/\/www.burks.de\/burksblog\/pix\/2013\/10\/041013_2gr.jpg\"><img decoding=\"async\" src=\"http:\/\/www.burks.de\/burksblog\/pix\/2013\/10\/041013_2kl.jpg\" alt=\"Kapp-Putsch\" border=\"0\" hspace=\"0\" vspace=\"0\" \/><\/a><\/p>\n<p align=left>Im Westen Deutschlands gibt es zahlreiche Denkm\u00e4ler, die an Kriegshetzer, an widerw\u00e4rtige Vertreter der herrschenden Klasse, an Schreibtischt\u00e4ter und sonstige A&#8230; erinnern. Kein Wunder, konnte doch der furchtbare Marinerichter <a href=\"http:\/\/de.wikipedia.org\/wiki\/Hans_Filbinger#cite_note-9\">Filbinger<\/a> sogar Ministerpr\u00e4sident werden.<\/p>\n<p>Im Beitrittsgebiet hat man immerhin Denkm\u00e4ler errichtet und stehenlassen, die an Arbeiter erinnern, die f\u00fcr eine gute Sache k\u00e4mpften und dabei ihr Leben lie\u00dfen. Der <a href=\"http:\/\/de.wikipedia.org\/wiki\/Alexander_Futran\">Futranplatz<\/a> (ehem. Friedrich-Wilhelm-Platz) war ab 1699 Friedhof der K\u00f6penicker Gemeinde und sp\u00e4ter Marktplatz. Er ist heute benannt nach Alexander Futran, einem linken Sozialdemokraten, der von den militanten rechten <a href=\"http:\/\/de.wikipedia.org\/wiki\/Kapp-Putsch\">Kapp-Putschisten<\/a> 1923 hingerichtet wurde. Ihm ist auch der Gedenkstein am Platz gewidmet.<\/p>\n<p>Der Gedenkstein oben steht am S-Bahnhof Gr\u00fcnau und tr\u00e4gt die Inschrift: &#8222;Den Arbeitern des Stadtbezirks Berlin-K\u00f6penick zum Gedenken, die im M\u00e4rz 1920 bei der Niederschlagung des reaktion\u00e4ren Kapp-Putsches ihr Leben lie\u00dfen&#8220;.<\/p>\n<p>Die geneigten Leserinnen und wohlwollenden Leser sollten wissen, was der Kapp-Putsch ist und die Lehren daraus ziehen. Vielleicht kommt das in anderen Form wieder &#8211; aber vermutlich sind die Putschisten dieses Mal Professoren der <del>Makro\u00f6konomie<\/del> &#8222;Volkswirtschaft&#8220;slehre.<\/p>\n<div class=\"pdfprnt-buttons pdfprnt-buttons-post pdfprnt-bottom-right\"><a href=\"https:\/\/www.burks.de\/burksblog\/wp-json\/wp\/v2\/posts\/20595?print=pdf\" class=\"pdfprnt-button pdfprnt-button-pdf\" target=\"_blank\" ><img decoding=\"async\" src=\"https:\/\/www.burks.de\/burksblog\/wp-content\/plugins\/pdf-print\/images\/pdf.png\" alt=\"image_pdf\" title=\"PDF anzeigen\" \/><\/a><a href=\"https:\/\/www.burks.de\/burksblog\/wp-json\/wp\/v2\/posts\/20595?print=print\" class=\"pdfprnt-button pdfprnt-button-print\" target=\"_blank\" ><img decoding=\"async\" src=\"https:\/\/www.burks.de\/burksblog\/wp-content\/plugins\/pdf-print\/images\/print.png\" alt=\"image_print\" title=\"Inhalt drucken\" \/><\/a><\/div><div class=\"twoclick_social_bookmarks_post_20595 social_share_privacy clearfix 1.6.4 locale-de_DE sprite-de_DE\"><\/div><div class=\"twoclick-js\"><script type=\"text\/javascript\">\/* <![CDATA[ *\/\njQuery(document).ready(function($){if($('.twoclick_social_bookmarks_post_20595')){$('.twoclick_social_bookmarks_post_20595').socialSharePrivacy({\"services\":{\"facebook\":{\"status\":\"on\",\"txt_info\":\"2 Klicks f\\u00fcr mehr Datenschutz: Erst wenn Sie hier klicken, wird der Button aktiv und Sie k\\u00f6nnen Ihre Empfehlung an Facebook senden. Schon beim Aktivieren werden Daten an Dritte \\u00fcbertragen - siehe <em>i<\\\/em>.\",\"perma_option\":\"off\",\"action\":\"recommend\",\"language\":\"de_DE\"},\"twitter\":{\"reply_to\":\"\",\"tweet_text\":\"Kapp-Putsch%20%C2%BB%20Burks%27%20Blog%20-%20in%20dubio%20pro%20contra.%20De%20omnibus%20dubitandum.\",\"status\":\"on\",\"txt_info\":\"2 Klicks f\\u00fcr mehr Datenschutz: Erst wenn Sie hier klicken, wird der Button aktiv und Sie k\\u00f6nnen Ihre Empfehlung an Twitter senden. Schon beim Aktivieren werden Daten an Dritte \\u00fcbertragen - siehe <em>i<\\\/em>.\",\"perma_option\":\"off\",\"language\":\"de\",\"referrer_track\":\"\"}},\"txt_help\":\"Wenn Sie diese Felder durch einen Klick aktivieren, werden Informationen an Facebook, Twitter, Flattr, Xing, t3n, LinkedIn, Pinterest oder Google eventuell ins Ausland \\u00fcbertragen und unter Umst\\u00e4nden auch dort gespeichert. N\\u00e4heres erfahren Sie durch einen Klick auf das <em>i<\\\/em>.\",\"settings_perma\":\"Dauerhaft aktivieren und Daten\\u00fcber-tragung zustimmen:\",\"info_link\":\"http:\\\/\\\/www.heise.de\\\/ct\\\/artikel\\\/2-Klicks-fuer-mehr-Datenschutz-1333879.html\",\"uri\":\"https:\\\/\\\/www.burks.de\\\/burksblog\\\/2013\\\/10\\\/04\\\/kapp-putsch\",\"post_id\":20595,\"post_title_referrer_track\":\"Kapp-Putsch\",\"display_infobox\":\"on\"});}});\n\/* ]]> *\/<\/script><\/div>","protected":false},"excerpt":{"rendered":"<p>Im Westen Deutschlands gibt es zahlreiche Denkm\u00e4ler, die an Kriegshetzer, an widerw\u00e4rtige Vertreter der herrschenden Klasse, an Schreibtischt\u00e4ter und sonstige A&#8230; erinnern. Kein Wunder, konnte doch der furchtbare Marinerichter Filbinger sogar Ministerpr\u00e4sident werden. Im Beitrittsgebiet hat man immerhin Denkm\u00e4ler errichtet und stehenlassen, die an Arbeiter erinnern, die f\u00fcr eine gute Sache k\u00e4mpften und dabei ihr [&hellip;]<\/p>\n","protected":false},"author":1,"featured_media":0,"comment_status":"open","ping_status":"open","sticky":false,"template":"","format":"standard","meta":{"footnotes":""},"categories":[16],"tags":[],"class_list":["post-20595","post","type-post","status-publish","format-standard","hentry","category-panorama"],"_links":{"self":[{"href":"https:\/\/www.burks.de\/burksblog\/wp-json\/wp\/v2\/posts\/20595","targetHints":{"allow":["GET"]}}],"collection":[{"href":"https:\/\/www.burks.de\/burksblog\/wp-json\/wp\/v2\/posts"}],"about":[{"href":"https:\/\/www.burks.de\/burksblog\/wp-json\/wp\/v2\/types\/post"}],"author":[{"embeddable":true,"href":"https:\/\/www.burks.de\/burksblog\/wp-json\/wp\/v2\/users\/1"}],"replies":[{"embeddable":true,"href":"https:\/\/www.burks.de\/burksblog\/wp-json\/wp\/v2\/comments?post=20595"}],"version-history":[{"count":2,"href":"https:\/\/www.burks.de\/burksblog\/wp-json\/wp\/v2\/posts\/20595\/revisions"}],"predecessor-version":[{"id":20597,"href":"https:\/\/www.burks.de\/burksblog\/wp-json\/wp\/v2\/posts\/20595\/revisions\/20597"}],"wp:attachment":[{"href":"https:\/\/www.burks.de\/burksblog\/wp-json\/wp\/v2\/media?parent=20595"}],"wp:term":[{"taxonomy":"category","embeddable":true,"href":"https:\/\/www.burks.de\/burksblog\/wp-json\/wp\/v2\/categories?post=20595"},{"taxonomy":"post_tag","embeddable":true,"href":"https:\/\/www.burks.de\/burksblog\/wp-json\/wp\/v2\/tags?post=20595"}],"curies":[{"name":"wp","href":"https:\/\/api.w.org\/{rel}","templated":true}]}}