{"id":20582,"date":"2013-10-03T16:52:28","date_gmt":"2013-10-03T14:52:28","guid":{"rendered":"http:\/\/www.burks.de\/burksblog\/?p=20582"},"modified":"2023-02-01T15:50:40","modified_gmt":"2023-02-01T14:50:40","slug":"richterspruch-keine-israelische-nationalitaet","status":"publish","type":"post","link":"https:\/\/www.burks.de\/burksblog\/2013\/10\/03\/richterspruch-keine-israelische-nationalitaet","title":{"rendered":"Richterspruch: Keine israelische Nationalit\u00e4t"},"content":{"rendered":"<p><a href=\"http:\/\/www.scilogs.de\/chrono\/blog\/un-zugeh-ouml-rig\/israel\/2013-10-03\/richterspruch-keine-israelische-nationalit-t\">Yoav Sapir<\/a> (SciLogs): Der <a href=\"http:\/\/de.wikipedia.org\/wiki\/Oberstes_Gericht_%28Israel%29\">Oberste Gerichtshof<\/a> in Israel lehnt den Antrag von 21 B\u00fcrgern des j\u00fcdischen Staates ab, ihre j\u00fcdische bzw. israelitische Nationalit\u00e4t in eine &#8222;israelische&#8220; zu \u00e4ndern.<\/p>\n<p>&#8222;Solange Millionen Juden und vor allem diejenigen, die sich f\u00fcr die j\u00fcdische Staatlichkeit interessieren, sich selbst als Nation empfinden und als Nation handeln, ist es eine Wirklichkeit, die man nicht so einfach mit seiner eigenen Fantasie von einf\u00e4ltiger Eintracht und vereinfachender Gleichschaltung umgehen kann. (&#8230;) Ferner betonten die Richter, dass die Erfindung einer imagin\u00e4ren Nationalit\u00e4t den demokratischen Grundlagen des Staates widersprechen w\u00fcrde. Auch das ist ganz richtig, da Israel bewusst nicht allen B\u00fcrger die Identit\u00e4t der j\u00fcdischen Mehrheit aufzwingt, sondern die Existenz nationaler Minderheiten anerkennt, die durch Abschaffung ihrer rechtlichen Existenz ihre Rechte als nationale Minderheiten verlieren w\u00fcrden.&#8220;<\/p>\n<div class=\"pdfprnt-buttons pdfprnt-buttons-post pdfprnt-bottom-right\"><a href=\"https:\/\/www.burks.de\/burksblog\/wp-json\/wp\/v2\/posts\/20582?print=pdf\" class=\"pdfprnt-button pdfprnt-button-pdf\" target=\"_blank\" ><img decoding=\"async\" src=\"https:\/\/www.burks.de\/burksblog\/wp-content\/plugins\/pdf-print\/images\/pdf.png\" alt=\"image_pdf\" title=\"PDF anzeigen\" \/><\/a><a href=\"https:\/\/www.burks.de\/burksblog\/wp-json\/wp\/v2\/posts\/20582?print=print\" class=\"pdfprnt-button pdfprnt-button-print\" target=\"_blank\" ><img decoding=\"async\" src=\"https:\/\/www.burks.de\/burksblog\/wp-content\/plugins\/pdf-print\/images\/print.png\" alt=\"image_print\" title=\"Inhalt drucken\" \/><\/a><\/div><div class=\"twoclick_social_bookmarks_post_20582 social_share_privacy clearfix 1.6.4 locale-de_DE sprite-de_DE\"><\/div><div class=\"twoclick-js\"><script type=\"text\/javascript\">\/* <![CDATA[ *\/\njQuery(document).ready(function($){if($('.twoclick_social_bookmarks_post_20582')){$('.twoclick_social_bookmarks_post_20582').socialSharePrivacy({\"services\":{\"facebook\":{\"status\":\"on\",\"txt_info\":\"2 Klicks f\\u00fcr mehr Datenschutz: Erst wenn Sie hier klicken, wird der Button aktiv und Sie k\\u00f6nnen Ihre Empfehlung an Facebook senden. Schon beim Aktivieren werden Daten an Dritte \\u00fcbertragen - siehe <em>i<\\\/em>.\",\"perma_option\":\"off\",\"action\":\"recommend\",\"language\":\"de_DE\"},\"twitter\":{\"reply_to\":\"\",\"tweet_text\":\"%20Richterspruch%3A%20Keine%20israelische%20Nationalit%C3%A4t%20%C2%BB%20Burks%27%20Blog%20-%20in%20dubio%20pro%20...\",\"status\":\"on\",\"txt_info\":\"2 Klicks f\\u00fcr mehr Datenschutz: Erst wenn Sie hier klicken, wird der Button aktiv und Sie k\\u00f6nnen Ihre Empfehlung an Twitter senden. Schon beim Aktivieren werden Daten an Dritte \\u00fcbertragen - siehe <em>i<\\\/em>.\",\"perma_option\":\"off\",\"language\":\"de\",\"referrer_track\":\"\"}},\"txt_help\":\"Wenn Sie diese Felder durch einen Klick aktivieren, werden Informationen an Facebook, Twitter, Flattr, Xing, t3n, LinkedIn, Pinterest oder Google eventuell ins Ausland \\u00fcbertragen und unter Umst\\u00e4nden auch dort gespeichert. N\\u00e4heres erfahren Sie durch einen Klick auf das <em>i<\\\/em>.\",\"settings_perma\":\"Dauerhaft aktivieren und Daten\\u00fcber-tragung zustimmen:\",\"info_link\":\"http:\\\/\\\/www.heise.de\\\/ct\\\/artikel\\\/2-Klicks-fuer-mehr-Datenschutz-1333879.html\",\"uri\":\"https:\\\/\\\/www.burks.de\\\/burksblog\\\/2013\\\/10\\\/03\\\/richterspruch-keine-israelische-nationalitaet\",\"post_id\":20582,\"post_title_referrer_track\":\"Richterspruch%3A+Keine+israelische+Nationalit%C3%A4t\",\"display_infobox\":\"on\"});}});\n\/* ]]> *\/<\/script><\/div>","protected":false},"excerpt":{"rendered":"<p>Yoav Sapir (SciLogs): Der Oberste Gerichtshof in Israel lehnt den Antrag von 21 B\u00fcrgern des j\u00fcdischen Staates ab, ihre j\u00fcdische bzw. israelitische Nationalit\u00e4t in eine &#8222;israelische&#8220; zu \u00e4ndern. &#8222;Solange Millionen Juden und vor allem diejenigen, die sich f\u00fcr die j\u00fcdische Staatlichkeit interessieren, sich selbst als Nation empfinden und als Nation handeln, ist es eine Wirklichkeit, [&hellip;]<\/p>\n","protected":false},"author":1,"featured_media":0,"comment_status":"open","ping_status":"open","sticky":false,"template":"","format":"standard","meta":{"footnotes":""},"categories":[1365,16],"tags":[],"class_list":["post-20582","post","type-post","status-publish","format-standard","hentry","category-israel","category-panorama"],"_links":{"self":[{"href":"https:\/\/www.burks.de\/burksblog\/wp-json\/wp\/v2\/posts\/20582","targetHints":{"allow":["GET"]}}],"collection":[{"href":"https:\/\/www.burks.de\/burksblog\/wp-json\/wp\/v2\/posts"}],"about":[{"href":"https:\/\/www.burks.de\/burksblog\/wp-json\/wp\/v2\/types\/post"}],"author":[{"embeddable":true,"href":"https:\/\/www.burks.de\/burksblog\/wp-json\/wp\/v2\/users\/1"}],"replies":[{"embeddable":true,"href":"https:\/\/www.burks.de\/burksblog\/wp-json\/wp\/v2\/comments?post=20582"}],"version-history":[{"count":1,"href":"https:\/\/www.burks.de\/burksblog\/wp-json\/wp\/v2\/posts\/20582\/revisions"}],"predecessor-version":[{"id":20583,"href":"https:\/\/www.burks.de\/burksblog\/wp-json\/wp\/v2\/posts\/20582\/revisions\/20583"}],"wp:attachment":[{"href":"https:\/\/www.burks.de\/burksblog\/wp-json\/wp\/v2\/media?parent=20582"}],"wp:term":[{"taxonomy":"category","embeddable":true,"href":"https:\/\/www.burks.de\/burksblog\/wp-json\/wp\/v2\/categories?post=20582"},{"taxonomy":"post_tag","embeddable":true,"href":"https:\/\/www.burks.de\/burksblog\/wp-json\/wp\/v2\/tags?post=20582"}],"curies":[{"name":"wp","href":"https:\/\/api.w.org\/{rel}","templated":true}]}}