{"id":20528,"date":"2013-10-01T12:46:35","date_gmt":"2013-10-01T10:46:35","guid":{"rendered":"http:\/\/www.burks.de\/burksblog\/?p=20528"},"modified":"2013-10-01T12:46:35","modified_gmt":"2013-10-01T10:46:35","slug":"fachabteilung-linksextremismus","status":"publish","type":"post","link":"https:\/\/www.burks.de\/burksblog\/2013\/10\/01\/fachabteilung-linksextremismus","title":{"rendered":"Fachabteilung Linksextremismus"},"content":{"rendered":"<p><a href=\"http:\/\/www.taz.de\/Ausspaeh-Affaere\/!124706\/\">Taz<\/a>: &#8222;Der nieders\u00e4chsische Verfassungsschutz hat erneut einen Rechtsbruch einger\u00e4umt. Bei einer nicht\u00f6ffentlichen Sitzung des Landtagsausschusses f\u00fcr Verfassungsschutzfragen am Freitag vergangener Woche wurde bekannt, dass der G\u00f6ttinger Anwalt Sven Adam bespitzelt wurde. Der Betroffene ist emp\u00f6rt. &#8218;Es ist schon beachtlich, mit welcher Selbstverst\u00e4ndlichkeit diese Beh\u00f6rde rechtsstaatliches Terrain verlassen hat&#8216;, sagt Adam. (&#8230;) Die Fachabteilung Linksextremismus des nieders\u00e4chsischen Verfassungsschutzes soll \u00fcber Jahre Daten von Adam gesammelt haben.&#8220; <\/p>\n<p>Ceterum censeo: <a href=\"http:\/\/www.burks.de\/artikel\/150397.html\">Verfassungsschutz<\/a> abwickeln. Ceterum censeo: <a href=\"http:\/\/www.burks.de\/burksblog\/2012\/07\/02\/operative-grunde-und-die-braune-armee-fraktion\">Das wird nicht geschehen<\/a>.<\/p>\n<div class=\"pdfprnt-buttons pdfprnt-buttons-post pdfprnt-bottom-right\"><a href=\"https:\/\/www.burks.de\/burksblog\/wp-json\/wp\/v2\/posts\/20528?print=pdf\" class=\"pdfprnt-button pdfprnt-button-pdf\" target=\"_blank\" ><img decoding=\"async\" src=\"https:\/\/www.burks.de\/burksblog\/wp-content\/plugins\/pdf-print\/images\/pdf.png\" alt=\"image_pdf\" title=\"PDF anzeigen\" \/><\/a><a href=\"https:\/\/www.burks.de\/burksblog\/wp-json\/wp\/v2\/posts\/20528?print=print\" class=\"pdfprnt-button pdfprnt-button-print\" target=\"_blank\" ><img decoding=\"async\" src=\"https:\/\/www.burks.de\/burksblog\/wp-content\/plugins\/pdf-print\/images\/print.png\" alt=\"image_print\" title=\"Inhalt drucken\" \/><\/a><\/div><div class=\"twoclick_social_bookmarks_post_20528 social_share_privacy clearfix 1.6.4 locale-de_DE sprite-de_DE\"><\/div><div class=\"twoclick-js\"><script type=\"text\/javascript\">\/* <![CDATA[ *\/\njQuery(document).ready(function($){if($('.twoclick_social_bookmarks_post_20528')){$('.twoclick_social_bookmarks_post_20528').socialSharePrivacy({\"services\":{\"facebook\":{\"status\":\"on\",\"txt_info\":\"2 Klicks f\\u00fcr mehr Datenschutz: Erst wenn Sie hier klicken, wird der Button aktiv und Sie k\\u00f6nnen Ihre Empfehlung an Facebook senden. Schon beim Aktivieren werden Daten an Dritte \\u00fcbertragen - siehe <em>i<\\\/em>.\",\"perma_option\":\"off\",\"action\":\"recommend\",\"language\":\"de_DE\"},\"twitter\":{\"reply_to\":\"\",\"tweet_text\":\"%20Fachabteilung%20Linksextremismus%20%C2%BB%20Burks%27%20Blog%20-%20in%20dubio%20pro%20contra.%20De%20omnibus%20...\",\"status\":\"on\",\"txt_info\":\"2 Klicks f\\u00fcr mehr Datenschutz: Erst wenn Sie hier klicken, wird der Button aktiv und Sie k\\u00f6nnen Ihre Empfehlung an Twitter senden. Schon beim Aktivieren werden Daten an Dritte \\u00fcbertragen - siehe <em>i<\\\/em>.\",\"perma_option\":\"off\",\"language\":\"de\",\"referrer_track\":\"\"}},\"txt_help\":\"Wenn Sie diese Felder durch einen Klick aktivieren, werden Informationen an Facebook, Twitter, Flattr, Xing, t3n, LinkedIn, Pinterest oder Google eventuell ins Ausland \\u00fcbertragen und unter Umst\\u00e4nden auch dort gespeichert. N\\u00e4heres erfahren Sie durch einen Klick auf das <em>i<\\\/em>.\",\"settings_perma\":\"Dauerhaft aktivieren und Daten\\u00fcber-tragung zustimmen:\",\"info_link\":\"http:\\\/\\\/www.heise.de\\\/ct\\\/artikel\\\/2-Klicks-fuer-mehr-Datenschutz-1333879.html\",\"uri\":\"https:\\\/\\\/www.burks.de\\\/burksblog\\\/2013\\\/10\\\/01\\\/fachabteilung-linksextremismus\",\"post_id\":20528,\"post_title_referrer_track\":\"Fachabteilung+Linksextremismus\",\"display_infobox\":\"on\"});}});\n\/* ]]> *\/<\/script><\/div>","protected":false},"excerpt":{"rendered":"<p>Taz: &#8222;Der nieders\u00e4chsische Verfassungsschutz hat erneut einen Rechtsbruch einger\u00e4umt. Bei einer nicht\u00f6ffentlichen Sitzung des Landtagsausschusses f\u00fcr Verfassungsschutzfragen am Freitag vergangener Woche wurde bekannt, dass der G\u00f6ttinger Anwalt Sven Adam bespitzelt wurde. Der Betroffene ist emp\u00f6rt. &#8218;Es ist schon beachtlich, mit welcher Selbstverst\u00e4ndlichkeit diese Beh\u00f6rde rechtsstaatliches Terrain verlassen hat&#8216;, sagt Adam. (&#8230;) Die Fachabteilung Linksextremismus des [&hellip;]<\/p>\n","protected":false},"author":1,"featured_media":0,"comment_status":"open","ping_status":"open","sticky":false,"template":"","format":"standard","meta":{"footnotes":""},"categories":[15],"tags":[],"class_list":["post-20528","post","type-post","status-publish","format-standard","hentry","category-politics"],"_links":{"self":[{"href":"https:\/\/www.burks.de\/burksblog\/wp-json\/wp\/v2\/posts\/20528","targetHints":{"allow":["GET"]}}],"collection":[{"href":"https:\/\/www.burks.de\/burksblog\/wp-json\/wp\/v2\/posts"}],"about":[{"href":"https:\/\/www.burks.de\/burksblog\/wp-json\/wp\/v2\/types\/post"}],"author":[{"embeddable":true,"href":"https:\/\/www.burks.de\/burksblog\/wp-json\/wp\/v2\/users\/1"}],"replies":[{"embeddable":true,"href":"https:\/\/www.burks.de\/burksblog\/wp-json\/wp\/v2\/comments?post=20528"}],"version-history":[{"count":1,"href":"https:\/\/www.burks.de\/burksblog\/wp-json\/wp\/v2\/posts\/20528\/revisions"}],"predecessor-version":[{"id":20529,"href":"https:\/\/www.burks.de\/burksblog\/wp-json\/wp\/v2\/posts\/20528\/revisions\/20529"}],"wp:attachment":[{"href":"https:\/\/www.burks.de\/burksblog\/wp-json\/wp\/v2\/media?parent=20528"}],"wp:term":[{"taxonomy":"category","embeddable":true,"href":"https:\/\/www.burks.de\/burksblog\/wp-json\/wp\/v2\/categories?post=20528"},{"taxonomy":"post_tag","embeddable":true,"href":"https:\/\/www.burks.de\/burksblog\/wp-json\/wp\/v2\/tags?post=20528"}],"curies":[{"name":"wp","href":"https:\/\/api.w.org\/{rel}","templated":true}]}}