{"id":19656,"date":"2013-08-07T08:20:42","date_gmt":"2013-08-07T07:20:42","guid":{"rendered":"http:\/\/www.burks.de\/burksblog\/?p=19656"},"modified":"2013-08-07T08:20:42","modified_gmt":"2013-08-07T07:20:42","slug":"terror-allueberall-auf-den-tannenspitzen","status":"publish","type":"post","link":"https:\/\/www.burks.de\/burksblog\/2013\/08\/07\/terror-allueberall-auf-den-tannenspitzen","title":{"rendered":"Terror all\u00fcberall auf den Tannenspitzen"},"content":{"rendered":"<p>Ich konnte mich nicht zur\u00fcckhalten und habe mich doch dazu hinreissen lassen, bei <a href=\"http:\/\/www.spiegel.de\/politik\/ausland\/sawahiri-ernennt-wuhaischi-zur-nummer-zwei-im-terrornetzwerk-al-qaida-a-915078.html\">Spiegel online<\/a> (&#8222;Qaida-Personalie k\u00f6nnte erh\u00f6htes Terrorrisiko bedeuten&#8220;) etwas zu kommentieren:<\/p>\n<p><i>Wie viele unabh\u00e4ngige Quellen gibt es f\u00fcr die vielen Vermutungen (&#8222;soll&#8220;) im Text? Mindestens zwei sollte ein Journalist haben. Ich sehe hier nur eine &#8222;abh\u00e4ngige&#8220; &#8211; CNN und dessen Briefing durch die US-Geheimdienste. &#8222;Rand&#8220; ist ein Think Tank,  um die Streitkr\u00e4fte der USA zu beraten. die zweite &#8222;Quelle&#8220; sind &#8222;amerikanische Sicherheitsbeamte&#8220;.<\/p>\n<p>Es sollte nicht die Aufgabe der Medien sein, Geheimdienstpropaganda ungefiltert wiederzuk\u00e4uen. Das w\u00e4re so, als schriebe man einen Artikel \u00fcber einen Verfassungsschutzskandal und benutzte ausschlie\u00dflich Quellen des Verfassungsschutzes oder von Organisationen, die dem zuarbeiten.<\/p>\n<p>Und was will uns das alles sagen? Wir brauchen mehr \u00dcberwachung! Har Har. Hony soit qui mal y pense.<\/i><\/p>\n<div class=\"pdfprnt-buttons pdfprnt-buttons-post pdfprnt-bottom-right\"><a href=\"https:\/\/www.burks.de\/burksblog\/wp-json\/wp\/v2\/posts\/19656?print=pdf\" class=\"pdfprnt-button pdfprnt-button-pdf\" target=\"_blank\" ><img decoding=\"async\" src=\"https:\/\/www.burks.de\/burksblog\/wp-content\/plugins\/pdf-print\/images\/pdf.png\" alt=\"image_pdf\" title=\"PDF anzeigen\" \/><\/a><a href=\"https:\/\/www.burks.de\/burksblog\/wp-json\/wp\/v2\/posts\/19656?print=print\" class=\"pdfprnt-button pdfprnt-button-print\" target=\"_blank\" ><img decoding=\"async\" src=\"https:\/\/www.burks.de\/burksblog\/wp-content\/plugins\/pdf-print\/images\/print.png\" alt=\"image_print\" title=\"Inhalt drucken\" \/><\/a><\/div><div class=\"twoclick_social_bookmarks_post_19656 social_share_privacy clearfix 1.6.4 locale-de_DE sprite-de_DE\"><\/div><div class=\"twoclick-js\"><script type=\"text\/javascript\">\/* <![CDATA[ *\/\njQuery(document).ready(function($){if($('.twoclick_social_bookmarks_post_19656')){$('.twoclick_social_bookmarks_post_19656').socialSharePrivacy({\"services\":{\"facebook\":{\"status\":\"on\",\"txt_info\":\"2 Klicks f\\u00fcr mehr Datenschutz: Erst wenn Sie hier klicken, wird der Button aktiv und Sie k\\u00f6nnen Ihre Empfehlung an Facebook senden. Schon beim Aktivieren werden Daten an Dritte \\u00fcbertragen - siehe <em>i<\\\/em>.\",\"perma_option\":\"off\",\"action\":\"recommend\",\"language\":\"de_DE\"},\"twitter\":{\"reply_to\":\"\",\"tweet_text\":\"%20Terror%20all%C3%BCberall%20auf%20den%20Tannenspitzen%20%C2%BB%20Burks%27%20Blog%20-%20in%20dubio%20pro%20...\",\"status\":\"on\",\"txt_info\":\"2 Klicks f\\u00fcr mehr Datenschutz: Erst wenn Sie hier klicken, wird der Button aktiv und Sie k\\u00f6nnen Ihre Empfehlung an Twitter senden. Schon beim Aktivieren werden Daten an Dritte \\u00fcbertragen - siehe <em>i<\\\/em>.\",\"perma_option\":\"off\",\"language\":\"de\",\"referrer_track\":\"\"}},\"txt_help\":\"Wenn Sie diese Felder durch einen Klick aktivieren, werden Informationen an Facebook, Twitter, Flattr, Xing, t3n, LinkedIn, Pinterest oder Google eventuell ins Ausland \\u00fcbertragen und unter Umst\\u00e4nden auch dort gespeichert. N\\u00e4heres erfahren Sie durch einen Klick auf das <em>i<\\\/em>.\",\"settings_perma\":\"Dauerhaft aktivieren und Daten\\u00fcber-tragung zustimmen:\",\"info_link\":\"http:\\\/\\\/www.heise.de\\\/ct\\\/artikel\\\/2-Klicks-fuer-mehr-Datenschutz-1333879.html\",\"uri\":\"https:\\\/\\\/www.burks.de\\\/burksblog\\\/2013\\\/08\\\/07\\\/terror-allueberall-auf-den-tannenspitzen\",\"post_id\":19656,\"post_title_referrer_track\":\"Terror+all%C3%BCberall+auf+den+Tannenspitzen\",\"display_infobox\":\"on\"});}});\n\/* ]]> *\/<\/script><\/div>","protected":false},"excerpt":{"rendered":"<p>Ich konnte mich nicht zur\u00fcckhalten und habe mich doch dazu hinreissen lassen, bei Spiegel online (&#8222;Qaida-Personalie k\u00f6nnte erh\u00f6htes Terrorrisiko bedeuten&#8220;) etwas zu kommentieren: Wie viele unabh\u00e4ngige Quellen gibt es f\u00fcr die vielen Vermutungen (&#8222;soll&#8220;) im Text? Mindestens zwei sollte ein Journalist haben. Ich sehe hier nur eine &#8222;abh\u00e4ngige&#8220; &#8211; CNN und dessen Briefing durch die [&hellip;]<\/p>\n","protected":false},"author":1,"featured_media":0,"comment_status":"open","ping_status":"open","sticky":false,"template":"","format":"standard","meta":{"footnotes":""},"categories":[23],"tags":[],"class_list":["post-19656","post","type-post","status-publish","format-standard","hentry","category-media"],"_links":{"self":[{"href":"https:\/\/www.burks.de\/burksblog\/wp-json\/wp\/v2\/posts\/19656","targetHints":{"allow":["GET"]}}],"collection":[{"href":"https:\/\/www.burks.de\/burksblog\/wp-json\/wp\/v2\/posts"}],"about":[{"href":"https:\/\/www.burks.de\/burksblog\/wp-json\/wp\/v2\/types\/post"}],"author":[{"embeddable":true,"href":"https:\/\/www.burks.de\/burksblog\/wp-json\/wp\/v2\/users\/1"}],"replies":[{"embeddable":true,"href":"https:\/\/www.burks.de\/burksblog\/wp-json\/wp\/v2\/comments?post=19656"}],"version-history":[{"count":1,"href":"https:\/\/www.burks.de\/burksblog\/wp-json\/wp\/v2\/posts\/19656\/revisions"}],"predecessor-version":[{"id":19657,"href":"https:\/\/www.burks.de\/burksblog\/wp-json\/wp\/v2\/posts\/19656\/revisions\/19657"}],"wp:attachment":[{"href":"https:\/\/www.burks.de\/burksblog\/wp-json\/wp\/v2\/media?parent=19656"}],"wp:term":[{"taxonomy":"category","embeddable":true,"href":"https:\/\/www.burks.de\/burksblog\/wp-json\/wp\/v2\/categories?post=19656"},{"taxonomy":"post_tag","embeddable":true,"href":"https:\/\/www.burks.de\/burksblog\/wp-json\/wp\/v2\/tags?post=19656"}],"curies":[{"name":"wp","href":"https:\/\/api.w.org\/{rel}","templated":true}]}}