{"id":19639,"date":"2013-08-06T20:48:52","date_gmt":"2013-08-06T19:48:52","guid":{"rendered":"http:\/\/www.burks.de\/burksblog\/?p=19639"},"modified":"2013-08-07T06:54:38","modified_gmt":"2013-08-07T05:54:38","slug":"angriff-auf-die-gefuehle","status":"publish","type":"post","link":"https:\/\/www.burks.de\/burksblog\/2013\/08\/06\/angriff-auf-die-gefuehle","title":{"rendered":"Angriff auf die Gef\u00fchle"},"content":{"rendered":"<p><a href=\"http:\/\/www.burks.de\/burksblog\/pix\/2013\/08\/050813_2gr.jpg\"><img decoding=\"async\" src=\"http:\/\/www.burks.de\/burksblog\/pix\/2013\/08\/050813_2kl.jpg\" alt=\"Efeuweg\" border=\"0\" hspace=\"0\" vspace=\"0\" \/><\/a><\/p>\n<p align=left>Werbeagenturen sind nicht dumm, wenn sich der Kokain-Konsum in Grenzen h\u00e4lt. Sie wissen, was sie tun. Das Wahlverhalten der Leute \u00e4ndert sich nur in Nuancen. Die Welt der schwankenden Gef\u00fchle entscheidet und die Nase der Kandidaten, ob sie &#8222;nett&#8220; aussehen. <\/p>\n<p>Vermutlich bei\u00dfen diejenigen Agenturen, die von den Parteien beauftragt werden, &#8222;Wahlkampf&#8220; zu machen, st\u00e4ndig in den Teppich oder in die Schreibtischkante, weil die B\u00fcrokratengehirne und Funktion\u00e4rs-Pappnasen z\u00fcndende Ideen gar nicht goutieren, sondern genau so Langweiliges gut finden, wie sie selbst Mainstream und \u00f6de und fade sind.<\/p>\n<p>Die Parolen, die einem jetzt entgegenjaulen, sind aber derma\u00dfen d\u00e4mlich, dass ich mir gar nicht vorstellen kann, wer sich so etwas ausgedacht hat. Es geht quer durch alle Parteien. Von der CDU erwarte ich keine Inhalte, deshalb kann ich die nicht kritisieren. Das von der SPD angesprochene &#8222;Wir&#8220;-Gef\u00fchl erinnert mich immer an Kaiser Wilhelm: &#8222;Ich kenne keine Parteien mehr&#8220; &#8211; der Appell an die Volksgemeinschaft ist bei den Deutschen immer angebr\u00e4unt.<\/p>\n<p>Die Gr\u00fcnen haben mit ihrer <del>Schnaps<\/del>Idee, einen vegetarischen Tag einzulegen, gezeigt, was in dem Milieu f\u00fcr Gedankengut schlummert, das sie w\u00e4hlt. Der Gem\u00fcsewart l\u00e4sst gr\u00fc\u00dfen. Der Deutsche ruft immer nach dem harten Durchgreifen des Staates, ganz gleich, gegen oder f\u00fcr was. Ihr Blockwart ist demn\u00e4chst nicht f\u00fcr den angeblichen &#8222;Schutz&#8220; der Sitten und der Jugend zust\u00e4ndig, sondern auch f\u00fcr die Kontrolle des K\u00fchlschranks.<\/p>\n<p>Die &#8222;Linke&#8220; will den Waffenexport verbieten &#8211; auch nichtssagend und gut gemeint. Statt Transparenz zu fordern und das Gesch\u00e4ft zu kontrollieren, will man sich gut f\u00fchlen, wenn die Waffen von anderen Leuten an die B\u00f6sen geliefert werden oder eben auf Umwegen. Die deutschen Waffenfirmen werden dann eben in Tschechien produzieren. <\/p>\n<p>Am lustigsten ist die Glaubensgemeinschaft Freier Markt(TM) und deren politischer Arm, die FDP. &#8222;Mehr Markt&#8220; &#8211; was will ins der K\u00fcnstler damit sagen? Und wer genau wird damit angesprochen &#8211; das Kartell von Apothekern und der Pharma-Industrie? Die Hotelbesitzer? Oder die Content- und Abmahnmafia?<\/p>\n<p>Es gibt nichts Verlogeneres als Wahlplakate. Aber wie man sieht, sind sie genau auf dem intellektuellen Niveau der W\u00e4hler.<\/p>\n<div class=\"pdfprnt-buttons pdfprnt-buttons-post pdfprnt-bottom-right\"><a href=\"https:\/\/www.burks.de\/burksblog\/wp-json\/wp\/v2\/posts\/19639?print=pdf\" class=\"pdfprnt-button pdfprnt-button-pdf\" target=\"_blank\" ><img decoding=\"async\" src=\"https:\/\/www.burks.de\/burksblog\/wp-content\/plugins\/pdf-print\/images\/pdf.png\" alt=\"image_pdf\" title=\"PDF anzeigen\" \/><\/a><a href=\"https:\/\/www.burks.de\/burksblog\/wp-json\/wp\/v2\/posts\/19639?print=print\" class=\"pdfprnt-button pdfprnt-button-print\" target=\"_blank\" ><img decoding=\"async\" src=\"https:\/\/www.burks.de\/burksblog\/wp-content\/plugins\/pdf-print\/images\/print.png\" alt=\"image_print\" title=\"Inhalt drucken\" \/><\/a><\/div><div class=\"twoclick_social_bookmarks_post_19639 social_share_privacy clearfix 1.6.4 locale-de_DE sprite-de_DE\"><\/div><div class=\"twoclick-js\"><script type=\"text\/javascript\">\/* <![CDATA[ *\/\njQuery(document).ready(function($){if($('.twoclick_social_bookmarks_post_19639')){$('.twoclick_social_bookmarks_post_19639').socialSharePrivacy({\"services\":{\"facebook\":{\"status\":\"on\",\"txt_info\":\"2 Klicks f\\u00fcr mehr Datenschutz: Erst wenn Sie hier klicken, wird der Button aktiv und Sie k\\u00f6nnen Ihre Empfehlung an Facebook senden. Schon beim Aktivieren werden Daten an Dritte \\u00fcbertragen - siehe <em>i<\\\/em>.\",\"perma_option\":\"off\",\"action\":\"recommend\",\"language\":\"de_DE\"},\"twitter\":{\"reply_to\":\"\",\"tweet_text\":\"%20Angriff%20auf%20die%20Gef%C3%BChle%20%C2%BB%20Burks%27%20Blog%20-%20in%20dubio%20pro%20contra.%20De%20...\",\"status\":\"on\",\"txt_info\":\"2 Klicks f\\u00fcr mehr Datenschutz: Erst wenn Sie hier klicken, wird der Button aktiv und Sie k\\u00f6nnen Ihre Empfehlung an Twitter senden. Schon beim Aktivieren werden Daten an Dritte \\u00fcbertragen - siehe <em>i<\\\/em>.\",\"perma_option\":\"off\",\"language\":\"de\",\"referrer_track\":\"\"}},\"txt_help\":\"Wenn Sie diese Felder durch einen Klick aktivieren, werden Informationen an Facebook, Twitter, Flattr, Xing, t3n, LinkedIn, Pinterest oder Google eventuell ins Ausland \\u00fcbertragen und unter Umst\\u00e4nden auch dort gespeichert. N\\u00e4heres erfahren Sie durch einen Klick auf das <em>i<\\\/em>.\",\"settings_perma\":\"Dauerhaft aktivieren und Daten\\u00fcber-tragung zustimmen:\",\"info_link\":\"http:\\\/\\\/www.heise.de\\\/ct\\\/artikel\\\/2-Klicks-fuer-mehr-Datenschutz-1333879.html\",\"uri\":\"https:\\\/\\\/www.burks.de\\\/burksblog\\\/2013\\\/08\\\/06\\\/angriff-auf-die-gefuehle\",\"post_id\":19639,\"post_title_referrer_track\":\"Angriff+auf+die+Gef%C3%BChle\",\"display_infobox\":\"on\"});}});\n\/* ]]> *\/<\/script><\/div>","protected":false},"excerpt":{"rendered":"<p>Werbeagenturen sind nicht dumm, wenn sich der Kokain-Konsum in Grenzen h\u00e4lt. Sie wissen, was sie tun. Das Wahlverhalten der Leute \u00e4ndert sich nur in Nuancen. Die Welt der schwankenden Gef\u00fchle entscheidet und die Nase der Kandidaten, ob sie &#8222;nett&#8220; aussehen. Vermutlich bei\u00dfen diejenigen Agenturen, die von den Parteien beauftragt werden, &#8222;Wahlkampf&#8220; zu machen, st\u00e4ndig in [&hellip;]<\/p>\n","protected":false},"author":1,"featured_media":0,"comment_status":"open","ping_status":"open","sticky":false,"template":"","format":"standard","meta":{"footnotes":""},"categories":[15],"tags":[],"class_list":["post-19639","post","type-post","status-publish","format-standard","hentry","category-politics"],"_links":{"self":[{"href":"https:\/\/www.burks.de\/burksblog\/wp-json\/wp\/v2\/posts\/19639","targetHints":{"allow":["GET"]}}],"collection":[{"href":"https:\/\/www.burks.de\/burksblog\/wp-json\/wp\/v2\/posts"}],"about":[{"href":"https:\/\/www.burks.de\/burksblog\/wp-json\/wp\/v2\/types\/post"}],"author":[{"embeddable":true,"href":"https:\/\/www.burks.de\/burksblog\/wp-json\/wp\/v2\/users\/1"}],"replies":[{"embeddable":true,"href":"https:\/\/www.burks.de\/burksblog\/wp-json\/wp\/v2\/comments?post=19639"}],"version-history":[{"count":12,"href":"https:\/\/www.burks.de\/burksblog\/wp-json\/wp\/v2\/posts\/19639\/revisions"}],"predecessor-version":[{"id":19651,"href":"https:\/\/www.burks.de\/burksblog\/wp-json\/wp\/v2\/posts\/19639\/revisions\/19651"}],"wp:attachment":[{"href":"https:\/\/www.burks.de\/burksblog\/wp-json\/wp\/v2\/media?parent=19639"}],"wp:term":[{"taxonomy":"category","embeddable":true,"href":"https:\/\/www.burks.de\/burksblog\/wp-json\/wp\/v2\/categories?post=19639"},{"taxonomy":"post_tag","embeddable":true,"href":"https:\/\/www.burks.de\/burksblog\/wp-json\/wp\/v2\/tags?post=19639"}],"curies":[{"name":"wp","href":"https:\/\/api.w.org\/{rel}","templated":true}]}}