{"id":19071,"date":"2013-07-02T11:17:40","date_gmt":"2013-07-02T10:17:40","guid":{"rendered":"http:\/\/www.burks.de\/burksblog\/?p=19071"},"modified":"2013-07-02T11:30:13","modified_gmt":"2013-07-02T10:30:13","slug":"verschlusselung-verbieten","status":"publish","type":"post","link":"https:\/\/www.burks.de\/burksblog\/2013\/07\/02\/verschlusselung-verbieten","title":{"rendered":"Verschl\u00fcsselung verbieten!"},"content":{"rendered":"<p><a href=\"http:\/\/altlasten.lutz.donnerhacke.de\/mitarb\/lutz\/security\/cryptoban\/\">Lutz Donnerhacke<\/a> (1997): &#8222;Die Bundesregierung will in aller Eile strikte gesetzliche Regelungen f\u00fcr den Gebrauch sogenannter Verschl\u00fcsselungstechnik beschlie\u00dfen.&#8220;<\/p>\n<p><a href=\"http:\/\/altlasten.lutz.donnerhacke.de\/mitarb\/lutz\/security\/cryptoban\/kanther.rede.html\">Ebd.<\/a>: &#8222;Rede von Bundesinnenminister Manfred Kanther anl\u00e4\u00dflich der Er\u00f6ffnung des 5. IT-Sicherheitskongresses am 28. April 1997 in Bonn &#8222;Mit Sicherheit in die Informationsgesellschaft&#8220;:<br \/>\n<i>Die legalen \u00dcberwachungsm\u00f6glichkeiten m\u00fcssen auch dann gewahrt bleiben, wenn der Fernsprechverkehr k\u00fcnftig mehr und mehr verschl\u00fcsselt wird. Die Frage, ob deswegen der Einsatz von Verschl\u00fcsselungsverfahren gesetzlich zu regeln ist, wird derzeit leidenschaftlich diskutiert. Wenn in einigen Jahren nicht nur der gesamte Datenverkehr \u00fcber das Internet und andere Netze verschl\u00fcsselt wird, sondern vielleicht sogar das ganz normale klassische Telefongespr\u00e4ch, dann hat das ohne eine wirksame Regulierung zur Folge, da\u00df die Befugnisse der Strafverfolgungs- und Sicherheitsbeh\u00f6rden nach dem G 10-Gesetz, der Strafproze\u00dfordnung oder dem Au\u00dfenwirtschaftsgesetz zum Mith\u00f6ren des Telefon- und Datenverkehrs praktisch ins Leere laufen werden.<\/i><\/p>\n<p>Oder auch <a href=\"http:\/\/lawww.de\/Library\/Krypto\/index.shtml#FN%282%29\">Lawww.de<\/a> (1997):<\/p>\n<p><i>S\u00fcddeutsche Zeitung v. 5.3.1996; Der Spiegel 13\/1996, 132, 142; Antwort des Parl. Staatssekret\u00e4rs beim Bundesinnenministerium Eduard Lintner auf die Zusatzfrage des MdB J\u00f6rg Taus in der Fragestunde des Bundestages v. 19.4.1996: &#8222;&#8230; Sie wissen wie ich, da\u00df es ein legitimes Interesse gibt, die eigenen Daten zu sch\u00fctzen, da\u00df aber auch Vorkehrungen getroffen werden m\u00fcssen, um beispielsweise zu verhindern, da\u00df Kriminelle diese Verschl\u00fcsselungsm\u00f6glichkeiten offensiv gegen die Gesellschaft und gegen den B\u00fcrger nutzen&#8220;; BT-Drs. 13\/4403, Frage 22<\/p>\n<p>Antwort der Bundesregierung auf eine Kleine Anfrage der Fraktion B\u00fcndnis 90 \/ Die Gr\u00fcnen (BT-Drs. 13\/1889)(&#8230;). Nach einer Meldung in Der Spiegel 52\/1996, 16 plant die Bundesregierung nun ein solches Gesetz in &#8222;aller Eile&#8220; beschlie\u00dfen zu lassen.<\/p>\n<p>Im Beschlu\u00df des Ministerkomitees an die Regierungen vom 11.9.1995 (Recommendation No. R [95] 13) hei\u00dft es dazu: &#8222;Use of Encryption: Measures should be considered to minimise the negative effects of the use of cryptography on the investigation of criminal offenses, without affecting its legitimate use more than is strictly necessary&#8220;; (&#8230;)  Nach einem Bericht der c&#8217;t soll die Empfehlung bei der EG-Kommission auf &#8222;\u00dcberraschung&#8220; gesto\u00dfen sein: c&#8217;t 11\/1995, 32.<\/i><\/p>\n<p><a href=\"http:\/\/www.zdnet.de\/2095292\/us-politiker-fordern-verbot-von-verschluesselungstechnik\/?ModPagespeed=noscript\">ZDNet<\/a>: &#8222;US-Politiker fordern Verbot von Verschl\u00fcsselungstechnik&#8220; (2001).<\/p>\n<p><a href=\"http:\/\/www.bbc.co.uk\/news\/technology-12983734\">BBC<\/a> (2011): &#8222;The legal challenge has been brought by The French Association of Internet Community Services (ASIC) and relates to government plans to keep web users&#8216; personal data for a year.&#8220; <\/p>\n<p><a href=\"http:\/\/piratenpartei-neu-ulm.de\/allgemein\/freund-liest-mit-verbot-von-verschlusselungssoftware-wird-vorbereitet\/\">Piraten Neu-Ulm<\/a>: &#8222;Freund liest mit \u2013 Verbot von Verschl\u00fcsselungssoftware wird vorbereitet&#8220; (2013). <\/p>\n<div class=\"pdfprnt-buttons pdfprnt-buttons-post pdfprnt-bottom-right\"><a href=\"https:\/\/www.burks.de\/burksblog\/wp-json\/wp\/v2\/posts\/19071?print=pdf\" class=\"pdfprnt-button pdfprnt-button-pdf\" target=\"_blank\" ><img decoding=\"async\" src=\"https:\/\/www.burks.de\/burksblog\/wp-content\/plugins\/pdf-print\/images\/pdf.png\" alt=\"image_pdf\" title=\"PDF anzeigen\" \/><\/a><a href=\"https:\/\/www.burks.de\/burksblog\/wp-json\/wp\/v2\/posts\/19071?print=print\" class=\"pdfprnt-button pdfprnt-button-print\" target=\"_blank\" ><img decoding=\"async\" src=\"https:\/\/www.burks.de\/burksblog\/wp-content\/plugins\/pdf-print\/images\/print.png\" alt=\"image_print\" title=\"Inhalt drucken\" \/><\/a><\/div><div class=\"twoclick_social_bookmarks_post_19071 social_share_privacy clearfix 1.6.4 locale-de_DE sprite-de_DE\"><\/div><div class=\"twoclick-js\"><script type=\"text\/javascript\">\/* <![CDATA[ *\/\njQuery(document).ready(function($){if($('.twoclick_social_bookmarks_post_19071')){$('.twoclick_social_bookmarks_post_19071').socialSharePrivacy({\"services\":{\"facebook\":{\"status\":\"on\",\"txt_info\":\"2 Klicks f\\u00fcr mehr Datenschutz: Erst wenn Sie hier klicken, wird der Button aktiv und Sie k\\u00f6nnen Ihre Empfehlung an Facebook senden. Schon beim Aktivieren werden Daten an Dritte \\u00fcbertragen - siehe <em>i<\\\/em>.\",\"perma_option\":\"off\",\"action\":\"recommend\",\"language\":\"de_DE\"},\"twitter\":{\"reply_to\":\"\",\"tweet_text\":\"%20Verschl%C3%BCsselung%20verbieten%21%20%C2%BB%20Burks%27%20Blog%20-%20in%20dubio%20pro%20contra.%20De%20...\",\"status\":\"on\",\"txt_info\":\"2 Klicks f\\u00fcr mehr Datenschutz: Erst wenn Sie hier klicken, wird der Button aktiv und Sie k\\u00f6nnen Ihre Empfehlung an Twitter senden. Schon beim Aktivieren werden Daten an Dritte \\u00fcbertragen - siehe <em>i<\\\/em>.\",\"perma_option\":\"off\",\"language\":\"de\",\"referrer_track\":\"\"}},\"txt_help\":\"Wenn Sie diese Felder durch einen Klick aktivieren, werden Informationen an Facebook, Twitter, Flattr, Xing, t3n, LinkedIn, Pinterest oder Google eventuell ins Ausland \\u00fcbertragen und unter Umst\\u00e4nden auch dort gespeichert. N\\u00e4heres erfahren Sie durch einen Klick auf das <em>i<\\\/em>.\",\"settings_perma\":\"Dauerhaft aktivieren und Daten\\u00fcber-tragung zustimmen:\",\"info_link\":\"http:\\\/\\\/www.heise.de\\\/ct\\\/artikel\\\/2-Klicks-fuer-mehr-Datenschutz-1333879.html\",\"uri\":\"https:\\\/\\\/www.burks.de\\\/burksblog\\\/2013\\\/07\\\/02\\\/verschlusselung-verbieten\",\"post_id\":19071,\"post_title_referrer_track\":\"Verschl%C3%BCsselung+verbieten%21\",\"display_infobox\":\"on\"});}});\n\/* ]]> *\/<\/script><\/div>","protected":false},"excerpt":{"rendered":"<p>Lutz Donnerhacke (1997): &#8222;Die Bundesregierung will in aller Eile strikte gesetzliche Regelungen f\u00fcr den Gebrauch sogenannter Verschl\u00fcsselungstechnik beschlie\u00dfen.&#8220; Ebd.: &#8222;Rede von Bundesinnenminister Manfred Kanther anl\u00e4\u00dflich der Er\u00f6ffnung des 5. IT-Sicherheitskongresses am 28. April 1997 in Bonn &#8222;Mit Sicherheit in die Informationsgesellschaft&#8220;: Die legalen \u00dcberwachungsm\u00f6glichkeiten m\u00fcssen auch dann gewahrt bleiben, wenn der Fernsprechverkehr k\u00fcnftig mehr und [&hellip;]<\/p>\n","protected":false},"author":1,"featured_media":0,"comment_status":"open","ping_status":"open","sticky":false,"template":"","format":"standard","meta":{"footnotes":""},"categories":[21,31],"tags":[],"class_list":["post-19071","post","type-post","status-publish","format-standard","hentry","category-internet-and-computer","category-protect-your-privacy"],"_links":{"self":[{"href":"https:\/\/www.burks.de\/burksblog\/wp-json\/wp\/v2\/posts\/19071","targetHints":{"allow":["GET"]}}],"collection":[{"href":"https:\/\/www.burks.de\/burksblog\/wp-json\/wp\/v2\/posts"}],"about":[{"href":"https:\/\/www.burks.de\/burksblog\/wp-json\/wp\/v2\/types\/post"}],"author":[{"embeddable":true,"href":"https:\/\/www.burks.de\/burksblog\/wp-json\/wp\/v2\/users\/1"}],"replies":[{"embeddable":true,"href":"https:\/\/www.burks.de\/burksblog\/wp-json\/wp\/v2\/comments?post=19071"}],"version-history":[{"count":2,"href":"https:\/\/www.burks.de\/burksblog\/wp-json\/wp\/v2\/posts\/19071\/revisions"}],"predecessor-version":[{"id":19073,"href":"https:\/\/www.burks.de\/burksblog\/wp-json\/wp\/v2\/posts\/19071\/revisions\/19073"}],"wp:attachment":[{"href":"https:\/\/www.burks.de\/burksblog\/wp-json\/wp\/v2\/media?parent=19071"}],"wp:term":[{"taxonomy":"category","embeddable":true,"href":"https:\/\/www.burks.de\/burksblog\/wp-json\/wp\/v2\/categories?post=19071"},{"taxonomy":"post_tag","embeddable":true,"href":"https:\/\/www.burks.de\/burksblog\/wp-json\/wp\/v2\/tags?post=19071"}],"curies":[{"name":"wp","href":"https:\/\/api.w.org\/{rel}","templated":true}]}}