{"id":18949,"date":"2013-06-26T10:53:37","date_gmt":"2013-06-26T09:53:37","guid":{"rendered":"http:\/\/www.burks.de\/burksblog\/?p=18949"},"modified":"2013-06-26T12:51:32","modified_gmt":"2013-06-26T11:51:32","slug":"da-steh-ich-nun-ich-armer-tor","status":"publish","type":"post","link":"https:\/\/www.burks.de\/burksblog\/2013\/06\/26\/da-steh-ich-nun-ich-armer-tor","title":{"rendered":"Da steh&#8216; ich nun, ich armer Tor"},"content":{"rendered":"<p><img decoding=\"async\" src=\"http:\/\/www.burks.de\/burksblog\/pix\/2013\/06\/2606123_1.jpg\" alt=\"Revolution\" border=\"0\" hspace=\"0\" vspace=\"0\" \/><\/p>\n<p align=left>Da steh&#8216; ich nun, ich armer Tor, und bin so klug als wie zuvor, und weil das Zitat aus dem &#8222;<a href=\"http:\/\/www.wissen-im-netz.info\/literatur\/goethe\/faust\/1teil\/01.htm\">Faust<\/a>&#8220; stammt, balle ich dieselbe noch in der Tasche. Zum ersten Mal wei\u00df ich nicht, welche Partei ich bei der Bundestagswahl w\u00e4hlen soll. <\/p>\n<p>Es kommen eh nur die Piraten oder die &#8222;Linke&#8220; oder <a href=\"http:\/\/www.freitag.de\/autoren\/der-freitag\/a2013z-zwergparteien\">etwas Absurdes<\/a> in Frage, wie Sonneborns &#8222;Die Partei&#8220; oder eine <a href=\"http:\/\/de.wikipedia.org\/wiki\/Marxistisch-Leninistische_Partei_Deutschlands\">spinnerte ultralinke Politsekte<\/a>, die man w\u00e4hlen k\u00f6nnte, weil man die Garantie hat, dass sie zum Gl\u00fcck nie etwas zu bestimmen haben wird. <\/p>\n<p>Gar nicht zu w\u00e4hlen kommt nicht in Frage, wenn man bedenkt, wie viele Menschen <a href=\"http:\/\/de.wikipedia.org\/wiki\/Frauenwahlrecht\">gek\u00e4mpft<\/a> und <a href=\"https:\/\/de.wikipedia.org\/wiki\/Deutsche_Revolution_1848\/1849\">gestorben<\/a> sind, auch hierzulande, f\u00fcr ihr Recht zu entscheiden, wer regieren darf. Ich bin ganz konservativ und <a href=\"https:\/\/de.wikipedia.org\/wiki\/Barrikadenaufstand\">traditionsbewusst<\/a>, stamme aus einer Bergarbeiter- und Bauernfamilie und sehe mich in einer historischen Linie, die mindestens bei <a href=\"http:\/\/www.geschichte-ana.de\/wb\/media\/grohmann\/Kriegszeiten.pdf\">Wolf G\u00f6ftel<\/a> beginnt und den ich Jugendlichen zum Beispiel als Vorbild empfehlen w\u00fcrde, fragten sie mich nach einem.<\/p>\n<p>Wahlen im Kapitalismus sind eine komplizierte Angelegenheit. Marx war ja noch der Ansicht, das &#8222;Proletariat&#8220; &#8211; eigentlich: diejenigen, die keine Produktionsmittel besitzen &#8211; w\u00e4re in der Lage, die herrschende Klasse mit Gewalt zu beseitigen. Das ist nat\u00fcrlich aus zahllosen Gr\u00fcnden eine Illusion und falsch: Das Kapital agiert nicht national, eine weltweite gleichzeitige Revolution, wie man sie aus Russland oder <a href=\"http:\/\/www.burks.de\/grafik\/weblog\/nic\/nic13.jpg\">Nicaragua<\/a> oder aus Wunschtr\u00e4umen <a href=\"http:\/\/www.burks.de\/burksblog\/2012\/01\/30\/madonna-camila-guevara\">kluger und ultrasch\u00f6ner Frauen<\/a> kennt, ist gar nicht vorstellbar und geh\u00f6rt ins Reich von Fantasy-Romanen. <\/p>\n<p>Demokratie ist nichts anderes als eine Art tempor\u00e4rer gesellschaftlicher Konsens, dass es langfristig f\u00fcr alle Beteiligten effektiver ist, sich nicht die K\u00f6pfe einzuschlagen. Geht es wirklich um die Macht, wird die herrschende Klasse immer zuerst diesen Konsens aufk\u00fcndigen. Wer die Macht hat, nutzt die Demokratie, um die anderen zu unterdr\u00fccken; <a href=\"https:\/\/de.wikipedia.org\/wiki\/Opium_des_Volkes\">Pfaffen<\/a> und andere <a href=\"http:\/\/de.wikipedia.org\/wiki\/Esoterik#Esoterik_und_Politik\">Prediger des Aberglaubens<\/a> dienen seit jeher als Helfershelfer, um das Volk ruhigzustellen und zu verbl\u00f6den.<\/p>\n<p>Die gr\u00f6\u00dfte Lebensl\u00fcge Deutschlands und das offizielle Propagandam\u00e4rchen ist bekanntlich, die Weimarer Republik sei an den &#8222;Extremen&#8220; von Links und Rechts zugrunde gegangen &#8211; darauf fu\u00dft die Totalitarismus-Doktrin, die regierungsamtliche <del>Propaganda<\/del> Interpretation der deutschen Geschichte. In Wahrheit ist Hitler von den politischen B\u00fctteln der herrschenden Klasse finanziert und benutzt worden und mitnichten kein D\u00e4mon, den die Vorsehung an die Macht gesp\u00fclt hat. Nur zur Erinnerung (Burks&#8216; Blog, <a href=\"http:\/\/www.burks.de\/forum\/phpBB2\/viewtopic.php?t=2494\">19.11.2003):<\/p>\n<p><i>Die <a href=\"http:\/\/www.dhm.de\/lemo\/html\/kaiserreich\/innenpolitik\/dkp\/\">Deutschkonservative Partei<\/a> sprach sich 1892 in ihrem neuen <a href=\"http:\/\/www.grin.com\/de\/e-book\/119192\/antisemitismus-im-tivoli-programm\">Tivoli-Programm<\/a> (der Parteitag fand in der Berliner Tivoli-Brauerei statt) gegen den &#8222;zersetzenden j\u00fcdischen Einflu\u00df&#8220; und gegen die Sozialdemokratie aus. Der antisemitische Hofprediger <a href=\"http:\/\/www.dhm.de\/lemo\/html\/biografien\/StoeckerAdolf\/index.html\">Adolf Stoecker<\/a> war der Wortf\u00fchrer. Stoecker gr\u00fcndet den &#8222;Evangelisch-sozialen Kongre\u00df&#8220; zur Erforschung der sozialen Frage. Ihm geh\u00f6ren unter anderen auch liberale Intellektuelle wie Friedrich Naumann an, auf den sich heute die F.D.P. beruft.<\/p>\n<p>Die <a href=\"http:\/\/www.dhm.de\/lemo\/html\/weimar\/innenpolitik\/dnvp\/\">Deutschnationale Volkspartei<\/a> verpflichtete sich im Parteiprogramm 1920 zum Kampf gegen die &#8222;Vorherrschaft des Judentums in Regierung und \u00d6ffentlichkeit&#8220;. Im Reichstagswahlkampf 1924 lautet einer der Parolen: &#8222;Wer nicht w\u00e4hlt, wird Judas Sklave, wird Frankreichs Kuli, ruft den Bolschewismus ins Land, opfert seine Kinder.&#8220; In M\u00fcnchen ging im Februar 1920 aus der v\u00f6lkisch-antisemitischen Deutschen Arbeiterpartei (DAP) die Nationalsozialistische Deutsche Arbeiterpartei (NSDAP) hervor. Hitler, so formuliert Winkler treffend, &#8222;ist bekanntlich nicht durch einen Wahlsieg an die Macht gekommen.&#8220; Bei der <a href=\"http:\/\/www.zum.de\/psm\/weimar\/tab1.php\">Reichstagswahl 1932<\/a> verlor Hitler zwei Millionen Stimmen, hatte auch keine parlamentarische Mehrheit, als er am 30. Januar 1933 zum Reichkanzler ernannt wurde. Die Mehrheit verschafften ihm die Nationalkonservativen. Und Hitlers Koalitionspartner, der <a href=\"http:\/\/www.taz.de\/1\/archiv\/archiv\/?dig=2002\/08\/16\/a0023\">Kampffront Schwarz-Wei\u00df-Rot<\/a> um <a href=\"http:\/\/de.wikipedia.org\/wiki\/Franz_von_Papen\">Franz von Papen<\/a> und <a href=\"http:\/\/en.wikipedia.org\/wiki\/Alfred_Hugenberg\">Alfred Hugenberg<\/a> mit ihren acht Prozent W\u00e4hlerstimmen sicherten der NSDAP die Macht. &#8222;Nicht der Parteif\u00fchrer, aber der Reichskanzler Adolf Hitler konnte sich einer klaren Mehrheit erfreuen &#8211; dank der Nationalkonservativen.&#8220;<\/i><\/a><\/p>\n<p align=left><img decoding=\"async\" src=\"http:\/\/www.burks.de\/burksblog\/pix\/2013\/06\/2606123_2.jpg\" alt=\"Revolution\" border=\"0\" hspace=\"0\" vspace=\"0\" \/><\/p>\n<p align=left>Der <a href=\"http:\/\/de.wikipedia.org\/wiki\/Widerstandsrecht\">Artikel 20 des Grundgesetzes<\/a> sagt: &#8222;Gegen jeden, der es unternimmt, diese Ordnung zu beseitigen, haben alle Deutschen das Recht zum Widerstand, wenn andere Abhilfe nicht m\u00f6glich ist.&#8220; Wenn das Volk sich hat aber entwaffnen lassen, wie soll der Widerstand m\u00f6glich sein, wenn es in Deutschland einen &#8222;kalten Putsch&#8220; g\u00e4be, etwa das Verfassungsgericht mit einer Mehrheit im Bundestag entmachtet w\u00fcrde oder die anlasslose Total\u00fcberwachung aller B\u00fcrger jede Form der Opposition im Keim erstickte? <\/p>\n<p>Nur um mir noch mehr Freunde unter den Gutmenschen und Lichterkettentr\u00e4gern und neuen <a href=\"http:\/\/www.jesus.de\/blickpunkt\/detailansicht\/ansicht\/kretschmann-gegen-rigorose-trennung-von-staat-und-kirche192953.html\">Reaktion\u00e4ren<\/a> zu machen: Ich bin ein Verehrer des <a href=\"http:\/\/de.wikipedia.org\/wiki\/Waffenrecht_%28Vereinigte_Staaten%29\">US-amerikanischen Waffenrechts<\/a>, das im Kern nichts anderes meint, als dass das Volk <a href=\"http:\/\/de.wikipedia.org\/wiki\/2._Zusatzartikel_zur_Verfassung_der_Vereinigten_Staaten\">bewaffnete Milizen<\/a> aufstellen darf, um gegen Tyrannei zu k\u00e4mpfen. Die allgemeine Volksbewaffnung war immer eine linke Forderung und musste manchmal <a href=\"http:\/\/de.wikipedia.org\/wiki\/Berliner_Zeughaussturm\">mit Gewalt erk\u00e4mpft werden<\/a>, seit mehr als 500 Jahren, und ist nur deshalb nicht mehr im \u00f6ffentlichen Bewusstsein, weil die so genannte &#8222;Linke&#8220; hierzulande ein <a href=\"http:\/\/www.lafontaines-linke.de\/2012\/09\/ludwig-erhard-debatte-wagenknecht-herrmann-lucke-stuetzle-neues-deutschland\/\">pappnasiger<\/a> feiger Papiertiger ist, der sich, wie die Medien es schon bei Interviews vormachen, die Revolution von der herrschenden Klasse vorher &#8222;autorisieren&#8220; lie\u00dfe.<\/p>\n<p>Hermann L. Gremliza, der Herausgeber der <i>konkret<\/i>, schrieb:<br \/>\n<i>S\u00f6hne aus gutem, wenn nicht bestem Haus, ausgebildet an ber\u00fchmten Universit\u00e4ten: Ernesto Guevara, Fidel Castro, Salvador Allende, die Ortegas, Patrice Lumumba oder Nelson Mandela, die allesamt f\u00fcr den Westen als kommunistische Terroristen galten und, bis auf Mandela, noch heute gelten. Die meisten von ihnen suchten Beistand im Westen, bis sie \u2013 nicht zuletzt am Beispiel von zwei Millionen f\u00fcr Freedom and Democracy ermordeten Vietnamesen \u2013 erkennen mu\u00dften, da\u00df das Gerede von den h\u00f6chsten Werten eben genau das war: Gerede summa cum laude; und lernen, da\u00df die einzige Macht, von der sie \u2013 aus welchen Gr\u00fcnden auch immer \u2013 Schutz und Hilfe erwarten konnten, das Reich des B\u00f6sen war: der Realsozialismus.<\/i><\/p>\n<p>Und in einem <a href=\"http:\/\/www.trend.infopartisan.net\/trd0299\/t120299.html\">Gespr\u00e4ch<\/a> mit Ignaz Bubis:<br \/>\n<i>[Gremliza] Vor vier Jahren haben Sie mir noch gesagt: \u00bbEs gibt f\u00fcr mich keinen Grund, kein Deutscher sein zu wollen. Ich habe ein neues Deutschland erlebt, ein demokratisches Deutschland. Wir sind die deutschen Patrioten, wir, das andere Deutschland, die Mehrheit.\u00ab Erinnern Sie sich?<\/i><br \/>\n[Bubis] Ja. Ich halte die Mehrheit f\u00fcr demokratisch, nach wie vor. Besonders die zwei Generationen in der Demokratie Geborene, aber nicht nur diese. Ich habe auch keine Probleme mit Patriotismus, ich habe keine Probleme mit einem Nationalgef\u00fchl. Nur es darf nicht ins V\u00f6lkische, ins Nationalistische \u00fcbergehen.<br \/>\n<i>[Gremliza] Es gibt kein deutsches Nationalgef\u00fchl ohne Antisemitismus und Rassismus.<\/i><\/p>\n<p>So viel zur Demokratie und den Wahlen, die wichtig und unumg\u00e4nglich sind, auch als Schule f\u00fcr die Nachgeborenen, zu lernen, wie man Mehrheiten schafft oder warum nicht, aber die nie die Macht- oder die Systemfrage stellen werden, jedenfalls nicht in Deutschland. <\/p>\n<p>Wir waren bei der Frage, wen ich w\u00e4hlen soll im September. Die Piraten stehen mir am n\u00e4chsten, die einzige Partei, die Freiheit \u00fcber Sicherheit stellt, die die Trennung von Staat und Kirche wirklich fordert und deren drogenpolitische Thesen vern\u00fcnftig sind. Die Piraten haben sich aber zur Harmlosigkeit verdammt, solange dort die Anh\u00e4nger der Glaubensgemeinschaft Freier Markt(TM) frei herumlaufen d\u00fcrfen und mit ihren vulg\u00e4r\u00f6konomischen Fetischismen den Leuten die K\u00f6pfe verkleistern.  <\/p>\n<p>Die Partei &#8222;Die Linke&#8220; ist aus denselben Gr\u00fcnden harmlos. <a href=\"http:\/\/www.n24.de\/n24\/Nachrichten\/Politik\/d\/2997614\/lafontaine-will-den-euro-abschaffen.html\">Lafontaine<\/a> hat offenbar noch nie eine Zeile von Karl Marx gelesen, sondern wettert stattdessen gegen das &#8222;raffende Kapital&#8220;, das er &#8222;Finanzkapital&#8220; nennt; seine Lebensabschnittsgef\u00e4hrtin verehrt Ludwig Erhardt, der es immerhin geschafft hat, die affirmative Neusprech-Sprachregelung &#8222;freie soziale Marktwirtschaft&#8220; anstatt &#8222;Kapitalismus&#8220; in alle deutschen K\u00f6pfe zu h\u00e4mmern. Und die soll ich w\u00e4hlen? &#8222;Wie viel muss man eigentlich essen, um angemessen kotzen zu k\u00f6nnen?&#8220; (Urban Priol)<\/p>\n<p>Bliebe noch <a href=\"http:\/\/www.die-partei.de\/\">Die Partei<\/a>. Ihr Motto &#8222;Inhalte \u00fcberwinden&#8220; ist treffend, obwohl ich vermute, dass der Deutsche Journalistenverband die Urheberrechte beanspruchen k\u00f6nnte. Ich muss aber warnen: Meine Geduld, mich mit ignoranten Idioten herumzuplagen, ist, je \u00e4lter ich werde, immer begrenzter &#8211; das habe ich auch im <a href=\"http:\/\/www.djv-berlin.de\/fachausschuesse\/online\/\">DJV Berlin<\/a> gerade deutlich gemacht. Falls ich &#8222;Die Partei&#8220; also w\u00e4hlen soll, verlange ich, dass die meine Stimme vorher kaufen. Angebote nehme ich (nur) per verschl\u00fcsselter E-Mail gern entgegen. <\/p>\n<div class=\"pdfprnt-buttons pdfprnt-buttons-post pdfprnt-bottom-right\"><a href=\"https:\/\/www.burks.de\/burksblog\/wp-json\/wp\/v2\/posts\/18949?print=pdf\" class=\"pdfprnt-button pdfprnt-button-pdf\" target=\"_blank\" ><img decoding=\"async\" src=\"https:\/\/www.burks.de\/burksblog\/wp-content\/plugins\/pdf-print\/images\/pdf.png\" alt=\"image_pdf\" title=\"PDF anzeigen\" \/><\/a><a href=\"https:\/\/www.burks.de\/burksblog\/wp-json\/wp\/v2\/posts\/18949?print=print\" class=\"pdfprnt-button pdfprnt-button-print\" target=\"_blank\" ><img decoding=\"async\" src=\"https:\/\/www.burks.de\/burksblog\/wp-content\/plugins\/pdf-print\/images\/print.png\" alt=\"image_print\" title=\"Inhalt drucken\" \/><\/a><\/div><div class=\"twoclick_social_bookmarks_post_18949 social_share_privacy clearfix 1.6.4 locale-de_DE sprite-de_DE\"><\/div><div class=\"twoclick-js\"><script type=\"text\/javascript\">\/* <![CDATA[ *\/\njQuery(document).ready(function($){if($('.twoclick_social_bookmarks_post_18949')){$('.twoclick_social_bookmarks_post_18949').socialSharePrivacy({\"services\":{\"facebook\":{\"status\":\"on\",\"txt_info\":\"2 Klicks f\\u00fcr mehr Datenschutz: Erst wenn Sie hier klicken, wird der Button aktiv und Sie k\\u00f6nnen Ihre Empfehlung an Facebook senden. Schon beim Aktivieren werden Daten an Dritte \\u00fcbertragen - siehe <em>i<\\\/em>.\",\"perma_option\":\"off\",\"action\":\"recommend\",\"language\":\"de_DE\"},\"twitter\":{\"reply_to\":\"\",\"tweet_text\":\"%20Da%20steh%E2%80%98%20ich%20nun%2C%20ich%20armer%20Tor%20%C2%BB%20Burks%27%20Blog%20-%20in%20dubio%20pro%20...\",\"status\":\"on\",\"txt_info\":\"2 Klicks f\\u00fcr mehr Datenschutz: Erst wenn Sie hier klicken, wird der Button aktiv und Sie k\\u00f6nnen Ihre Empfehlung an Twitter senden. Schon beim Aktivieren werden Daten an Dritte \\u00fcbertragen - siehe <em>i<\\\/em>.\",\"perma_option\":\"off\",\"language\":\"de\",\"referrer_track\":\"\"}},\"txt_help\":\"Wenn Sie diese Felder durch einen Klick aktivieren, werden Informationen an Facebook, Twitter, Flattr, Xing, t3n, LinkedIn, Pinterest oder Google eventuell ins Ausland \\u00fcbertragen und unter Umst\\u00e4nden auch dort gespeichert. N\\u00e4heres erfahren Sie durch einen Klick auf das <em>i<\\\/em>.\",\"settings_perma\":\"Dauerhaft aktivieren und Daten\\u00fcber-tragung zustimmen:\",\"info_link\":\"http:\\\/\\\/www.heise.de\\\/ct\\\/artikel\\\/2-Klicks-fuer-mehr-Datenschutz-1333879.html\",\"uri\":\"https:\\\/\\\/www.burks.de\\\/burksblog\\\/2013\\\/06\\\/26\\\/da-steh-ich-nun-ich-armer-tor\",\"post_id\":18949,\"post_title_referrer_track\":\"Da+steh%26%238216%3B+ich+nun%2C+ich+armer+Tor\",\"display_infobox\":\"on\"});}});\n\/* ]]> *\/<\/script><\/div>","protected":false},"excerpt":{"rendered":"<p>Da steh&#8216; ich nun, ich armer Tor, und bin so klug als wie zuvor, und weil das Zitat aus dem &#8222;Faust&#8220; stammt, balle ich dieselbe noch in der Tasche. Zum ersten Mal wei\u00df ich nicht, welche Partei ich bei der Bundestagswahl w\u00e4hlen soll. Es kommen eh nur die Piraten oder die &#8222;Linke&#8220; oder etwas Absurdes [&hellip;]<\/p>\n","protected":false},"author":1,"featured_media":0,"comment_status":"open","ping_status":"open","sticky":false,"template":"","format":"standard","meta":{"footnotes":""},"categories":[15],"tags":[],"class_list":["post-18949","post","type-post","status-publish","format-standard","hentry","category-politics"],"_links":{"self":[{"href":"https:\/\/www.burks.de\/burksblog\/wp-json\/wp\/v2\/posts\/18949","targetHints":{"allow":["GET"]}}],"collection":[{"href":"https:\/\/www.burks.de\/burksblog\/wp-json\/wp\/v2\/posts"}],"about":[{"href":"https:\/\/www.burks.de\/burksblog\/wp-json\/wp\/v2\/types\/post"}],"author":[{"embeddable":true,"href":"https:\/\/www.burks.de\/burksblog\/wp-json\/wp\/v2\/users\/1"}],"replies":[{"embeddable":true,"href":"https:\/\/www.burks.de\/burksblog\/wp-json\/wp\/v2\/comments?post=18949"}],"version-history":[{"count":19,"href":"https:\/\/www.burks.de\/burksblog\/wp-json\/wp\/v2\/posts\/18949\/revisions"}],"predecessor-version":[{"id":18972,"href":"https:\/\/www.burks.de\/burksblog\/wp-json\/wp\/v2\/posts\/18949\/revisions\/18972"}],"wp:attachment":[{"href":"https:\/\/www.burks.de\/burksblog\/wp-json\/wp\/v2\/media?parent=18949"}],"wp:term":[{"taxonomy":"category","embeddable":true,"href":"https:\/\/www.burks.de\/burksblog\/wp-json\/wp\/v2\/categories?post=18949"},{"taxonomy":"post_tag","embeddable":true,"href":"https:\/\/www.burks.de\/burksblog\/wp-json\/wp\/v2\/tags?post=18949"}],"curies":[{"name":"wp","href":"https:\/\/api.w.org\/{rel}","templated":true}]}}