{"id":17709,"date":"2013-03-09T11:49:35","date_gmt":"2013-03-09T10:49:35","guid":{"rendered":"http:\/\/www.burks.de\/burksblog\/?p=17709"},"modified":"2016-05-19T15:08:24","modified_gmt":"2016-05-19T13:08:24","slug":"intellektuell-begabte-menschen-in-guter-gesellschaft","status":"publish","type":"post","link":"https:\/\/www.burks.de\/burksblog\/2013\/03\/09\/intellektuell-begabte-menschen-in-guter-gesellschaft","title":{"rendered":"Intellektuell begabte Menschen in guter Gesellschaft"},"content":{"rendered":"<p><a href=\"http:\/\/www.youtube.com\/watch?v=jmqXCWJRY60\"><img decoding=\"async\" src=\"http:\/\/www.burks.de\/burksblog\/pix\/2013\/03\/070313_1.jpg\" alt=\"Ulli H. Boldt\" border=\"0\" hspace=\"0\" vspace=\"0\" \/><\/a><\/p>\n<p align=left>Ulli Herbert <a href=\"http:\/\/inrur.net\/wiki\/Ulli_Boldt#Mitglied_der_Nationalistischen_Front\">Boldt<\/a> war Anfang der neunziger Jahre einer der umtriebigsten Neonazis Deutschlands, ein Aktivist der 1992 verbotenen <a href=\"http:\/\/de.wikipedia.org\/wiki\/Nationalistische_Front!\">Nationalistischen Front<\/a>, des ehemaligen &#8222;Nationalen Infotelefon-Berlin&#8220;, der Nazi-W\u00e4hlergemeinschaft &#8222;Die Nationalen e.V.&#8220;, des rechtsextremen <a href=\"http:\/\/www.hagalil.com\/01\/de\/Antisemitismus.php?itemid=694\">Studienzentrum Weikersheim<\/a>&#8220; des furchtbaren NS-Marinerichters Filbinger. Boldt war zudem Vorsitzender der <a href=\"http:\/\/de.wikipedia.org\/wiki\/Berliner_Kulturgemeinschaft_Preu%C3%9Fen\">Berliner Kulturgemeinschaft Preu\u00dfen<\/a> und organisierte <a href=\"http:\/\/de.wikipedia.org\/wiki\/Rudolf-He%C3%9F-Gedenkmarsch\">Gedenkm\u00e4rsche f\u00fcr Rudolf He\u00df<\/a>.<\/p>\n<p>Heute arbeitet er Rechtsanwalt in Berlin-Wilmersdorf und ist eingebunden  im <a href=\"http:\/\/club.berlin-maximal.de\/\">Berliner Maximal Club<\/a>, dem &#8222;Business Netzwerk des Tagesspiegels&#8220;,  einem &#8222;einzigartiges Kommunikationsforum f\u00fcr Berliner Unternehmer&#8220;. Die &#8222;Medienberaterin&#8220; Heike Harrandt stellt Boldt in einem <a href=\"http:\/\/www.youtube.com\/watch?v=jmqXCWJRY60\">Youtube-Video<\/a> (vgl. Screenshot oben) pers\u00f6nlich vor. Beim <i>Tagesspiegel<\/i> wei\u00df man nichts von Boldts Biografie. Harrandt sagte auf Anfrage, sie habe im  Internet nichts \u00fcber ihn gefunden.<\/p>\n<p>Ist Ulli H. Boldt ein Nazi-Aussteiger, der sich vom Saulus zum Paulus wandelte, die &#8222;Jugends\u00fcnden&#8220; bereut, sie reflektiert und aufgearbeitet hat? Das darf bezweifelt werden: Boldt fiel seit seinem angeblichen Ausstieg eher dadurch auf, dass er vergeblich versuchte, seine Vergangenheit zu verschweigen. Der Landesvorstand der Jungen Union schloss Boldt, der im Verband K\u00f6nigswusterhausen Unterschlupf gesucht hatte, wegen seiner Vergangenheit aus (<a href=\"http:\/\/www.heise.de\/tp\/artikel\/19\/19696\/1.html\">Telepolis<\/a>, 17.03.2005, <a href=\"http:\/\/www.focus.de\/politik\/deutschland\/medien-nazijaeger-im-pech_aid_165731.html\">Focus<\/a> 44\/1997).<\/p>\n<p><a href=\"http:\/\/www.inforiot.de\/artikel\/wiedersehen-brandenburg\"><img decoding=\"async\" src=\"http:\/\/www.burks.de\/burksblog\/pix\/2013\/03\/090313_3.jpg\" alt=\"Ulli H. Boldt\" border=\"1\" hspace=\"0\" vspace=\"0\" \/><\/a><\/p>\n<p align=left>Wenig sp\u00e4ter tauchte Boldt dann bei der PDS auf. Auch hier verschwieg er seine dunkelbraune Biografie. In letzer Minute strich die PDS-Ortsgruppe ihn von der offenen Kandidatenliste zur Gemeinderatswahl. (<a href=\"http:\/\/www.klick-nach-rechts.de\/ticker\/2003\/09\/boldt.htm\">Neues Deutschland<\/a> und <a href=\"http:\/\/web.archive.org\/web\/20050107050028\/http:\/\/www.berlinonline.de\/berliner-zeitung\/archiv\/.bin\/dump.fcgi\/2003\/0919\/lokales\/0062\/\">Berliner Zeitung<\/a> 19.09.2003, <a href=\"http:\/\/www.taz.de\/1\/archiv\/archiv\/?dig=2003\/09\/20\/a0112\">taz<\/a>, 20.09.2003). Die <i>taz<\/i> schrieb:<br \/>\n<i>F\u00fcr die PDS-Kreisvorsitzende Karin Weber war Boldt lediglich ein &#8222;intellektuell begabter Mensch&#8220;, der sich in der Feuerwehr und im Fu\u00dfballverein engagiert. Erst durch eine lokale Antifa-Gruppe erfuhren die Genossen von der braunen Vergangenheit ihres Kandidaten.<\/i><\/p>\n<p>Man muss nat\u00fcrlich jedem Menschen das Recht zugestehen, seine Meinung zu \u00e4ndern. Auch steht niemand in der Pflicht, ein \u00f6ffentliches Gewese darum zu machen oder sich als Berufs-Aussteiger von Lobby-Gruppen wie &#8222;Exit&#8220; mit zweifelhaftem p\u00e4dagogischen Nutzen herumreichen zu lassen. Man kann aber eine rassistische und antisemitische Ideologie nicht einfach ablegen wie eine gebrauchte Unterhose und so tun, als w\u00e4re da nichts gewesen oder von anderen verlangen, einfach zur Tagesordnung \u00fcberzugehen. Das ist unglaubw\u00fcrdig. <\/p>\n<p>Im Falle Boldts kommt noch hinzu, dass in seinem jetzigen Wohnort Halbe Ger\u00fcchte kursieren, dass er auch nach seinem &#8222;Ausstieg&#8220; Kontakte in die rechte Szene pflegte, wenn auch, wie <a href=\"http:\/\/gemeinde-halbe.de\/gemeindevertretung\/gemeinde_1.htm\">Michael Schnieke<\/a>, stellvertretender B\u00fcrgermeister von Halbe sagt, vielleicht nur auf beruflicher Basis. Die Eltern seien jedoch in heller Aufregung gewesen, als man sich im Ort erz\u00e4hlte, Boldt w\u00fcrde Jugendliche um sich versammeln. Beweisen l\u00e4sst sich das nicht &#8211; die Ger\u00fcchte zeigen aber, dass man in Halbe seit der merkw\u00fcrdigen Kandidatenk\u00fcr sensibilisiert ist.<\/p>\n<p align=left><a href=\"http:\/\/web.archive.org\/web\/20050107050028\/http:\/\/www.berlinonline.de\/berliner-zeitung\/archiv\/.bin\/dump.fcgi\/2003\/0919\/lokales\/0062\/\"><img decoding=\"async\" src=\"http:\/\/www.burks.de\/burksblog\/pix\/2013\/03\/090313_2.jpg\" alt=\"Ulli H. Boldt\" border=\"1\" hspace=\"0\" vspace=\"0\" \/><\/a><\/p>\n<p align=left>Ich h\u00e4tte Boldt gern gefragt, was er zu seinem &#8222;Ausstieg&#8220; zu sagen hat. Ein Kontakt kam aber nicht zustande, trotz mehrmaliger Anrufe in seiner Kanzlei, trotz E-Mail und <a href=\"http:\/\/tinyurl.com\/cck6mt2\">SMS<\/a>. Das mag seine Gr\u00fcnde in der Vergangenheit haben: Wir kennen einander. <\/p>\n<p>Im  April 1996 (Quelle: CL-Netz, <a href=\"http:\/\/tinyurl.com\/blfpz94\">cl.antifa.diskussion<\/a>, 27.3.-21.04.1996) war ich in der Krawall-Talkshow &#8222;Vera am Mittag&#8220;, zusammen mit Boldt und anderen G\u00e4sten. Die &#8222;Junge Welt&#8220; schrieb am 03.04.1996 unter dem Titel &#8222;Talkshow auf SAT1 bietet Neonazis Forum&#8220;:<br \/>\n<i>In dem heute von SATI ausgestrahlten Talkmagazin &#8222;Vera am Mittag&#8220; ist zum Thema &#8222;Neonazis &#8211; Der Terror von Rechts&#8220; neben der Hamburger<br \/>\nJournalistin Peggy Parna\u00df, dem Buchautor Burkhard Schr\u00f6der und einer Mitinitiatorin einer antifaschistischen Initiative auch der Neonazi Uli Boldt geladen. Boldt geh\u00f6rte zur inzwischen verbotenen &#8222;Nationalistischen Front&#8220; (NF), ist Vorsitzender der &#8222;Deutschen Kulturgemeinschaft&#8220; und Betreiber des &#8222;Berliner Nationalen Infotelefon&#8220;. Ebenfalls eingeladen, um sogenanntes &#8222;Insiderwissen&#8220; \u00fcber die Neonaziszene zu vermitteln, wurden zwei angebliche Aussteiger, Peter Schulz, langj\u00e4hriges Mitglied der NF aus Bad Oeynhausen, und Oliver Kulik, ehemals wichtigster Nazikader aus Berlin. Letzterer hatte im Fr\u00fchjahr 1995 vergebens versucht, der JW einen Text \u00fcber seinen fingierten Ausstieg zu verkaufen.<\/i><\/p>\n<p>Heute hat der Ex-Nazi Boldt offenbar im <i>Berliner Maximal Club<\/i> ein anderes Forum gefunden &#8211; die Mitglieder k\u00f6nnen &#8222;in direkten Kontakt treten mit wichtigen Entscheidern aus Politik und Wirtschaft&#8220;. Das kann man auch verlangen, wenn der Jahresbeitrag 1500 Euro betr\u00e4gt. &#8222;Gute Gesellschaft&#8220; ist eben nicht umsonst zu haben.<\/p>\n<div class=\"pdfprnt-buttons pdfprnt-buttons-post pdfprnt-bottom-right\"><a href=\"https:\/\/www.burks.de\/burksblog\/wp-json\/wp\/v2\/posts\/17709?print=pdf\" class=\"pdfprnt-button pdfprnt-button-pdf\" target=\"_blank\" ><img decoding=\"async\" src=\"https:\/\/www.burks.de\/burksblog\/wp-content\/plugins\/pdf-print\/images\/pdf.png\" alt=\"image_pdf\" title=\"PDF anzeigen\" \/><\/a><a href=\"https:\/\/www.burks.de\/burksblog\/wp-json\/wp\/v2\/posts\/17709?print=print\" class=\"pdfprnt-button pdfprnt-button-print\" target=\"_blank\" ><img decoding=\"async\" src=\"https:\/\/www.burks.de\/burksblog\/wp-content\/plugins\/pdf-print\/images\/print.png\" alt=\"image_print\" title=\"Inhalt drucken\" \/><\/a><\/div><div class=\"twoclick_social_bookmarks_post_17709 social_share_privacy clearfix 1.6.4 locale-de_DE sprite-de_DE\"><\/div><div class=\"twoclick-js\"><script type=\"text\/javascript\">\/* <![CDATA[ *\/\njQuery(document).ready(function($){if($('.twoclick_social_bookmarks_post_17709')){$('.twoclick_social_bookmarks_post_17709').socialSharePrivacy({\"services\":{\"facebook\":{\"status\":\"on\",\"txt_info\":\"2 Klicks f\\u00fcr mehr Datenschutz: Erst wenn Sie hier klicken, wird der Button aktiv und Sie k\\u00f6nnen Ihre Empfehlung an Facebook senden. Schon beim Aktivieren werden Daten an Dritte \\u00fcbertragen - siehe <em>i<\\\/em>.\",\"perma_option\":\"off\",\"action\":\"recommend\",\"language\":\"de_DE\"},\"twitter\":{\"reply_to\":\"\",\"tweet_text\":\"%20Intellektuell%20begabte%20Menschen%20in%20guter%20Gesellschaft%20%C2%BB%20Burks%27%20Blog%20-%20in%20dubio%20...\",\"status\":\"on\",\"txt_info\":\"2 Klicks f\\u00fcr mehr Datenschutz: Erst wenn Sie hier klicken, wird der Button aktiv und Sie k\\u00f6nnen Ihre Empfehlung an Twitter senden. Schon beim Aktivieren werden Daten an Dritte \\u00fcbertragen - siehe <em>i<\\\/em>.\",\"perma_option\":\"off\",\"language\":\"de\",\"referrer_track\":\"\"}},\"txt_help\":\"Wenn Sie diese Felder durch einen Klick aktivieren, werden Informationen an Facebook, Twitter, Flattr, Xing, t3n, LinkedIn, Pinterest oder Google eventuell ins Ausland \\u00fcbertragen und unter Umst\\u00e4nden auch dort gespeichert. N\\u00e4heres erfahren Sie durch einen Klick auf das <em>i<\\\/em>.\",\"settings_perma\":\"Dauerhaft aktivieren und Daten\\u00fcber-tragung zustimmen:\",\"info_link\":\"http:\\\/\\\/www.heise.de\\\/ct\\\/artikel\\\/2-Klicks-fuer-mehr-Datenschutz-1333879.html\",\"uri\":\"https:\\\/\\\/www.burks.de\\\/burksblog\\\/2013\\\/03\\\/09\\\/intellektuell-begabte-menschen-in-guter-gesellschaft\",\"post_id\":17709,\"post_title_referrer_track\":\"Intellektuell+begabte+Menschen+in+guter+Gesellschaft\",\"display_infobox\":\"on\"});}});\n\/* ]]> *\/<\/script><\/div>","protected":false},"excerpt":{"rendered":"<p>Ulli Herbert Boldt war Anfang der neunziger Jahre einer der umtriebigsten Neonazis Deutschlands, ein Aktivist der 1992 verbotenen Nationalistischen Front, des ehemaligen &#8222;Nationalen Infotelefon-Berlin&#8220;, der Nazi-W\u00e4hlergemeinschaft &#8222;Die Nationalen e.V.&#8220;, des rechtsextremen Studienzentrum Weikersheim&#8220; des furchtbaren NS-Marinerichters Filbinger. Boldt war zudem Vorsitzender der Berliner Kulturgemeinschaft Preu\u00dfen und organisierte Gedenkm\u00e4rsche f\u00fcr Rudolf He\u00df. Heute arbeitet er Rechtsanwalt [&hellip;]<\/p>\n","protected":false},"author":1,"featured_media":0,"comment_status":"open","ping_status":"open","sticky":false,"template":"","format":"standard","meta":{"footnotes":""},"categories":[15],"tags":[],"class_list":["post-17709","post","type-post","status-publish","format-standard","hentry","category-politics"],"_links":{"self":[{"href":"https:\/\/www.burks.de\/burksblog\/wp-json\/wp\/v2\/posts\/17709","targetHints":{"allow":["GET"]}}],"collection":[{"href":"https:\/\/www.burks.de\/burksblog\/wp-json\/wp\/v2\/posts"}],"about":[{"href":"https:\/\/www.burks.de\/burksblog\/wp-json\/wp\/v2\/types\/post"}],"author":[{"embeddable":true,"href":"https:\/\/www.burks.de\/burksblog\/wp-json\/wp\/v2\/users\/1"}],"replies":[{"embeddable":true,"href":"https:\/\/www.burks.de\/burksblog\/wp-json\/wp\/v2\/comments?post=17709"}],"version-history":[{"count":28,"href":"https:\/\/www.burks.de\/burksblog\/wp-json\/wp\/v2\/posts\/17709\/revisions"}],"predecessor-version":[{"id":29621,"href":"https:\/\/www.burks.de\/burksblog\/wp-json\/wp\/v2\/posts\/17709\/revisions\/29621"}],"wp:attachment":[{"href":"https:\/\/www.burks.de\/burksblog\/wp-json\/wp\/v2\/media?parent=17709"}],"wp:term":[{"taxonomy":"category","embeddable":true,"href":"https:\/\/www.burks.de\/burksblog\/wp-json\/wp\/v2\/categories?post=17709"},{"taxonomy":"post_tag","embeddable":true,"href":"https:\/\/www.burks.de\/burksblog\/wp-json\/wp\/v2\/tags?post=17709"}],"curies":[{"name":"wp","href":"https:\/\/api.w.org\/{rel}","templated":true}]}}