{"id":17641,"date":"2013-03-02T12:47:10","date_gmt":"2013-03-02T11:47:10","guid":{"rendered":"http:\/\/www.burks.de\/burksblog\/?p=17641"},"modified":"2013-03-02T12:50:49","modified_gmt":"2013-03-02T11:50:49","slug":"das-recht-waffen-tragen-zu-durfen-ist-ein-demokratisches-anliegen","status":"publish","type":"post","link":"https:\/\/www.burks.de\/burksblog\/2013\/03\/02\/das-recht-waffen-tragen-zu-durfen-ist-ein-demokratisches-anliegen","title":{"rendered":"Das Recht, Waffen tragen zu d\u00fcrfen, ist ein demokratisches Anliegen"},"content":{"rendered":"<p>Da eine wohl organisierte Miliz f\u00fcr die Sicherheit eines freien Staates notwendig ist, darf das Recht des Volkes, Waffen zu besitzen und zu tragen, nicht beeintr\u00e4chtigt werden. (<a href=\"http:\/\/de.wikipedia.org\/wiki\/2._Zusatzartikel_zur_Verfassung_der_Vereinigten_Staaten\">2. Zusatzartikel<\/a> der Verfassung der USA)<\/p>\n<p>Guckst du auch <a href=\"http:\/\/www.20min.ch\/news\/dossier\/hoengg\/story\/16059512\">hier<\/a>:<br \/>\n<i>Schon fr\u00fcher hatte der Zugang zu Waffen gesellschaftlichen Status begr\u00fcndet. Sklaven und Unfreien war die Waffe schon im Altertum verboten gewesen, und im Ancien R\u00e9gime hatte der Adel die Waffenf\u00e4higkeit monopolisiert. Somit war die Forderung, das Recht des Waffentragens auf alle auszudehnen, ein demokratisches Anliegen. Die Parole der Demokratie lautete &#8218;allgemeine Volksbewaffnung &#8211; jeder sollte Waffen tragen d\u00fcrfen.<\/i><\/p>\n<p>Was wohl unsere so genannte &#8222;Linke&#8220; in Deutschland dazu sagen w\u00fcrde? Die <a href=\"http:\/\/www.dailynet.de\/TvMedien\/129343.php\">konkret<\/a> 2\/2013 hat einen sehr interessanten Artikel dazu &#8222;Gunfight: Amerikas Waffenrecht&#8220; &#8211; einer der wenigen Artikel in Medien der letzten Jahre, der vermochte meine Meinung zu \u00e4ndern.<\/p>\n<div class=\"pdfprnt-buttons pdfprnt-buttons-post pdfprnt-bottom-right\"><a href=\"https:\/\/www.burks.de\/burksblog\/wp-json\/wp\/v2\/posts\/17641?print=pdf\" class=\"pdfprnt-button pdfprnt-button-pdf\" target=\"_blank\" ><img decoding=\"async\" src=\"https:\/\/www.burks.de\/burksblog\/wp-content\/plugins\/pdf-print\/images\/pdf.png\" alt=\"image_pdf\" title=\"PDF anzeigen\" \/><\/a><a href=\"https:\/\/www.burks.de\/burksblog\/wp-json\/wp\/v2\/posts\/17641?print=print\" class=\"pdfprnt-button pdfprnt-button-print\" target=\"_blank\" ><img decoding=\"async\" src=\"https:\/\/www.burks.de\/burksblog\/wp-content\/plugins\/pdf-print\/images\/print.png\" alt=\"image_print\" title=\"Inhalt drucken\" \/><\/a><\/div><div class=\"twoclick_social_bookmarks_post_17641 social_share_privacy clearfix 1.6.4 locale-de_DE sprite-de_DE\"><\/div><div class=\"twoclick-js\"><script type=\"text\/javascript\">\/* <![CDATA[ *\/\njQuery(document).ready(function($){if($('.twoclick_social_bookmarks_post_17641')){$('.twoclick_social_bookmarks_post_17641').socialSharePrivacy({\"services\":{\"facebook\":{\"status\":\"on\",\"txt_info\":\"2 Klicks f\\u00fcr mehr Datenschutz: Erst wenn Sie hier klicken, wird der Button aktiv und Sie k\\u00f6nnen Ihre Empfehlung an Facebook senden. Schon beim Aktivieren werden Daten an Dritte \\u00fcbertragen - siehe <em>i<\\\/em>.\",\"perma_option\":\"off\",\"action\":\"recommend\",\"language\":\"de_DE\"},\"twitter\":{\"reply_to\":\"\",\"tweet_text\":\"%20Das%20Recht%2C%20Waffen%20tragen%20zu%20d%C3%BCrfen%2C%20ist%20ein%20demokratisches%20Anliegen%20%C2%BB%20...\",\"status\":\"on\",\"txt_info\":\"2 Klicks f\\u00fcr mehr Datenschutz: Erst wenn Sie hier klicken, wird der Button aktiv und Sie k\\u00f6nnen Ihre Empfehlung an Twitter senden. Schon beim Aktivieren werden Daten an Dritte \\u00fcbertragen - siehe <em>i<\\\/em>.\",\"perma_option\":\"off\",\"language\":\"de\",\"referrer_track\":\"\"}},\"txt_help\":\"Wenn Sie diese Felder durch einen Klick aktivieren, werden Informationen an Facebook, Twitter, Flattr, Xing, t3n, LinkedIn, Pinterest oder Google eventuell ins Ausland \\u00fcbertragen und unter Umst\\u00e4nden auch dort gespeichert. N\\u00e4heres erfahren Sie durch einen Klick auf das <em>i<\\\/em>.\",\"settings_perma\":\"Dauerhaft aktivieren und Daten\\u00fcber-tragung zustimmen:\",\"info_link\":\"http:\\\/\\\/www.heise.de\\\/ct\\\/artikel\\\/2-Klicks-fuer-mehr-Datenschutz-1333879.html\",\"uri\":\"https:\\\/\\\/www.burks.de\\\/burksblog\\\/2013\\\/03\\\/02\\\/das-recht-waffen-tragen-zu-durfen-ist-ein-demokratisches-anliegen\",\"post_id\":17641,\"post_title_referrer_track\":\"Das+Recht%2C+Waffen+tragen+zu+d%C3%BCrfen%2C+ist+ein+demokratisches+Anliegen\",\"display_infobox\":\"on\"});}});\n\/* ]]> *\/<\/script><\/div>","protected":false},"excerpt":{"rendered":"<p>Da eine wohl organisierte Miliz f\u00fcr die Sicherheit eines freien Staates notwendig ist, darf das Recht des Volkes, Waffen zu besitzen und zu tragen, nicht beeintr\u00e4chtigt werden. (2. Zusatzartikel der Verfassung der USA) Guckst du auch hier: Schon fr\u00fcher hatte der Zugang zu Waffen gesellschaftlichen Status begr\u00fcndet. Sklaven und Unfreien war die Waffe schon im [&hellip;]<\/p>\n","protected":false},"author":1,"featured_media":0,"comment_status":"open","ping_status":"open","sticky":false,"template":"","format":"standard","meta":{"footnotes":""},"categories":[15,292],"tags":[],"class_list":["post-17641","post","type-post","status-publish","format-standard","hentry","category-politics","category-zitate-die-man-sich-merken-sollte"],"_links":{"self":[{"href":"https:\/\/www.burks.de\/burksblog\/wp-json\/wp\/v2\/posts\/17641","targetHints":{"allow":["GET"]}}],"collection":[{"href":"https:\/\/www.burks.de\/burksblog\/wp-json\/wp\/v2\/posts"}],"about":[{"href":"https:\/\/www.burks.de\/burksblog\/wp-json\/wp\/v2\/types\/post"}],"author":[{"embeddable":true,"href":"https:\/\/www.burks.de\/burksblog\/wp-json\/wp\/v2\/users\/1"}],"replies":[{"embeddable":true,"href":"https:\/\/www.burks.de\/burksblog\/wp-json\/wp\/v2\/comments?post=17641"}],"version-history":[{"count":4,"href":"https:\/\/www.burks.de\/burksblog\/wp-json\/wp\/v2\/posts\/17641\/revisions"}],"predecessor-version":[{"id":17645,"href":"https:\/\/www.burks.de\/burksblog\/wp-json\/wp\/v2\/posts\/17641\/revisions\/17645"}],"wp:attachment":[{"href":"https:\/\/www.burks.de\/burksblog\/wp-json\/wp\/v2\/media?parent=17641"}],"wp:term":[{"taxonomy":"category","embeddable":true,"href":"https:\/\/www.burks.de\/burksblog\/wp-json\/wp\/v2\/categories?post=17641"},{"taxonomy":"post_tag","embeddable":true,"href":"https:\/\/www.burks.de\/burksblog\/wp-json\/wp\/v2\/tags?post=17641"}],"curies":[{"name":"wp","href":"https:\/\/api.w.org\/{rel}","templated":true}]}}