{"id":17185,"date":"2013-01-12T16:20:19","date_gmt":"2013-01-12T15:20:19","guid":{"rendered":"http:\/\/www.burks.de\/burksblog\/?p=17185"},"modified":"2013-01-25T11:20:37","modified_gmt":"2013-01-25T10:20:37","slug":"mali-medien-biedermeier-und-der-neo-imperialismus","status":"publish","type":"post","link":"https:\/\/www.burks.de\/burksblog\/2013\/01\/12\/mali-medien-biedermeier-und-der-neo-imperialismus","title":{"rendered":"Mali, Medien, Biedermeier und der Neo-Imperialismus [Update][II. Update] [III. Update]"},"content":{"rendered":"<p><img decoding=\"async\" src=\"http:\/\/www.burks.de\/burksblog\/pix\/2013\/01\/120113_1.jpg\" alt=\"biedermeier\" border=\"0\" hspace=\"0\" vspace=\"0\" \/><\/p>\n<p align=left><sup>Ein deutscher Journalist berichtet \u00fcber Mali.<\/sup><\/p>\n<p align=left>Ich glaube fest daran, dass wir in einer Epoche leben, die politisch und kulturell dem <a href=\"http:\/\/de.wikipedia.org\/wiki\/Biedermeier\">Biedermeier<\/a> \u00e4hnelt, ein Zeitalter der Restauration, gut beschrieben mit den Etiketten &#8222;hausbacken&#8220; und konservativ. &#8222;Als typisch gilt die Flucht ins Idyll und ins Private.&#8220; Die Partei der Gr\u00fcnen ist der politische Arm des deutschen Biedermeier.<\/p>\n<p>Die Medien sind ein Teil dieser Restauration. Ich frage mich manchmal, was in den K\u00f6pfen der Mainstream-Journaille vorgeht (ob \u00fcberhaupt etwas vorgeht), wenn nur noch das Propaganda-Neusprech der Herrschenden und deren Lobbyisten \u00fcbernommen wird, ohne auch nur eine Millisekunde die Hintergr\u00fcnde zu recherchieren. <\/p>\n<p>Aktuelles Beispiel: die Berichte \u00fcber die Intervention Frankreichs in <a href=\"http:\/\/de.wikipedia.org\/wiki\/Mali#Geschichte\">Mali<\/a>. <a href=\"http:\/\/www.zeit.de\/politik\/ausland\/2013-01\/mali-frankreich-truppen-rebellen\">Zeit online<\/a> demonstriert sozusagen das &#8222;Maximum&#8220; an Kritikf\u00e4higkeit, obwohl der Artikel noch viel weniger aussagt als Wikipedia zum Thema:<br \/>\n<i>Diese Operation werde so lange dauern wie n\u00f6tig. Er sei damit dem Hilfeersuchen des malischen Pr\u00e4sidenten Dioncounda Traor\u00e9 nachgekommen, der Frankreich um milit\u00e4rische Unterst\u00fctzung gebeten hatte. Hollande begr\u00fcndete, es gehe um die Existenz dieses &#8222;befreundeten Staates, um die Sicherheit seiner Bev\u00f6lkerung und die unserer Landsleute dort&#8220;. Mali sei einer &#8222;Agression von terroristischen Elementen aus dem Norden&#8220; des Landes ausgesetzt, deren &#8222;Brutalit\u00e4t und Fanatismus&#8220; bekannt seien.<\/i>.<\/p>\n<p>Ach?! Man vermutet irrig, ernst zu nehmende Journalisten w\u00fcrden jetzt nachpr\u00fcfen, wer welche Interessen vertritt und ob die Propaganda des franz\u00f6sischen Pr\u00e4sidenten wahr ist oder eben nur Propaganda. Aber nein, kein Wort! Das war&#8217;s schon mit der Recherche. <\/p>\n<p>Es ist noch viel schlimmer. Die deutschen Medien haben sich angew\u00f6hnt, bei ausnahmslos allen neo-imperialistischen Kriegseins\u00e4tzen von &#8222;<a href=\"http:\/\/www.zeit.de\/politik\/ausland\/2012-12\/un-friedensmission-mali-bundeswehr\">Hilfe<\/a>&#8220; oder &#8222;Hilfstruppen&#8220; zu sprechen. Das Goebbelsche Propagandaministerium ist gar nicht n\u00f6tig, die machen das freiwillig. Das Ministerium f\u00fcr Wahrheit l\u00e4sst gr\u00fc\u00dfen.<\/p>\n<p>Die USA &#8222;helfen&#8220; dem Irak, Deutschland &#8222;hilft&#8220; in Afghanistan und jetzt <a href=\"http:\/\/www.dw.de\/europa-will-mali-helfen-aber-wie\/a-16326135\">auch in Mali<\/a>, <a href=\"http:\/\/www.dailymail.co.uk\/news\/article-2228650\/Cameron-hints-arming-Syrian-rebellion-major-escalation-British-involvement-civil-war.html\">England &#8222;hilft&#8220;<\/a> Syrien, Frankreich &#8222;hilft&#8220; Lybien und Mail. Wie schon in der Vergangenheit: Die USA <a href=\"http:\/\/www.miprox.de\/USA_speziell\/US-Interventionen.html\">&#8222;helfen&#8220; weitweit<\/a>, von <a href=\"http:\/\/www.gwu.edu\/~nsarchiv\/NSAEBB\/NSAEBB8\/nsaebb8i.htm\">Chile<\/a> bis <a href=\"http:\/\/en.wikipedia.org\/wiki\/Invasion_of_Grenada\">Grenada<\/a>, damit dem Guten, Sch\u00f6nen, Wahren und den westlichen Werten zum Sieg verholfen werde &#8211; und nat\u00fcrlich ganz uneigenn\u00fctzig.<\/p>\n<p>Gehts noch? Es fehlt nur noch, dass die Bundeswehr dem Entwicklungs<b>hilfe<\/b>ministerium unterstellt wird.<\/p>\n<p>Guckst du bei <a href=\"http:\/\/de.wikipedia.org\/wiki\/Imperialismus\">Wikipedia<\/a>: &#8222;Als Imperialismus (&#8230;) bezeichnet man das Bestreben eines Staatswesens oder dessen Anf\u00fchrers, seinen Einfluss auf andere L\u00e4nder oder V\u00f6lker auszudehnen, bis hin zu deren Unterwerfung und Eingliederung in das eigene Umfeld. Dazu geh\u00f6rt eine ungleiche wirtschaftliche, kulturelle oder territoriale Beziehung aufzubauen und aufrechtzuerhalten.&#8220;<\/p>\n<p>Welches dieser Kritieren trifft <i>nicht<\/i> auf die franz\u00f6sishen Milit\u00e4rintervention in Mali zu? Geschenkt, dass es heute gegen &#8222;Islamisten&#8220; und &#8222;Terroristen&#8220; geht. Das war schon immer so. Fr\u00fcher trugen die eben andere Namen. Warum zum Teufel hat kein Journalist den Mumm, hier klare Worte zu sprechen und das Ding beim Namen zu nennen? Feige, schleimige, obrigkeitsh\u00f6rige Bande!<\/p>\n<p>Zugegeben, Mali interessiert niemanden. Arme Neger da unten. Timbuktu kennt man von <a href=\"http:\/\/karl-may-wiki.de\/index.php\/Das_Geheimnis_des_Marabut_%28GW57%29\">Karl May<\/a>, war schon zu Zeiten des <a href=\"http:\/\/www.rp-online.de\/politik\/ausland\/der-loewe-der-wueste-herrscht-in-timbuktu-1.2784994\"><del>L\u00f6wen der W\u00fcste<\/del><\/a> Marabut eine unruhige Gegend, <a href=\"http:\/\/de.wikipedia.org\/wiki\/Ansar_Dine\">was bis heute anh\u00e4lt<\/a>. Ach ja, war da nicht was <a href=\"http:\/\/de.wikipedia.org\/wiki\/Putsch_in_Mali_2012\">mit den Tuareg<\/a>?<\/p>\n<p>Ich habe mir mittlerweile angew\u00f6hnt, Themen selbst zu recherchieren, wenn es mich interessiert. Nach einer halben Stunde im Internet habe ich meistens mehr erfahren als wenn ich eine deutsche Zeitung lese.<\/p>\n<p>Vor zehn Jahren fasste <a href=\"http:\/\/news.bbc.co.uk\/2\/hi\/business\/1945588.stm\">BBC<\/a> die Lage in Mali zusammen: Das Land hat nichts zu bieten ausser <a href=\"http:\/\/de.wikipedia.org\/wiki\/Mali#Bergbau\">Gold<\/a>. Und wer sch\u00fcrft da heute? Warum sind die Franzosen so daran interessiert, dass alles so bleibt wie es ist? &#8222;Umfangreiche Prospektions- und F\u00f6rderungslizenzen an ausl\u00e4ndische Investoren, wie <a href=\"http:\/\/en.wikipedia.org\/wiki\/Randgold_Resources\">Randgold Resources<\/a>, waren f\u00fcr die gro\u00dfe Steigerung der F\u00f6rdermengen verantwortlich&#8220;. &#8222;Headquartered in Jersey, Channel Islands.&#8220; Nun kommen wir der Sache schon n\u00e4her.<\/p>\n<p><i>The company\u2019s Tongon mine in C\u00f4te d\u2019Ivoire poured its first gold in November 2010. Randgold\u2019s latest mine, Gounkoto, south of Loulo, delivered first ore to the Loulo plant in June 2011. Randgold is fast-tracking Kibali in the Democratic Republic of Congo, where construction is underway. The first full year of production is planned for 2014. In 2009 the company acquired a 45% interest in the Kibali project, which stands at 10 million ounces of mineral reserves and is one of the largest undeveloped gold deposits in Africa. Randgold also has a major project at Massawa in Senegal and an extensive portfolio of organic growth prospects, supported by intensive exploration programmes in Burkina Faso, C\u00f4te d\u2019Ivoire, DRC, Mali and Senegal.<\/i><\/p>\n<p>Ein weiterer Minen-Konzern, der in Mali operiert, ist <a href=\"http:\/\/www.avnelgold.com\/\">Avnel Gold<\/a>. Die sitzen &#8211; \u00dcberraschung! &#8211; auch auf <a href=\"http:\/\/whois.domaintools.com\/avnelgold.com\">einer Kanalinsel<\/a>. &#8222;Subsidiaries of the Company maintain corporate offices at London, England and Bamako, Mali.&#8220; Auf der Website kann man mehr lesen:<br \/>\n<i>Since 1996, foreign mining companies have increased gold mining operations in the country following the discoveries of large gold deposits such as Sadiola Hill, Yatela, Morila, and Mali has become a major Sub-Saharan gold exporter with approximately $672 million in gold exports in 2003, ranking second after cotton exports. Deposits of copper, tin, bauxite, iron ore, manganese, uranium and diamonds can be found in the country but only gold and phosphate are actually mined. Total gold production has significantly increased on an annual basis and in 2002 amounted to 55.6 tonnes. Mali is the third largest gold producing country in Africa, behind South Africa and Ghana.<\/i><\/p>\n<p>H\u00fcbsches Detail am Rande: <i>The Kalana Mine and Permit was historically owned by a Malian State company (Sogemork) with exploration and mine construction supported by Russian financial and technical aid. The mine operated for a few years until it was put on care and maintenance on the break up of the Soviet Union in 1991.<\/i><\/p>\n<p>Auch wenn ich jetzt die wohlwollenden Leserinnen und geneigten Leser mit Details nerve: Ich habe den <a href=\"http:\/\/www.randgoldresources.com\/randgold\/content\/en\/randgold\/randgold-fact-sheet?oid=17862&#038;sn=Detail&#038;pid=27328\">Gesch\u00e4ftsbericht<\/a> 2012 von Randgold gelesen. Das ist ein Konzern, der in vielen Staaten Afrikas Minen unterh\u00e4lt. Der Staatshaushalt Malis (und die Minister) leben von den Steuern der Minen-Konzerne; wie das funktioniert, kann man bei <a href=\"http:\/\/www.avnelgold.com\/?page_id=151\"a>Avnelgold<\/a> nachsehen:<br \/>\n<i>Avnel is the holding company for Avnel Cayman and the subsidiaries thereof which own and operate the Kalana Gold Mine and Concession (&#8230;) Avnel Cayman, a wholly-owned subsidiary of Avnel, is itself a holding company whose principal asset is an 80% interest in <a href=\"http:\/\/www.avnelgold.com\/mining_ops\/history\/history.html\">SOMIKA<\/a>. Pursuant to an operatorship agreement, Avnel Cayman earns fees as the operator and manager of SOMIKA\u2019s mining and exploration activities.<\/i><\/p>\n<p>Noch in den fr\u00fchen neunziger Jahren geh\u00f6rten die Minen in Mali dem Staat. Dann griff die <a href=\"http:\/\/de.wikipedia.org\/wiki\/Weltbank\">Weltbank<\/a> ein, um dem schrankenlosen Kapitalismus und dem Freien Markt(TM) zum Durchbruch zu verhelfen. Alles wurde &#8222;privatisiert&#8220;: Das bedeutet das Gegenteil vom dem, was <a href=\"http:\/\/www.gesetze-im-internet.de\/gg\/art_15.html\">im deutschen Grundgesetz<\/a> unter &#8222;Vergesellschaftung der Produktionsmittel&#8220; formuliert ist.<\/p>\n<p>So. Jetzt wei\u00df das Publikum genug, um sich ein eigenes Bild zu machen und selbst zu entscheiden, welche Gr\u00fcnde die Franzosen und andere Imperialisten bewogen haben m\u00f6gen, in Mali milit\u00e4risch zu intervenieren. Wenn ihr das nicht rauskriegt, dann fragt doch die Anh\u00e4nger der Glaubensgemeinschaft Freier Markt(TM).<\/p>\n<p>[Update] Titel bei SpOn: &#8222;Deutschland will Frankreich in Mali helfen&#8220;.<\/p>\n<p>[II. Update] <a href=\"http:\/\/www.spiegel.de\/politik\/ausland\/mali-frankreich-kaempft-gegen-islamisten-und-um-bodenschaetze-a-877679.html\">Spon<\/a>: &#8222;Daneben verfolgt Paris aber auch wirtschaftliche Interessen.&#8220; Ach ja. Und wobei &#8222;hilft&#8220; Deutschland dann?<\/p>\n<p>[III. Update] <a href=\"http:\/\/www.heise.de\/tp\/artikel\/38\/38437\/1.html\">Telepolis<\/a>: &#8222;Frankreich sichert Uranminen in Niger mit Spezialeinheiten&#8220;<\/p>\n<div class=\"pdfprnt-buttons pdfprnt-buttons-post pdfprnt-bottom-right\"><a href=\"https:\/\/www.burks.de\/burksblog\/wp-json\/wp\/v2\/posts\/17185?print=pdf\" class=\"pdfprnt-button pdfprnt-button-pdf\" target=\"_blank\" ><img decoding=\"async\" src=\"https:\/\/www.burks.de\/burksblog\/wp-content\/plugins\/pdf-print\/images\/pdf.png\" alt=\"image_pdf\" title=\"PDF anzeigen\" \/><\/a><a href=\"https:\/\/www.burks.de\/burksblog\/wp-json\/wp\/v2\/posts\/17185?print=print\" class=\"pdfprnt-button pdfprnt-button-print\" target=\"_blank\" ><img decoding=\"async\" src=\"https:\/\/www.burks.de\/burksblog\/wp-content\/plugins\/pdf-print\/images\/print.png\" alt=\"image_print\" title=\"Inhalt drucken\" \/><\/a><\/div><div class=\"twoclick_social_bookmarks_post_17185 social_share_privacy clearfix 1.6.4 locale-de_DE sprite-de_DE\"><\/div><div class=\"twoclick-js\"><script type=\"text\/javascript\">\/* <![CDATA[ *\/\njQuery(document).ready(function($){if($('.twoclick_social_bookmarks_post_17185')){$('.twoclick_social_bookmarks_post_17185').socialSharePrivacy({\"services\":{\"facebook\":{\"status\":\"on\",\"txt_info\":\"2 Klicks f\\u00fcr mehr Datenschutz: Erst wenn Sie hier klicken, wird der Button aktiv und Sie k\\u00f6nnen Ihre Empfehlung an Facebook senden. Schon beim Aktivieren werden Daten an Dritte \\u00fcbertragen - siehe <em>i<\\\/em>.\",\"perma_option\":\"off\",\"action\":\"recommend\",\"language\":\"de_DE\"},\"twitter\":{\"reply_to\":\"\",\"tweet_text\":\"%20Mali%2C%20Medien%2C%20Biedermeier%20und%20der%20Neo-Imperialismus%20%5BUpdate%5D%5BII.%20Update%5D%20%5BIII.%20...\",\"status\":\"on\",\"txt_info\":\"2 Klicks f\\u00fcr mehr Datenschutz: Erst wenn Sie hier klicken, wird der Button aktiv und Sie k\\u00f6nnen Ihre Empfehlung an Twitter senden. Schon beim Aktivieren werden Daten an Dritte \\u00fcbertragen - siehe <em>i<\\\/em>.\",\"perma_option\":\"off\",\"language\":\"de\",\"referrer_track\":\"\"}},\"txt_help\":\"Wenn Sie diese Felder durch einen Klick aktivieren, werden Informationen an Facebook, Twitter, Flattr, Xing, t3n, LinkedIn, Pinterest oder Google eventuell ins Ausland \\u00fcbertragen und unter Umst\\u00e4nden auch dort gespeichert. N\\u00e4heres erfahren Sie durch einen Klick auf das <em>i<\\\/em>.\",\"settings_perma\":\"Dauerhaft aktivieren und Daten\\u00fcber-tragung zustimmen:\",\"info_link\":\"http:\\\/\\\/www.heise.de\\\/ct\\\/artikel\\\/2-Klicks-fuer-mehr-Datenschutz-1333879.html\",\"uri\":\"https:\\\/\\\/www.burks.de\\\/burksblog\\\/2013\\\/01\\\/12\\\/mali-medien-biedermeier-und-der-neo-imperialismus\",\"post_id\":17185,\"post_title_referrer_track\":\"Mali%2C+Medien%2C+Biedermeier+und+der+Neo-Imperialismus+%5BUpdate%5D%5BII.+Update%5D+%5BIII.+Update%5D\",\"display_infobox\":\"on\"});}});\n\/* ]]> *\/<\/script><\/div>","protected":false},"excerpt":{"rendered":"<p>Ein deutscher Journalist berichtet \u00fcber Mali. Ich glaube fest daran, dass wir in einer Epoche leben, die politisch und kulturell dem Biedermeier \u00e4hnelt, ein Zeitalter der Restauration, gut beschrieben mit den Etiketten &#8222;hausbacken&#8220; und konservativ. &#8222;Als typisch gilt die Flucht ins Idyll und ins Private.&#8220; Die Partei der Gr\u00fcnen ist der politische Arm des deutschen [&hellip;]<\/p>\n","protected":false},"author":1,"featured_media":0,"comment_status":"open","ping_status":"open","sticky":false,"template":"","format":"standard","meta":{"footnotes":""},"categories":[23,16],"tags":[],"class_list":["post-17185","post","type-post","status-publish","format-standard","hentry","category-media","category-panorama"],"_links":{"self":[{"href":"https:\/\/www.burks.de\/burksblog\/wp-json\/wp\/v2\/posts\/17185","targetHints":{"allow":["GET"]}}],"collection":[{"href":"https:\/\/www.burks.de\/burksblog\/wp-json\/wp\/v2\/posts"}],"about":[{"href":"https:\/\/www.burks.de\/burksblog\/wp-json\/wp\/v2\/types\/post"}],"author":[{"embeddable":true,"href":"https:\/\/www.burks.de\/burksblog\/wp-json\/wp\/v2\/users\/1"}],"replies":[{"embeddable":true,"href":"https:\/\/www.burks.de\/burksblog\/wp-json\/wp\/v2\/comments?post=17185"}],"version-history":[{"count":18,"href":"https:\/\/www.burks.de\/burksblog\/wp-json\/wp\/v2\/posts\/17185\/revisions"}],"predecessor-version":[{"id":17294,"href":"https:\/\/www.burks.de\/burksblog\/wp-json\/wp\/v2\/posts\/17185\/revisions\/17294"}],"wp:attachment":[{"href":"https:\/\/www.burks.de\/burksblog\/wp-json\/wp\/v2\/media?parent=17185"}],"wp:term":[{"taxonomy":"category","embeddable":true,"href":"https:\/\/www.burks.de\/burksblog\/wp-json\/wp\/v2\/categories?post=17185"},{"taxonomy":"post_tag","embeddable":true,"href":"https:\/\/www.burks.de\/burksblog\/wp-json\/wp\/v2\/tags?post=17185"}],"curies":[{"name":"wp","href":"https:\/\/api.w.org\/{rel}","templated":true}]}}