{"id":16873,"date":"2012-12-06T11:16:47","date_gmt":"2012-12-06T10:16:47","guid":{"rendered":"http:\/\/www.burks.de\/burksblog\/?p=16873"},"modified":"2012-12-06T15:37:02","modified_gmt":"2012-12-06T14:37:02","slug":"nazis-im-netz-2","status":"publish","type":"post","link":"https:\/\/www.burks.de\/burksblog\/2012\/12\/06\/nazis-im-netz-2","title":{"rendered":"Nazis im Netz"},"content":{"rendered":"<p>Ein Artikel von mir auf <a href=\"http:\/\/blog.zdf.de\/hyperland\/2012\/12\/nazis-im-netz\/\">Hyperland<\/a>, dem Blog des ZDF. <\/p>\n<p><i>Der Artikel wurde so stark gek\u00fcrzt, dass ich den wohlwollenden Leserinnen und geneigten Lesern diejenigen Stellen nicht vorenthalten will, die der <del>Zensur<\/del> Schere im Kopf der verantwortlichen Redakteure zum Opfer fielen. Da im Internet Platz genug ist, kann es an der L\u00e4nge ja nicht gelegen haben. Nach dem zweiten Absatz hatte ich geschrieben<\/i>:<\/p>\n<p>&#8222;Das stimmt heute auch noch. Die Textbausteine m\u00fcssten nur geringf\u00fcgig ge\u00e4ndert werden, nur dass es sich nicht mehr um die vorsintflutlichen Mailboxen des &#8218;Thule-Netzes&#8216; handelt, sondern um das Internet. Leider entpuppten sich sp\u00e4ter die ma\u00dfgeblichen Drahtzieher des ultrarechten Mailbox-Verbundes als Spitzel des Verfassungsschutzes wie etwas Kai D., Pseudonym &#8222;Undertaker&#8220;.  Man kann heute auch nicht sicher sein, ob Neonazi-Websites nicht in Wahrheit vom Inlands-Geheimdienst gesteuert werden. Gerade die <a href=\"http:\/\/www.mdr.de\/thueringen\/npd_thueringen100.html\">aktivsten ultrarechten Kader<\/a> waren oft auch V-Leute.<\/p>\n<p>Nazis sind also im Internet. Sie haben jetzt mehrere Optionen, wenn Sie dennoch weiterlesen wollen. Wenn Sie ein Jugendschutzwart sind oder ein Lobbyist der \u00dcberwachungslobby und meinen, Verbote seien geeignet, Rassismus und Antisemitismus offline und online w\u00fcrden abnehmen, wenn der Staat nur &#8218;hart durchgreife&#8216;, dann surfen Sie bitte nach jugendschutz.net.<\/p>\n<p>Wenn Sie meinen, Lichterketten h\u00fclfen gegen die braune Brut, also Aufkl\u00e4rung nutzte gegen Vorurteile, und die Jugend sei irgendwie gef\u00e4hrdeter als Erwachsene, dann haben Sie vermutlich im Geschichtsunterricht gefehlt, als der Nationalsozialismus dran war.<\/p>\n<p>Oder sie geh\u00f6ren zu den Gutmeinenden: Sie selbst seien im Netz weltanschaulich nicht gef\u00e4hrdet und d\u00fcrften auf Neonazi-Websites surfen und n\u00e4hmen keinen Schaden. Vor anderen sollten jedoch Nazi-Links verborgen werden, weil man nicht sicher sein k\u00f6nnte, ob der dauerhafte Anblick einschl\u00e4giger Propaganda nicht doch die Gesinnung nach rechts driften lie\u00dfe. &#8222;<a href=\"www.netz-gegen-nazis.de\/\">Netz-gegen-Nazis.de<\/a>&#8220; oder &#8222;<a href=\"http:\/\/www.endstation-rechts.de\/\">Endstation Rechts<\/a>&#8220; sind dann gute Adressen, nur werden Sie dort keine Links zu Neonazis finden.&#8220;<\/p>\n<p>Der Link zu dem von mir erw\u00e4hnten Youtube-Video \u00fcber die &#8222;<a href=\"http:\/\/www.youtube.com\/watch?v=wEEGreXilAM)\">Sturmtruppen<\/a>&#8220; ist auch <del>der freiwilligen Polit-Selbstkontrolle<\/del> dem Rotstift zum Opfer gefallen. Der letzte Absatz sah im Original-Manuskript so aus:<\/p>\n<p>&#8222;Dummerweise ist man sich in Deutschland auch gar nicht einig, was &#8218;rechts&#8216; bedeutet. Die Salonfaschisten der &#8222;<a href=\"http:\/\/www.jungefreiheit.de\/\">Jungen Freiheit<\/a>&#8222;, <a href=\"http:\/\/de.wikipedia.org\/wiki\/CDU\/CSU-Unterschriftenaktion_gegen_die_Reform_des_deutschen_Staatsb%C3%BCrgerschaftsrechts\">v\u00f6lkische Apologeten<\/a> der Volksparteien oder nur neofaschistische Politsektierer wie <a href=\"http:\/\/www.worch.info\/\">Christian Worch<\/a>? Nazis im Internet, so kann man ketzerisch vermuten, sind vielleicht gar kein Problem, sondern, wie auch offline, nur ein Symptom, wie es in der Mitte der Gesellschaft aussieht.&#8220;<\/p>\n<p>Man kann also sehr sch\u00f6n und p\u00e4dagogisch wertvoll sehen, was geschrieben bzw. verlinkt werden darf und was nicht. Alle Links, die direkt zu Neonazi-Websites f\u00fchrten (die das Thema des Artikels waren), sind verschwunden. <\/p>\n<p>Ich hatte meinen Artikel noch einen Hinweis an die \u00f6ffentlich-rechtliche Anstalt beigef\u00fcgt:<\/p>\n<p>&#8222;An die Glaubensgemeinschaft German Internet Angst (Vgl. <a href=\"http:\/\/dejure.org\/gesetze\/StGB\/86.html\">dejure.org\/gesetze\/StGB\/86.html<\/a>):<br \/>\n<i>Absatz 3: (3) Absatz 1 gilt nicht, wenn das Propagandamittel oder die Handlung der staatsb\u00fcrgerlichen Aufkl\u00e4rung, der Abwehr verfassungswidriger Bestrebungen, der Kunst oder der Wissenschaft, der Forschung oder der Lehre, der Berichterstattung \u00fcber Vorg\u00e4nge des Zeitgeschehens oder der Geschichte oder \u00e4hnlichen Zwecken dient. (vgl. <a href=\"www.burks.de\/kafka.html\">http:\/\/www.burks.de\/kafka.html<\/a>)<\/i><\/p>\n<p>Wenn das ZDF jedoch nicht der staatsb\u00fcrgerlichen Aufkl\u00e4rung dient und keine Links setzt, muss ich das dann auf meinem Blog nachholen.<\/p>\n<p>Wenn das ZDF der irrigen Medientheorie huldigt, der Anblick von Neonazi-Propaganda mache zum Neonazi und man d\u00fcrfe deshalb keine Links setzen, dann widerspr\u00e4che das grob den zentralen inhaltlichen Aussagen meines Textes.&#8220;<\/p>\n<p>Quod erat demonstrandum.<\/p>\n<div class=\"pdfprnt-buttons pdfprnt-buttons-post pdfprnt-bottom-right\"><a href=\"https:\/\/www.burks.de\/burksblog\/wp-json\/wp\/v2\/posts\/16873?print=pdf\" class=\"pdfprnt-button pdfprnt-button-pdf\" target=\"_blank\" ><img decoding=\"async\" src=\"https:\/\/www.burks.de\/burksblog\/wp-content\/plugins\/pdf-print\/images\/pdf.png\" alt=\"image_pdf\" title=\"PDF anzeigen\" \/><\/a><a href=\"https:\/\/www.burks.de\/burksblog\/wp-json\/wp\/v2\/posts\/16873?print=print\" class=\"pdfprnt-button pdfprnt-button-print\" target=\"_blank\" ><img decoding=\"async\" src=\"https:\/\/www.burks.de\/burksblog\/wp-content\/plugins\/pdf-print\/images\/print.png\" alt=\"image_print\" title=\"Inhalt drucken\" \/><\/a><\/div><div class=\"twoclick_social_bookmarks_post_16873 social_share_privacy clearfix 1.6.4 locale-de_DE sprite-de_DE\"><\/div><div class=\"twoclick-js\"><script type=\"text\/javascript\">\/* <![CDATA[ *\/\njQuery(document).ready(function($){if($('.twoclick_social_bookmarks_post_16873')){$('.twoclick_social_bookmarks_post_16873').socialSharePrivacy({\"services\":{\"facebook\":{\"status\":\"on\",\"txt_info\":\"2 Klicks f\\u00fcr mehr Datenschutz: Erst wenn Sie hier klicken, wird der Button aktiv und Sie k\\u00f6nnen Ihre Empfehlung an Facebook senden. Schon beim Aktivieren werden Daten an Dritte \\u00fcbertragen - siehe <em>i<\\\/em>.\",\"perma_option\":\"off\",\"action\":\"recommend\",\"language\":\"de_DE\"},\"twitter\":{\"reply_to\":\"\",\"tweet_text\":\"Nazis%20im%20Netz%20%C2%BB%20Burks%27%20Blog%20-%20in%20dubio%20pro%20contra.%20De%20omnibus%20dubitandum.\",\"status\":\"on\",\"txt_info\":\"2 Klicks f\\u00fcr mehr Datenschutz: Erst wenn Sie hier klicken, wird der Button aktiv und Sie k\\u00f6nnen Ihre Empfehlung an Twitter senden. Schon beim Aktivieren werden Daten an Dritte \\u00fcbertragen - siehe <em>i<\\\/em>.\",\"perma_option\":\"off\",\"language\":\"de\",\"referrer_track\":\"\"}},\"txt_help\":\"Wenn Sie diese Felder durch einen Klick aktivieren, werden Informationen an Facebook, Twitter, Flattr, Xing, t3n, LinkedIn, Pinterest oder Google eventuell ins Ausland \\u00fcbertragen und unter Umst\\u00e4nden auch dort gespeichert. N\\u00e4heres erfahren Sie durch einen Klick auf das <em>i<\\\/em>.\",\"settings_perma\":\"Dauerhaft aktivieren und Daten\\u00fcber-tragung zustimmen:\",\"info_link\":\"http:\\\/\\\/www.heise.de\\\/ct\\\/artikel\\\/2-Klicks-fuer-mehr-Datenschutz-1333879.html\",\"uri\":\"https:\\\/\\\/www.burks.de\\\/burksblog\\\/2012\\\/12\\\/06\\\/nazis-im-netz-2\",\"post_id\":16873,\"post_title_referrer_track\":\"Nazis+im+Netz\",\"display_infobox\":\"on\"});}});\n\/* ]]> *\/<\/script><\/div>","protected":false},"excerpt":{"rendered":"<p>Ein Artikel von mir auf Hyperland, dem Blog des ZDF. Der Artikel wurde so stark gek\u00fcrzt, dass ich den wohlwollenden Leserinnen und geneigten Lesern diejenigen Stellen nicht vorenthalten will, die der Zensur Schere im Kopf der verantwortlichen Redakteure zum Opfer fielen. Da im Internet Platz genug ist, kann es an der L\u00e4nge ja nicht gelegen [&hellip;]<\/p>\n","protected":false},"author":1,"featured_media":0,"comment_status":"open","ping_status":"open","sticky":false,"template":"","format":"standard","meta":{"footnotes":""},"categories":[200,15],"tags":[],"class_list":["post-16873","post","type-post","status-publish","format-standard","hentry","category-meine-artikel","category-politics"],"_links":{"self":[{"href":"https:\/\/www.burks.de\/burksblog\/wp-json\/wp\/v2\/posts\/16873","targetHints":{"allow":["GET"]}}],"collection":[{"href":"https:\/\/www.burks.de\/burksblog\/wp-json\/wp\/v2\/posts"}],"about":[{"href":"https:\/\/www.burks.de\/burksblog\/wp-json\/wp\/v2\/types\/post"}],"author":[{"embeddable":true,"href":"https:\/\/www.burks.de\/burksblog\/wp-json\/wp\/v2\/users\/1"}],"replies":[{"embeddable":true,"href":"https:\/\/www.burks.de\/burksblog\/wp-json\/wp\/v2\/comments?post=16873"}],"version-history":[{"count":12,"href":"https:\/\/www.burks.de\/burksblog\/wp-json\/wp\/v2\/posts\/16873\/revisions"}],"predecessor-version":[{"id":16885,"href":"https:\/\/www.burks.de\/burksblog\/wp-json\/wp\/v2\/posts\/16873\/revisions\/16885"}],"wp:attachment":[{"href":"https:\/\/www.burks.de\/burksblog\/wp-json\/wp\/v2\/media?parent=16873"}],"wp:term":[{"taxonomy":"category","embeddable":true,"href":"https:\/\/www.burks.de\/burksblog\/wp-json\/wp\/v2\/categories?post=16873"},{"taxonomy":"post_tag","embeddable":true,"href":"https:\/\/www.burks.de\/burksblog\/wp-json\/wp\/v2\/tags?post=16873"}],"curies":[{"name":"wp","href":"https:\/\/api.w.org\/{rel}","templated":true}]}}