{"id":168,"date":"2008-01-24T12:56:09","date_gmt":"2008-01-24T11:56:09","guid":{"rendered":"http:\/\/www.burks.de\/burksblog\/2008\/01\/24\/fusion-vorerst-geplatzt\/"},"modified":"2008-01-24T12:57:43","modified_gmt":"2008-01-24T11:57:43","slug":"fusion-vorerst-geplatzt","status":"publish","type":"post","link":"https:\/\/www.burks.de\/burksblog\/2008\/01\/24\/fusion-vorerst-geplatzt","title":{"rendered":"Fusion vorerst geplatzt"},"content":{"rendered":"<p align=left><a href=\"http:\/\/www.burks.de\/recherchegruppe\/blog\/?p=255\">Recherchegruppe.tk<\/a> (24.01.2008): Fusion vorerst geplatzt<\/p>\n<p align=left>Die Fusion zwischen dem <a href=\"http:\/\/www.berliner-journalisten.de\"><strong>Verein Berliner Journalisten<\/strong><\/a> (VBJ) und dem <a href=\"http:\/\/www.brandenburger-journalisten-verband.de\/\"><strong>Brandenburger Journalisten-Verband<\/strong><\/a> (BJV) ist vorerst gescheitert. Beide Vereine hatten vorschnell <a href=\"http:\/\/www.berliner-journalisten.de\/Einzelmeldung.1123.0.html?&#038;no_cache=1&#038;tx_ttnews[tt_news]=1188&#038;tx_ttnews[backPid]=1118&#038;cHash=adc459a087\">angek\u00fcndigt<\/a>, eine gemeinsame Gesch\u00e4ftstelle zu beziehen. Wie aus gew\u00f6hnlich gut unterrichteten Kreisen verlautet, scheitert die Fusion aus mehreren Gr\u00fcnden:<\/p>\n<p align=left>1) Das gew\u00e4hlte Namensk\u00fcrzel ist markenrechtlich gesch\u00fctzt, der fusionierte Verband kann beim Registergericht somit nicht eingetragen werden. <\/p>\n<p align=left>2) Das Amtgericht Postdam weigert sich, den <a href=\"http:\/\/www.berliner-journalisten.de\/Fusion_Berlin_Brandenburg.1891.0.html#3117\">Verschmelzungsvertrag<\/a> zu akzeptieren: Der <strong>BJV<\/strong> ist unstrittig insolvent und w\u00fcrde sich bei einer Fusion aufl\u00f6sen &#8211; damit gingen aber seine Gl\u00e4ubiger leer aus.<\/p>\n<p align=left>3) Der einzige Gl\u00e4ubiger des <strong>BJV<\/strong> ist der Bundesverband. Bis jetzt liegt aber noch kein Beschluss des <strong>DJV<\/strong> vor, seinem Landesverband die Schulden zu erlassen. Das funktionierte ohnehin nur als Schenkung (es w\u00e4re Schenkungssteuer f\u00e4llig) oder die Summe m\u00fcsste abgeschrieben werden, das hei\u00dft als Minus in der Bilanz auftauchen. [Vgl. <a href=\"http:\/\/www.burks.de\/forum\/phpBB2\/viewtopic.php?t=6448\">spiggel.de<\/a> (20.09.2007): &#8222;Was sind schon 750 000 Euro?!&#8220;]<\/p>\n<p align=left>4) W\u00fcrden einem Landesverband des DJV die Schulden erlassen, k\u00f6nnten das auch andere fordern: Der ebenfalls insolvente <a href=\"http:\/\/www.djv-berlin.de\/\"><strong>DJV Berlin<\/strong><\/a> schuldet dem Bundesverband rund 200.000 Euro; der <strong>VBJ<\/strong> steht mit rund 300.000 Euro in der Kreide; der <a href=\"http:\/\/www.djv-brandenburg.de\/\"><strong>DJV Brandenburg<\/strong><\/a> will seine Schulden beim Bundesverband &#8211; ebenfalls ein sechsstelliger Betrag &#8211; mit der ihm zustehenden &#8222;Strukturhilfe&#8220; verrechnen.<\/p>\n<p align=left>5) M\u00fcsste der Bundesverband alle Verbindlichkeiten seiner Landesverb\u00e4nde als Minus verbuchen, drohte ihm ebenfalls die Insolvenz.<\/p>\n<p align=left>Bis jetzt ist noch kein Plan bekannt, wie der <strong>DJV<\/strong> aus diesem Dilemma herauskommen k\u00f6nnte.<\/p>\n<div class=\"pdfprnt-buttons pdfprnt-buttons-post pdfprnt-bottom-right\"><a href=\"https:\/\/www.burks.de\/burksblog\/wp-json\/wp\/v2\/posts\/168?print=pdf\" class=\"pdfprnt-button pdfprnt-button-pdf\" target=\"_blank\" ><img decoding=\"async\" src=\"https:\/\/www.burks.de\/burksblog\/wp-content\/plugins\/pdf-print\/images\/pdf.png\" alt=\"image_pdf\" title=\"PDF anzeigen\" \/><\/a><a href=\"https:\/\/www.burks.de\/burksblog\/wp-json\/wp\/v2\/posts\/168?print=print\" class=\"pdfprnt-button pdfprnt-button-print\" target=\"_blank\" ><img decoding=\"async\" src=\"https:\/\/www.burks.de\/burksblog\/wp-content\/plugins\/pdf-print\/images\/print.png\" alt=\"image_print\" title=\"Inhalt drucken\" \/><\/a><\/div><div class=\"twoclick_social_bookmarks_post_168 social_share_privacy clearfix 1.6.4 locale-de_DE sprite-de_DE\"><\/div><div class=\"twoclick-js\"><script type=\"text\/javascript\">\/* <![CDATA[ *\/\njQuery(document).ready(function($){if($('.twoclick_social_bookmarks_post_168')){$('.twoclick_social_bookmarks_post_168').socialSharePrivacy({\"services\":{\"facebook\":{\"status\":\"on\",\"txt_info\":\"2 Klicks f\\u00fcr mehr Datenschutz: Erst wenn Sie hier klicken, wird der Button aktiv und Sie k\\u00f6nnen Ihre Empfehlung an Facebook senden. Schon beim Aktivieren werden Daten an Dritte \\u00fcbertragen - siehe <em>i<\\\/em>.\",\"perma_option\":\"off\",\"action\":\"recommend\",\"language\":\"de_DE\"},\"twitter\":{\"reply_to\":\"\",\"tweet_text\":\"%20Fusion%20vorerst%20geplatzt%20%C2%BB%20Burks%27%20Blog%20-%20in%20dubio%20pro%20contra.%20De%20omnibus%20...\",\"status\":\"on\",\"txt_info\":\"2 Klicks f\\u00fcr mehr Datenschutz: Erst wenn Sie hier klicken, wird der Button aktiv und Sie k\\u00f6nnen Ihre Empfehlung an Twitter senden. Schon beim Aktivieren werden Daten an Dritte \\u00fcbertragen - siehe <em>i<\\\/em>.\",\"perma_option\":\"off\",\"language\":\"de\",\"referrer_track\":\"\"}},\"txt_help\":\"Wenn Sie diese Felder durch einen Klick aktivieren, werden Informationen an Facebook, Twitter, Flattr, Xing, t3n, LinkedIn, Pinterest oder Google eventuell ins Ausland \\u00fcbertragen und unter Umst\\u00e4nden auch dort gespeichert. N\\u00e4heres erfahren Sie durch einen Klick auf das <em>i<\\\/em>.\",\"settings_perma\":\"Dauerhaft aktivieren und Daten\\u00fcber-tragung zustimmen:\",\"info_link\":\"http:\\\/\\\/www.heise.de\\\/ct\\\/artikel\\\/2-Klicks-fuer-mehr-Datenschutz-1333879.html\",\"uri\":\"https:\\\/\\\/www.burks.de\\\/burksblog\\\/2008\\\/01\\\/24\\\/fusion-vorerst-geplatzt\",\"post_id\":168,\"post_title_referrer_track\":\"Fusion+vorerst+geplatzt\",\"display_infobox\":\"on\"});}});\n\/* ]]> *\/<\/script><\/div>","protected":false},"excerpt":{"rendered":"<p>Recherchegruppe.tk (24.01.2008): Fusion vorerst geplatzt Die Fusion zwischen dem Verein Berliner Journalisten (VBJ) und dem Brandenburger Journalisten-Verband (BJV) ist vorerst gescheitert. Beide Vereine hatten vorschnell angek\u00fcndigt, eine gemeinsame Gesch\u00e4ftstelle zu beziehen. Wie aus gew\u00f6hnlich gut unterrichteten Kreisen verlautet, scheitert die Fusion aus mehreren Gr\u00fcnden: 1) Das gew\u00e4hlte Namensk\u00fcrzel ist markenrechtlich gesch\u00fctzt, der fusionierte Verband kann [&hellip;]<\/p>\n","protected":false},"author":1,"featured_media":0,"comment_status":"open","ping_status":"open","sticky":false,"template":"","format":"standard","meta":{"footnotes":""},"categories":[19],"tags":[290,291,229,286,287,288,289],"class_list":["post-168","post","type-post","status-publish","format-standard","hentry","category-vereinsmeierei","tag-bjv","tag-brandenburger-journalisten-verband","tag-djv","tag-djv-berlin","tag-djv-brandenburg","tag-vbj","tag-verein-berliner-journalisten"],"_links":{"self":[{"href":"https:\/\/www.burks.de\/burksblog\/wp-json\/wp\/v2\/posts\/168","targetHints":{"allow":["GET"]}}],"collection":[{"href":"https:\/\/www.burks.de\/burksblog\/wp-json\/wp\/v2\/posts"}],"about":[{"href":"https:\/\/www.burks.de\/burksblog\/wp-json\/wp\/v2\/types\/post"}],"author":[{"embeddable":true,"href":"https:\/\/www.burks.de\/burksblog\/wp-json\/wp\/v2\/users\/1"}],"replies":[{"embeddable":true,"href":"https:\/\/www.burks.de\/burksblog\/wp-json\/wp\/v2\/comments?post=168"}],"version-history":[{"count":0,"href":"https:\/\/www.burks.de\/burksblog\/wp-json\/wp\/v2\/posts\/168\/revisions"}],"wp:attachment":[{"href":"https:\/\/www.burks.de\/burksblog\/wp-json\/wp\/v2\/media?parent=168"}],"wp:term":[{"taxonomy":"category","embeddable":true,"href":"https:\/\/www.burks.de\/burksblog\/wp-json\/wp\/v2\/categories?post=168"},{"taxonomy":"post_tag","embeddable":true,"href":"https:\/\/www.burks.de\/burksblog\/wp-json\/wp\/v2\/tags?post=168"}],"curies":[{"name":"wp","href":"https:\/\/api.w.org\/{rel}","templated":true}]}}